{"id":52877,"date":"2014-11-03T09:19:13","date_gmt":"2014-11-03T12:19:13","guid":{"rendered":"http:\/\/www.eltrabajo.cl\/portal\/?p=52877"},"modified":"2014-11-03T09:19:13","modified_gmt":"2014-11-03T12:19:13","slug":"evangelicos-le-ganaron-a-halloween-este-ano-en-las-calles","status":"publish","type":"post","link":"https:\/\/eltrabajo.cl\/portal\/evangelicos-le-ganaron-a-halloween-este-ano-en-las-calles\/","title":{"rendered":"Evang\u00e9licos le ganaron a Halloween este a\u00f1o en las calles"},"content":{"rendered":"<figure id=\"attachment_52878\" aria-describedby=\"caption-attachment-52878\" style=\"width: 529px\" class=\"wp-caption alignnone\"><a href=\"https:\/\/i0.wp.com\/www.eltrabajo.cl\/portal\/wp-content\/uploads\/2014\/11\/Oracion1.jpg\"><img data-recalc-dims=\"1\" loading=\"lazy\" decoding=\"async\" class=\"size-full wp-image-52878\" src=\"https:\/\/i0.wp.com\/www.eltrabajo.cl\/portal\/wp-content\/uploads\/2014\/11\/Oracion1.jpg?resize=529%2C303\" alt=\"DOBLANDO RODILLAS.- Fuego espiritual, usando el lenguaje propio de los evang\u00e9licos que se dieron cita en nuestra Plaza de Armas, es lo que descendi\u00f3 sobre los presentes durante el fin de semana.\" width=\"529\" height=\"303\" srcset=\"https:\/\/i0.wp.com\/eltrabajo.cl\/portal\/wp-content\/uploads\/2014\/11\/Oracion1.jpg?w=529&amp;ssl=1 529w, https:\/\/i0.wp.com\/eltrabajo.cl\/portal\/wp-content\/uploads\/2014\/11\/Oracion1.jpg?resize=200%2C114&amp;ssl=1 200w, https:\/\/i0.wp.com\/eltrabajo.cl\/portal\/wp-content\/uploads\/2014\/11\/Oracion1.jpg?resize=300%2C171&amp;ssl=1 300w, https:\/\/i0.wp.com\/eltrabajo.cl\/portal\/wp-content\/uploads\/2014\/11\/Oracion1.jpg?resize=150%2C85&amp;ssl=1 150w, https:\/\/i0.wp.com\/eltrabajo.cl\/portal\/wp-content\/uploads\/2014\/11\/Oracion1.jpg?resize=400%2C229&amp;ssl=1 400w\" sizes=\"auto, (max-width: 529px) 100vw, 529px\" \/><\/a><figcaption id=\"caption-attachment-52878\" class=\"wp-caption-text\">DOBLANDO RODILLAS.- Fuego espiritual, usando el lenguaje propio de los evang\u00e9licos que se dieron cita en nuestra Plaza de Armas, es lo que descendi\u00f3 sobre los presentes durante el fin de semana.<\/figcaption><\/figure>\n<p>Fuego espiritual, usando el lenguaje propio de los evang\u00e9licos que se dieron cita en nuestra Plaza de Armas, es lo que descendi\u00f3 sobre los presentes durante el fin de semana, en una actividad organizada por las 15 iglesias evang\u00e9licas de San Felipe y que dio al traste con las actividades del D\u00eda de Halloween que com\u00fanmente se realizan los 31 de octubre de cada a\u00f1o a nivel mundial.<br \/>\nLa jornada de culto y oraci\u00f3n comenz\u00f3 a las 10:00 horas del viernes con una muestra art\u00edstico-cultural en la terraza de la Plaza de Armas, en donde se presentaron cuatro grupos musicales. Adem\u00e1s se realiz\u00f3 una actividad l\u00fadica destinada a los ni\u00f1os, donde se enfatiz\u00f3 el amor de Dios por sobre todas las cosas.<\/p>\n<p><strong>GRAN CARAVANA<\/strong><br \/>\nA las 16:00 horas se juntaron en Calle Michimalongo para iniciar a las 17:00 horas una caravana de autom\u00f3viles cuyo recorrido comenz\u00f3 por las alamedas O\u2019Higgins, Maip\u00fa, Chacabuco y Yungay, cuyo prop\u00f3sito era rodear las cuatro alamedas formando un \u2018caracol humano\u2019, mismo que culmin\u00f3 en Calle Salinas.<br \/>\nLuego de dejar los autom\u00f3viles estacionados, los participantes cercaron la pileta de la Plaza de Armas, para orar por nuestra ciudad, pidiendo a Dios bendici\u00f3n y prosperidad.<br \/>\nLuego a las 20:30 horas se dio inicio a un culto de alabanza en la Plaza C\u00edvica, en donde el Pastor Presidente del Consejo de pastores Harry Bailey Castillo predic\u00f3 con gran energ\u00eda la Palabra de Dios.<br \/>\n\u00abQuisi\u00e9ramos agradecer la disposici\u00f3n de Carabineros por resguardar en forma \u00f3ptima las diferentes actividades que realizamos en esta jornada, a los funcionarios municipales por las diferentes gestiones realizadas ante la petici\u00f3n de quienes organizamos esta actividad\u00bb, coment\u00f3 Cecilia Sotomayor, una de las organizadoras a Diario El Trabajo.<\/p>\n<div class=\"tiled-gallery type-rectangular tiled-gallery-unresized\" data-original-width=\"640\" data-carousel-extra='null' itemscope itemtype=\"http:\/\/schema.org\/ImageGallery\" > <div class=\"gallery-row\" style=\"width: 640px; height: 207px;\" data-original-width=\"640\" data-original-height=\"207\" > <div class=\"gallery-group images-1\" style=\"width: 304px; height: 207px;\" data-original-width=\"304\" data-original-height=\"207\" > <div class=\"tiled-gallery-item tiled-gallery-item-large\" itemprop=\"associatedMedia\" itemscope itemtype=\"http:\/\/schema.org\/ImageObject\"> <a href=\"https:\/\/eltrabajo.cl\/portal\/evangelicos-le-ganaron-a-halloween-este-ano-en-las-calles\/fe1-2\/\" border=\"0\" itemprop=\"url\"> <meta itemprop=\"width\" content=\"300\"> <meta itemprop=\"height\" content=\"203\"> <img decoding=\"async\" class=\"\" data-attachment-id=\"52880\" data-orig-file=\"https:\/\/eltrabajo.cl\/portal\/wp-content\/uploads\/2014\/11\/Fe1.jpg\" data-orig-size=\"529,358\" data-comments-opened=\"1\" data-image-meta=\"{&quot;aperture&quot;:&quot;0&quot;,&quot;credit&quot;:&quot;&quot;,&quot;camera&quot;:&quot;&quot;,&quot;caption&quot;:&quot;&quot;,&quot;created_timestamp&quot;:&quot;0&quot;,&quot;copyright&quot;:&quot;&quot;,&quot;focal_length&quot;:&quot;0&quot;,&quot;iso&quot;:&quot;0&quot;,&quot;shutter_speed&quot;:&quot;0&quot;,&quot;title&quot;:&quot;&quot;,&quot;orientation&quot;:&quot;0&quot;}\" data-image-title=\"Fe1\" data-image-description=\"&lt;p&gt;EN SU NOMBRE.- La actividad fue organizada por las 15 iglesias evang\u00e9licas de San Felipe y que dio al traste con las actividades del D\u00eda de Halloween que com\u00fanmente se realizan los 31 de octubre de cada a\u00f1o a nivel mundial.&lt;\/p&gt; \" data-medium-file=\"https:\/\/i0.wp.com\/eltrabajo.cl\/portal\/wp-content\/uploads\/2014\/11\/Fe1.jpg?fit=300%2C203&#038;ssl=1\" data-large-file=\"https:\/\/i0.wp.com\/eltrabajo.cl\/portal\/wp-content\/uploads\/2014\/11\/Fe1.jpg?fit=529%2C358&#038;ssl=1\" src=\"https:\/\/i0.wp.com\/eltrabajo.cl\/portal\/wp-content\/uploads\/2014\/11\/Fe1.jpg?w=300&#038;h=203&#038;ssl=1\" srcset=\"https:\/\/i0.wp.com\/eltrabajo.cl\/portal\/wp-content\/uploads\/2014\/11\/Fe1.jpg?w=529&amp;ssl=1 529w, https:\/\/i0.wp.com\/eltrabajo.cl\/portal\/wp-content\/uploads\/2014\/11\/Fe1.jpg?resize=200%2C135&amp;ssl=1 200w, https:\/\/i0.wp.com\/eltrabajo.cl\/portal\/wp-content\/uploads\/2014\/11\/Fe1.jpg?resize=300%2C203&amp;ssl=1 300w, https:\/\/i0.wp.com\/eltrabajo.cl\/portal\/wp-content\/uploads\/2014\/11\/Fe1.jpg?resize=150%2C101&amp;ssl=1 150w, https:\/\/i0.wp.com\/eltrabajo.cl\/portal\/wp-content\/uploads\/2014\/11\/Fe1.jpg?resize=400%2C270&amp;ssl=1 400w\" width=\"300\" height=\"203\" loading=\"lazy\" data-original-width=\"300\" data-original-height=\"203\" itemprop=\"http:\/\/schema.org\/image\" title=\"Fe1\" alt=\"EN SU NOMBRE.- La actividad fue organizada por las 15 iglesias evang\u00e9licas de San Felipe y que dio al traste con las actividades del D\u00eda de Halloween que com\u00fanmente se realizan los 31 de octubre de cada a\u00f1o a nivel mundial.\" style=\"width: 300px; height: 203px;\" \/> <\/a> <div class=\"tiled-gallery-caption\" itemprop=\"caption description\"> EN SU NOMBRE.- La actividad fue organizada por las 15 iglesias evang\u00e9licas de San Felipe y que dio al traste con las actividades del D\u00eda de Halloween que com\u00fanmente se realizan los 31 de octubre de cada a\u00f1o a nivel mundial. <\/div> <\/div> <\/div> <!-- close group --> <div class=\"gallery-group images-1\" style=\"width: 336px; height: 207px;\" data-original-width=\"336\" data-original-height=\"207\" > <div class=\"tiled-gallery-item tiled-gallery-item-large\" itemprop=\"associatedMedia\" itemscope itemtype=\"http:\/\/schema.org\/ImageObject\"> <a href=\"https:\/\/eltrabajo.cl\/portal\/evangelicos-le-ganaron-a-halloween-este-ano-en-las-calles\/caravana1-2\/\" border=\"0\" itemprop=\"url\"> <meta itemprop=\"width\" content=\"332\"> <meta itemprop=\"height\" content=\"203\"> <img decoding=\"async\" class=\"\" data-attachment-id=\"52879\" data-orig-file=\"https:\/\/eltrabajo.cl\/portal\/wp-content\/uploads\/2014\/11\/Caravana1.jpg\" data-orig-size=\"529,324\" data-comments-opened=\"1\" data-image-meta=\"{&quot;aperture&quot;:&quot;0&quot;,&quot;credit&quot;:&quot;&quot;,&quot;camera&quot;:&quot;&quot;,&quot;caption&quot;:&quot;&quot;,&quot;created_timestamp&quot;:&quot;0&quot;,&quot;copyright&quot;:&quot;&quot;,&quot;focal_length&quot;:&quot;0&quot;,&quot;iso&quot;:&quot;0&quot;,&quot;shutter_speed&quot;:&quot;0&quot;,&quot;title&quot;:&quot;&quot;,&quot;orientation&quot;:&quot;0&quot;}\" data-image-title=\"Caravana1\" data-image-description=\"&lt;p&gt;MULTITUDINARIA.- A las 16:00 horas se juntaron en Calle Michimalongo para iniciar a las 17:00 horas una caravana de autom\u00f3viles cuyo recorrido comenz\u00f3 por las alamedas O\u2019Higgins, Maip\u00fa, Chacabuco y Yungay.&lt;\/p&gt; \" data-medium-file=\"https:\/\/i0.wp.com\/eltrabajo.cl\/portal\/wp-content\/uploads\/2014\/11\/Caravana1.jpg?fit=300%2C183&#038;ssl=1\" data-large-file=\"https:\/\/i0.wp.com\/eltrabajo.cl\/portal\/wp-content\/uploads\/2014\/11\/Caravana1.jpg?fit=529%2C324&#038;ssl=1\" src=\"https:\/\/i0.wp.com\/eltrabajo.cl\/portal\/wp-content\/uploads\/2014\/11\/Caravana1.jpg?w=332&#038;h=203&#038;ssl=1\" srcset=\"https:\/\/i0.wp.com\/eltrabajo.cl\/portal\/wp-content\/uploads\/2014\/11\/Caravana1.jpg?w=529&amp;ssl=1 529w, https:\/\/i0.wp.com\/eltrabajo.cl\/portal\/wp-content\/uploads\/2014\/11\/Caravana1.jpg?resize=200%2C122&amp;ssl=1 200w, https:\/\/i0.wp.com\/eltrabajo.cl\/portal\/wp-content\/uploads\/2014\/11\/Caravana1.jpg?resize=300%2C183&amp;ssl=1 300w, https:\/\/i0.wp.com\/eltrabajo.cl\/portal\/wp-content\/uploads\/2014\/11\/Caravana1.jpg?resize=150%2C91&amp;ssl=1 150w, https:\/\/i0.wp.com\/eltrabajo.cl\/portal\/wp-content\/uploads\/2014\/11\/Caravana1.jpg?resize=400%2C244&amp;ssl=1 400w\" width=\"332\" height=\"203\" loading=\"lazy\" data-original-width=\"332\" data-original-height=\"203\" itemprop=\"http:\/\/schema.org\/image\" title=\"Caravana1\" alt=\"MULTITUDINARIA.- A las 16:00 horas se juntaron en Calle Michimalongo para iniciar a las 17:00 horas una caravana de autom\u00f3viles cuyo recorrido comenz\u00f3 por las alamedas O\u2019Higgins, Maip\u00fa, Chacabuco y Yungay.\" style=\"width: 332px; height: 203px;\" \/> <\/a> <div class=\"tiled-gallery-caption\" itemprop=\"caption description\"> MULTITUDINARIA.- A las 16:00 horas se juntaron en Calle Michimalongo para iniciar a las 17:00 horas una caravana de autom\u00f3viles cuyo recorrido comenz\u00f3 por las alamedas O\u2019Higgins, Maip\u00fa, Chacabuco y Yungay. <\/div> <\/div> <\/div> <!-- close group --> <\/div> <!-- close row --> <\/div>\n","protected":false},"excerpt":{"rendered":"<p>Fuego espiritual, usando el lenguaje propio de los evang\u00e9licos que se dieron cita en nuestra Plaza de Armas, es lo que descendi\u00f3 sobre los presentes durante el fin de semana, en una&#8230;<\/p>\n","protected":false},"author":482,"featured_media":52878,"comment_status":"open","ping_status":"closed","sticky":false,"template":"","format":"standard","meta":{"advanced_seo_description":"","jetpack_seo_html_title":"","jetpack_seo_noindex":false,"_jetpack_memberships_contains_paid_content":false,"footnotes":""},"categories":[15],"tags":[],"class_list":["post-52877","post","type-post","status-publish","format-standard","has-post-thumbnail","hentry","category-comunidad"],"jetpack_featured_media_url":"https:\/\/i0.wp.com\/eltrabajo.cl\/portal\/wp-content\/uploads\/2014\/11\/Oracion1.jpg?fit=529%2C303&ssl=1","jetpack_sharing_enabled":true,"jetpack_likes_enabled":true,"jetpack-related-posts":[],"_links":{"self":[{"href":"https:\/\/eltrabajo.cl\/portal\/wp-json\/wp\/v2\/posts\/52877","targetHints":{"allow":["GET"]}}],"collection":[{"href":"https:\/\/eltrabajo.cl\/portal\/wp-json\/wp\/v2\/posts"}],"about":[{"href":"https:\/\/eltrabajo.cl\/portal\/wp-json\/wp\/v2\/types\/post"}],"author":[{"embeddable":true,"href":"https:\/\/eltrabajo.cl\/portal\/wp-json\/wp\/v2\/users\/482"}],"replies":[{"embeddable":true,"href":"https:\/\/eltrabajo.cl\/portal\/wp-json\/wp\/v2\/comments?post=52877"}],"version-history":[{"count":0,"href":"https:\/\/eltrabajo.cl\/portal\/wp-json\/wp\/v2\/posts\/52877\/revisions"}],"wp:featuredmedia":[{"embeddable":true,"href":"https:\/\/eltrabajo.cl\/portal\/wp-json\/wp\/v2\/media\/52878"}],"wp:attachment":[{"href":"https:\/\/eltrabajo.cl\/portal\/wp-json\/wp\/v2\/media?parent=52877"}],"wp:term":[{"taxonomy":"category","embeddable":true,"href":"https:\/\/eltrabajo.cl\/portal\/wp-json\/wp\/v2\/categories?post=52877"},{"taxonomy":"post_tag","embeddable":true,"href":"https:\/\/eltrabajo.cl\/portal\/wp-json\/wp\/v2\/tags?post=52877"}],"curies":[{"name":"wp","href":"https:\/\/api.w.org\/{rel}","templated":true}]}}