{"id":52888,"date":"2014-11-03T09:24:26","date_gmt":"2014-11-03T12:24:26","guid":{"rendered":"http:\/\/www.eltrabajo.cl\/portal\/?p=52888"},"modified":"2014-11-03T09:24:26","modified_gmt":"2014-11-03T12:24:26","slug":"escuela-bucalemu-celebro-un-siglo-de-impartir-saber-y-educacion","status":"publish","type":"post","link":"https:\/\/eltrabajo.cl\/portal\/escuela-bucalemu-celebro-un-siglo-de-impartir-saber-y-educacion\/","title":{"rendered":"Escuela Bucalemu celebr\u00f3 un siglo de impartir saber y educaci\u00f3n"},"content":{"rendered":"<figure id=\"attachment_52889\" aria-describedby=\"caption-attachment-52889\" style=\"width: 529px\" class=\"wp-caption alignnone\"><a href=\"https:\/\/i0.wp.com\/www.eltrabajo.cl\/portal\/wp-content\/uploads\/2014\/11\/Buca1.jpg\"><img data-recalc-dims=\"1\" loading=\"lazy\" decoding=\"async\" class=\"size-full wp-image-52889\" src=\"https:\/\/i0.wp.com\/www.eltrabajo.cl\/portal\/wp-content\/uploads\/2014\/11\/Buca1.jpg?resize=529%2C369\" alt=\"Con un tradicional desfile, la comunidad educativa de la Escuela Bucalemu homenaje\u00f3 a su querida casa de estudios.\" width=\"529\" height=\"369\" srcset=\"https:\/\/i0.wp.com\/eltrabajo.cl\/portal\/wp-content\/uploads\/2014\/11\/Buca1.jpg?w=529&amp;ssl=1 529w, https:\/\/i0.wp.com\/eltrabajo.cl\/portal\/wp-content\/uploads\/2014\/11\/Buca1.jpg?resize=200%2C139&amp;ssl=1 200w, https:\/\/i0.wp.com\/eltrabajo.cl\/portal\/wp-content\/uploads\/2014\/11\/Buca1.jpg?resize=300%2C209&amp;ssl=1 300w, https:\/\/i0.wp.com\/eltrabajo.cl\/portal\/wp-content\/uploads\/2014\/11\/Buca1.jpg?resize=150%2C104&amp;ssl=1 150w, https:\/\/i0.wp.com\/eltrabajo.cl\/portal\/wp-content\/uploads\/2014\/11\/Buca1.jpg?resize=400%2C279&amp;ssl=1 400w\" sizes=\"auto, (max-width: 529px) 100vw, 529px\" \/><\/a><figcaption id=\"caption-attachment-52889\" class=\"wp-caption-text\">Con un tradicional desfile, la comunidad educativa de la Escuela Bucalemu homenaje\u00f3 a su querida casa de estudios.<\/figcaption><\/figure>\n<p>Con un tradicional desfile, la comunidad educativa de la Escuela Bucalemu homenaje\u00f3 a su querida casa de estudios, la que durante 100 a\u00f1os ha estado ligada de una u otra forma al quehacer de las familias del sector, habiendo en muchos casos, m\u00e1s de una generaci\u00f3n que han sabido del cari\u00f1o y entrega de un destacado grupo de maestros, que d\u00eda a d\u00eda, atesorar y avalan los sue\u00f1os de inquietos ni\u00f1os.<br \/>\nColoridos y alegres bailes tambi\u00e9n fueron parte de este acto, los que emocionaron a los participantes por la dedicaci\u00f3n y esfuerzo que los ni\u00f1os junto a sus familias, pusieron en cada minuto, engalanando una jornada llena de emotividad.<\/p>\n<figure id=\"attachment_52890\" aria-describedby=\"caption-attachment-52890\" style=\"width: 400px\" class=\"wp-caption alignright\"><a href=\"https:\/\/i0.wp.com\/www.eltrabajo.cl\/portal\/wp-content\/uploads\/2014\/11\/Buca2.jpg\"><img data-recalc-dims=\"1\" loading=\"lazy\" decoding=\"async\" class=\"wp-image-52890\" src=\"https:\/\/i0.wp.com\/www.eltrabajo.cl\/portal\/wp-content\/uploads\/2014\/11\/Buca2.jpg?resize=400%2C267\" alt=\"Coloridos y alegres bailes tambi\u00e9n fueron parte de este acto, los que emocionaron a los participantes por la dedicaci\u00f3n y esfuerzo que los ni\u00f1os junto a sus familias.\" width=\"400\" height=\"267\" srcset=\"https:\/\/i0.wp.com\/eltrabajo.cl\/portal\/wp-content\/uploads\/2014\/11\/Buca2.jpg?w=528&amp;ssl=1 528w, https:\/\/i0.wp.com\/eltrabajo.cl\/portal\/wp-content\/uploads\/2014\/11\/Buca2.jpg?resize=200%2C133&amp;ssl=1 200w, https:\/\/i0.wp.com\/eltrabajo.cl\/portal\/wp-content\/uploads\/2014\/11\/Buca2.jpg?resize=300%2C200&amp;ssl=1 300w, https:\/\/i0.wp.com\/eltrabajo.cl\/portal\/wp-content\/uploads\/2014\/11\/Buca2.jpg?resize=150%2C100&amp;ssl=1 150w, https:\/\/i0.wp.com\/eltrabajo.cl\/portal\/wp-content\/uploads\/2014\/11\/Buca2.jpg?resize=400%2C266&amp;ssl=1 400w\" sizes=\"auto, (max-width: 400px) 100vw, 400px\" \/><\/a><figcaption id=\"caption-attachment-52890\" class=\"wp-caption-text\">Coloridos y alegres bailes tambi\u00e9n fueron parte de este acto, los que emocionaron a los participantes por la dedicaci\u00f3n y esfuerzo que los ni\u00f1os junto a sus familias.<\/figcaption><\/figure>\n<p>En la actualidad, este establecimiento imparte educaci\u00f3n desde pre b\u00e1sica a octavo a\u00f1o b\u00e1sico, contando con las ventajas del programa PIE y HPV, lo que entrega la posibilidad, como todos los establecimientos municipalizados, de un normal desarrollo al interior del aula.<br \/>\nCecilia Delgado, directora del establecimiento, en su discurso se refiri\u00f3 a los constantes desaf\u00edos que implica ser parte de esta comunidad, se\u00f1alando que \u201ca\u00fan nos falta mucho, y para eso estamos trabajando, hemos tenido muchos avances, pero eso no nos puede detener, queremos m\u00e1s, y en la actualidad, estamos luchando para tener nuestro gimnasio techado y mejor se\u00f1al\u00e9tica que indique que presencia de nuestra escuela\u201d.<br \/>\nPor su parte, Iv\u00e1n Silva Padilla, Director de Educaci\u00f3n Municipal, tambi\u00e9n destac\u00f3 la importancia de esta escuela, se\u00f1alando que \u201cpara los objetivos planteados por nuestro alcalde Patricio Freire, ning\u00fan esfuerzo es suficiente, lo que nos obliga a estar constantemente replanteando nuestros objetivos, y este es uno de ellos, lograr que nuestros alumnos y sus familias, encuentren es nuestros establecimientos, un lugar c\u00e1lido, c\u00f3modo, que les permita un normal desarrollo integral, como personas pertenecientes a una sociedad moderna, que crece con alegr\u00eda, en la comuna de todos y de todas\u201d.<\/p>\n","protected":false},"excerpt":{"rendered":"<p>Con un tradicional desfile, la comunidad educativa de la Escuela Bucalemu homenaje\u00f3 a su querida casa de estudios, la que durante 100 a\u00f1os ha estado ligada de una u otra forma al&#8230;<\/p>\n","protected":false},"author":482,"featured_media":52889,"comment_status":"open","ping_status":"closed","sticky":false,"template":"","format":"standard","meta":{"advanced_seo_description":"","jetpack_seo_html_title":"","jetpack_seo_noindex":false,"_jetpack_memberships_contains_paid_content":false,"footnotes":""},"categories":[15],"tags":[],"class_list":["post-52888","post","type-post","status-publish","format-standard","has-post-thumbnail","hentry","category-comunidad"],"jetpack_featured_media_url":"https:\/\/i0.wp.com\/eltrabajo.cl\/portal\/wp-content\/uploads\/2014\/11\/Buca1.jpg?fit=529%2C369&ssl=1","jetpack_sharing_enabled":true,"jetpack_likes_enabled":true,"jetpack-related-posts":[],"_links":{"self":[{"href":"https:\/\/eltrabajo.cl\/portal\/wp-json\/wp\/v2\/posts\/52888","targetHints":{"allow":["GET"]}}],"collection":[{"href":"https:\/\/eltrabajo.cl\/portal\/wp-json\/wp\/v2\/posts"}],"about":[{"href":"https:\/\/eltrabajo.cl\/portal\/wp-json\/wp\/v2\/types\/post"}],"author":[{"embeddable":true,"href":"https:\/\/eltrabajo.cl\/portal\/wp-json\/wp\/v2\/users\/482"}],"replies":[{"embeddable":true,"href":"https:\/\/eltrabajo.cl\/portal\/wp-json\/wp\/v2\/comments?post=52888"}],"version-history":[{"count":0,"href":"https:\/\/eltrabajo.cl\/portal\/wp-json\/wp\/v2\/posts\/52888\/revisions"}],"wp:featuredmedia":[{"embeddable":true,"href":"https:\/\/eltrabajo.cl\/portal\/wp-json\/wp\/v2\/media\/52889"}],"wp:attachment":[{"href":"https:\/\/eltrabajo.cl\/portal\/wp-json\/wp\/v2\/media?parent=52888"}],"wp:term":[{"taxonomy":"category","embeddable":true,"href":"https:\/\/eltrabajo.cl\/portal\/wp-json\/wp\/v2\/categories?post=52888"},{"taxonomy":"post_tag","embeddable":true,"href":"https:\/\/eltrabajo.cl\/portal\/wp-json\/wp\/v2\/tags?post=52888"}],"curies":[{"name":"wp","href":"https:\/\/api.w.org\/{rel}","templated":true}]}}