{"id":52907,"date":"2014-11-03T09:39:31","date_gmt":"2014-11-03T12:39:31","guid":{"rendered":"http:\/\/www.eltrabajo.cl\/portal\/?p=52907"},"modified":"2014-11-03T09:39:31","modified_gmt":"2014-11-03T12:39:31","slug":"candidatas-a-reina-de-la-primavera-desfilan-por-diario-el-trabajo-y-radio10-cl","status":"publish","type":"post","link":"https:\/\/eltrabajo.cl\/portal\/candidatas-a-reina-de-la-primavera-desfilan-por-diario-el-trabajo-y-radio10-cl\/","title":{"rendered":"Candidatas a Reina de la Primavera desfilan por Diario El Trabajo y radio10.cl"},"content":{"rendered":"<figure id=\"attachment_52908\" aria-describedby=\"caption-attachment-52908\" style=\"width: 528px\" class=\"wp-caption alignnone\"><a href=\"https:\/\/i0.wp.com\/www.eltrabajo.cl\/portal\/wp-content\/uploads\/2014\/11\/m.fernanda_carrasco-1.jpg\"><img data-recalc-dims=\"1\" loading=\"lazy\" decoding=\"async\" class=\"size-full wp-image-52908\" src=\"https:\/\/i0.wp.com\/www.eltrabajo.cl\/portal\/wp-content\/uploads\/2014\/11\/m.fernanda_carrasco-1.jpg?resize=528%2C401\" alt=\"Mar\u00eda Fernanda Carrasco junto a las locutoras de radio10.cl, Alejandra Madrid y Flavia Vera.\" width=\"528\" height=\"401\" srcset=\"https:\/\/i0.wp.com\/eltrabajo.cl\/portal\/wp-content\/uploads\/2014\/11\/m.fernanda_carrasco-1.jpg?w=528&amp;ssl=1 528w, https:\/\/i0.wp.com\/eltrabajo.cl\/portal\/wp-content\/uploads\/2014\/11\/m.fernanda_carrasco-1.jpg?resize=197%2C150&amp;ssl=1 197w, https:\/\/i0.wp.com\/eltrabajo.cl\/portal\/wp-content\/uploads\/2014\/11\/m.fernanda_carrasco-1.jpg?resize=300%2C227&amp;ssl=1 300w, https:\/\/i0.wp.com\/eltrabajo.cl\/portal\/wp-content\/uploads\/2014\/11\/m.fernanda_carrasco-1.jpg?resize=150%2C113&amp;ssl=1 150w, https:\/\/i0.wp.com\/eltrabajo.cl\/portal\/wp-content\/uploads\/2014\/11\/m.fernanda_carrasco-1.jpg?resize=400%2C303&amp;ssl=1 400w\" sizes=\"auto, (max-width: 528px) 100vw, 528px\" \/><\/a><figcaption id=\"caption-attachment-52908\" class=\"wp-caption-text\">Mar\u00eda Fernanda Carrasco junto a las locutoras de radio10.cl, Alejandra Madrid y Flavia Vera.<\/figcaption><\/figure>\n<p>Este jueves visitaron los estudios de Radio 10, otras dos de las nueve candidatas que aspiran a coronarse como Reina de la Primavera 2014.<br \/>\nUna de ellas fue Mar\u00eda Fernanda Carrasco, representante de Villa El Descanso, de 21 a\u00f1os de edad, quien tiene contemplada una intensa actividad social para conseguir votos y coronarse Reina de la Primavera, actividades que partieron el viernes pasado con una visita al Hospital San Camilo de San Felipe. Para esta semana, en tanto, su agenda contempla numerosas otras actividades tambi\u00e9n de car\u00e1cter social que estar\u00e1 realizando junto a los dirigentes y vecinos que la acompa\u00f1an.<br \/>\nEn otro aspecto, Mar\u00eda Fernanda se refiri\u00f3 a la importancia que tiene para ella esta candidatura, expresando su conformidad porque quien sea la Reina de la Primavera, estar\u00e1 participando de diferentes actividades sociales en el transcurso del a\u00f1o. Sobre lo mismo, rescat\u00f3 que debe ser la Reina quien est\u00e9 preocupada de los eventos a los que asistir\u00e1, ello a prop\u00f3sito de las cr\u00edticas por la no participaci\u00f3n de las soberanas de otros a\u00f1os en actividades oficiales de la Municipalidad.<br \/>\nPor su parte, Mari\u00f3n Fern\u00e1ndez L\u00f3pez, de tan solo 18 a\u00f1os de edad, representa con la frente muy en alto y gran dignidad a la Villa 250 A\u00f1os de San Felipe. Ella tambi\u00e9n tiene contemplado realizar numerosas actividades sociales para reunir votos y coronarse Reina.<br \/>\nSeg\u00fan nos explic\u00f3 Mari\u00f3n, su objetivo al postularse como candidata a reina, fue sencillamente el de contribuir a limpiar el nombre de la Villa 250 A\u00f1os, un sector poblacional donde vive much\u00edsima gente de trabajo, esforzada y honesta, que se ven perjudicadas por lo altamente estigmatizado que est\u00e1 dicha unidad vecinal, a la cual el resto de la comunidad vincula exclusivamente a problem\u00e1ticas delincuenciales y de drogadicci\u00f3n, situaci\u00f3n que dista mucho de la realidad, precis\u00f3 la propia Mari\u00f3n al referirse con orgullo a los numerosos vecinos que la est\u00e1n apoyando en esta iniciativa.<\/p>\n<div class=\"tiled-gallery type-rectangular tiled-gallery-unresized\" data-original-width=\"640\" data-carousel-extra='null' itemscope itemtype=\"http:\/\/schema.org\/ImageGallery\" > <div class=\"gallery-row\" style=\"width: 640px; height: 423px;\" data-original-width=\"640\" data-original-height=\"423\" > <div class=\"gallery-group images-1\" style=\"width: 320px; height: 423px;\" data-original-width=\"320\" data-original-height=\"423\" > <div class=\"tiled-gallery-item tiled-gallery-item-large\" itemprop=\"associatedMedia\" itemscope itemtype=\"http:\/\/schema.org\/ImageObject\"> <a href=\"https:\/\/eltrabajo.cl\/portal\/candidatas-a-reina-de-la-primavera-desfilan-por-diario-el-trabajo-y-radio10-cl\/m-fernanda_carrasco-2\/\" border=\"0\" itemprop=\"url\"> <meta itemprop=\"width\" content=\"316\"> <meta itemprop=\"height\" content=\"419\"> <img decoding=\"async\" class=\"\" data-attachment-id=\"52909\" data-orig-file=\"https:\/\/eltrabajo.cl\/portal\/wp-content\/uploads\/2014\/11\/m.fernanda_carrasco-2.jpg\" data-orig-size=\"529,701\" data-comments-opened=\"1\" data-image-meta=\"{&quot;aperture&quot;:&quot;0&quot;,&quot;credit&quot;:&quot;&quot;,&quot;camera&quot;:&quot;&quot;,&quot;caption&quot;:&quot;&quot;,&quot;created_timestamp&quot;:&quot;0&quot;,&quot;copyright&quot;:&quot;&quot;,&quot;focal_length&quot;:&quot;0&quot;,&quot;iso&quot;:&quot;0&quot;,&quot;shutter_speed&quot;:&quot;0&quot;,&quot;title&quot;:&quot;&quot;,&quot;orientation&quot;:&quot;0&quot;}\" data-image-title=\"m.fernanda_carrasco (2)\" data-image-description=\"&lt;p&gt;Mar\u00eda Fernanda, de morenos 21 a\u00f1os, estudia Prevenci\u00f3n de Riesgos y quiere ser Rein&lt;\/p&gt; \" data-medium-file=\"https:\/\/i0.wp.com\/eltrabajo.cl\/portal\/wp-content\/uploads\/2014\/11\/m.fernanda_carrasco-2.jpg?fit=226%2C300&#038;ssl=1\" data-large-file=\"https:\/\/i0.wp.com\/eltrabajo.cl\/portal\/wp-content\/uploads\/2014\/11\/m.fernanda_carrasco-2.jpg?fit=529%2C701&#038;ssl=1\" src=\"https:\/\/i0.wp.com\/eltrabajo.cl\/portal\/wp-content\/uploads\/2014\/11\/m.fernanda_carrasco-2.jpg?w=316&#038;h=419&#038;ssl=1\" srcset=\"https:\/\/i0.wp.com\/eltrabajo.cl\/portal\/wp-content\/uploads\/2014\/11\/m.fernanda_carrasco-2.jpg?w=529&amp;ssl=1 529w, https:\/\/i0.wp.com\/eltrabajo.cl\/portal\/wp-content\/uploads\/2014\/11\/m.fernanda_carrasco-2.jpg?resize=113%2C150&amp;ssl=1 113w, https:\/\/i0.wp.com\/eltrabajo.cl\/portal\/wp-content\/uploads\/2014\/11\/m.fernanda_carrasco-2.jpg?resize=226%2C300&amp;ssl=1 226w, https:\/\/i0.wp.com\/eltrabajo.cl\/portal\/wp-content\/uploads\/2014\/11\/m.fernanda_carrasco-2.jpg?resize=400%2C530&amp;ssl=1 400w\" width=\"316\" height=\"419\" loading=\"lazy\" data-original-width=\"316\" data-original-height=\"419\" itemprop=\"http:\/\/schema.org\/image\" title=\"m.fernanda_carrasco (2)\" alt=\"Mar\u00eda Fernanda, de morenos 21 a\u00f1os, estudia Prevenci\u00f3n de Riesgos y quiere ser Rein\" style=\"width: 316px; height: 419px;\" \/> <\/a> <div class=\"tiled-gallery-caption\" itemprop=\"caption description\"> Mar\u00eda Fernanda, de morenos 21 a\u00f1os, estudia Prevenci\u00f3n de Riesgos y quiere ser Rein <\/div> <\/div> <\/div> <!-- close group --> <div class=\"gallery-group images-1\" style=\"width: 320px; height: 423px;\" data-original-width=\"320\" data-original-height=\"423\" > <div class=\"tiled-gallery-item tiled-gallery-item-large\" itemprop=\"associatedMedia\" itemscope itemtype=\"http:\/\/schema.org\/ImageObject\"> <a href=\"https:\/\/eltrabajo.cl\/portal\/candidatas-a-reina-de-la-primavera-desfilan-por-diario-el-trabajo-y-radio10-cl\/marion_fernandez-1\/\" border=\"0\" itemprop=\"url\"> <meta itemprop=\"width\" content=\"316\"> <meta itemprop=\"height\" content=\"419\"> <img decoding=\"async\" class=\"\" data-attachment-id=\"52910\" data-orig-file=\"https:\/\/eltrabajo.cl\/portal\/wp-content\/uploads\/2014\/11\/marion_fernandez-1.jpg\" data-orig-size=\"529,701\" data-comments-opened=\"1\" data-image-meta=\"{&quot;aperture&quot;:&quot;0&quot;,&quot;credit&quot;:&quot;&quot;,&quot;camera&quot;:&quot;&quot;,&quot;caption&quot;:&quot;&quot;,&quot;created_timestamp&quot;:&quot;0&quot;,&quot;copyright&quot;:&quot;&quot;,&quot;focal_length&quot;:&quot;0&quot;,&quot;iso&quot;:&quot;0&quot;,&quot;shutter_speed&quot;:&quot;0&quot;,&quot;title&quot;:&quot;&quot;,&quot;orientation&quot;:&quot;0&quot;}\" data-image-title=\"marion_fernandez (1)\" data-image-description=\"&lt;p&gt;Mar\u00f3n Fern\u00e1ndez L\u00f3pez: \u00abSoy candidata para que la gente deje de mirar a nuestra villa como poblaci\u00f3n de delincuentes, porque ah\u00ed tambi\u00e9n vivimos gente honesta\u00bb.&lt;\/p&gt; \" data-medium-file=\"https:\/\/i0.wp.com\/eltrabajo.cl\/portal\/wp-content\/uploads\/2014\/11\/marion_fernandez-1.jpg?fit=226%2C300&#038;ssl=1\" data-large-file=\"https:\/\/i0.wp.com\/eltrabajo.cl\/portal\/wp-content\/uploads\/2014\/11\/marion_fernandez-1.jpg?fit=529%2C701&#038;ssl=1\" src=\"https:\/\/i0.wp.com\/eltrabajo.cl\/portal\/wp-content\/uploads\/2014\/11\/marion_fernandez-1.jpg?w=316&#038;h=419&#038;ssl=1\" srcset=\"https:\/\/i0.wp.com\/eltrabajo.cl\/portal\/wp-content\/uploads\/2014\/11\/marion_fernandez-1.jpg?w=529&amp;ssl=1 529w, https:\/\/i0.wp.com\/eltrabajo.cl\/portal\/wp-content\/uploads\/2014\/11\/marion_fernandez-1.jpg?resize=113%2C150&amp;ssl=1 113w, https:\/\/i0.wp.com\/eltrabajo.cl\/portal\/wp-content\/uploads\/2014\/11\/marion_fernandez-1.jpg?resize=226%2C300&amp;ssl=1 226w, https:\/\/i0.wp.com\/eltrabajo.cl\/portal\/wp-content\/uploads\/2014\/11\/marion_fernandez-1.jpg?resize=400%2C530&amp;ssl=1 400w\" width=\"316\" height=\"419\" loading=\"lazy\" data-original-width=\"316\" data-original-height=\"419\" itemprop=\"http:\/\/schema.org\/image\" title=\"marion_fernandez (1)\" alt=\"Mar\u00f3n Fern\u00e1ndez L\u00f3pez: \u00abSoy candidata para que la gente deje de mirar a nuestra villa como poblaci\u00f3n de delincuentes, porque ah\u00ed tambi\u00e9n vivimos gente honesta\u00bb.\" style=\"width: 316px; height: 419px;\" \/> <\/a> <div class=\"tiled-gallery-caption\" itemprop=\"caption description\"> Mar\u00f3n Fern\u00e1ndez L\u00f3pez: \u00abSoy candidata para que la gente deje de mirar a nuestra villa como poblaci\u00f3n de delincuentes, porque ah\u00ed tambi\u00e9n vivimos gente honesta\u00bb. <\/div> <\/div> <\/div> <!-- close group --> <\/div> <!-- close row --> <div class=\"gallery-row\" style=\"width: 640px; height: 487px;\" data-original-width=\"640\" data-original-height=\"487\" > <div class=\"gallery-group images-1\" style=\"width: 640px; height: 487px;\" data-original-width=\"640\" data-original-height=\"487\" > <div class=\"tiled-gallery-item tiled-gallery-item-large\" itemprop=\"associatedMedia\" itemscope itemtype=\"http:\/\/schema.org\/ImageObject\"> <a href=\"https:\/\/eltrabajo.cl\/portal\/candidatas-a-reina-de-la-primavera-desfilan-por-diario-el-trabajo-y-radio10-cl\/marion_fernandez-2\/\" border=\"0\" itemprop=\"url\"> <meta itemprop=\"width\" content=\"636\"> <meta itemprop=\"height\" content=\"483\"> <img decoding=\"async\" class=\"\" data-attachment-id=\"52911\" data-orig-file=\"https:\/\/eltrabajo.cl\/portal\/wp-content\/uploads\/2014\/11\/marion_fernandez-2.jpg\" data-orig-size=\"528,401\" data-comments-opened=\"1\" data-image-meta=\"{&quot;aperture&quot;:&quot;0&quot;,&quot;credit&quot;:&quot;&quot;,&quot;camera&quot;:&quot;&quot;,&quot;caption&quot;:&quot;&quot;,&quot;created_timestamp&quot;:&quot;0&quot;,&quot;copyright&quot;:&quot;&quot;,&quot;focal_length&quot;:&quot;0&quot;,&quot;iso&quot;:&quot;0&quot;,&quot;shutter_speed&quot;:&quot;0&quot;,&quot;title&quot;:&quot;&quot;,&quot;orientation&quot;:&quot;0&quot;}\" data-image-title=\"marion_fernandez (2)\" data-image-description=\"&lt;p&gt;La joven representante de Villa 250 A\u00f1os junto a su candidato a Rey Feo, quienes esperan contribuir a mejorar la imagen de su poblaci\u00f3n.&lt;\/p&gt; \" data-medium-file=\"https:\/\/i0.wp.com\/eltrabajo.cl\/portal\/wp-content\/uploads\/2014\/11\/marion_fernandez-2.jpg?fit=300%2C227&#038;ssl=1\" data-large-file=\"https:\/\/i0.wp.com\/eltrabajo.cl\/portal\/wp-content\/uploads\/2014\/11\/marion_fernandez-2.jpg?fit=528%2C401&#038;ssl=1\" src=\"https:\/\/i0.wp.com\/eltrabajo.cl\/portal\/wp-content\/uploads\/2014\/11\/marion_fernandez-2.jpg?w=636&#038;h=483&#038;ssl=1\" srcset=\"https:\/\/i0.wp.com\/eltrabajo.cl\/portal\/wp-content\/uploads\/2014\/11\/marion_fernandez-2.jpg?w=528&amp;ssl=1 528w, https:\/\/i0.wp.com\/eltrabajo.cl\/portal\/wp-content\/uploads\/2014\/11\/marion_fernandez-2.jpg?resize=197%2C150&amp;ssl=1 197w, https:\/\/i0.wp.com\/eltrabajo.cl\/portal\/wp-content\/uploads\/2014\/11\/marion_fernandez-2.jpg?resize=300%2C227&amp;ssl=1 300w, https:\/\/i0.wp.com\/eltrabajo.cl\/portal\/wp-content\/uploads\/2014\/11\/marion_fernandez-2.jpg?resize=150%2C113&amp;ssl=1 150w, https:\/\/i0.wp.com\/eltrabajo.cl\/portal\/wp-content\/uploads\/2014\/11\/marion_fernandez-2.jpg?resize=400%2C303&amp;ssl=1 400w\" width=\"636\" height=\"483\" loading=\"lazy\" data-original-width=\"636\" data-original-height=\"483\" itemprop=\"http:\/\/schema.org\/image\" title=\"marion_fernandez (2)\" alt=\"La joven representante de Villa 250 A\u00f1os junto a su candidato a Rey Feo, quienes esperan contribuir a mejorar la imagen de su poblaci\u00f3n.\" style=\"width: 636px; height: 483px;\" \/> <\/a> <div class=\"tiled-gallery-caption\" itemprop=\"caption description\"> La joven representante de Villa 250 A\u00f1os junto a su candidato a Rey Feo, quienes esperan contribuir a mejorar la imagen de su poblaci\u00f3n. <\/div> <\/div> <\/div> <!-- close group --> <\/div> <!-- close row --> <\/div>\n","protected":false},"excerpt":{"rendered":"<p>Este jueves visitaron los estudios de Radio 10, otras dos de las nueve candidatas que aspiran a coronarse como Reina de la Primavera 2014. Una de ellas fue Mar\u00eda Fernanda Carrasco, representante&#8230;<\/p>\n","protected":false},"author":482,"featured_media":52908,"comment_status":"open","ping_status":"closed","sticky":false,"template":"","format":"standard","meta":{"advanced_seo_description":"","jetpack_seo_html_title":"","jetpack_seo_noindex":false,"_jetpack_memberships_contains_paid_content":false,"footnotes":""},"categories":[15],"tags":[],"class_list":["post-52907","post","type-post","status-publish","format-standard","has-post-thumbnail","hentry","category-comunidad"],"jetpack_featured_media_url":"https:\/\/i0.wp.com\/eltrabajo.cl\/portal\/wp-content\/uploads\/2014\/11\/m.fernanda_carrasco-1.jpg?fit=528%2C401&ssl=1","jetpack_sharing_enabled":true,"jetpack_likes_enabled":true,"jetpack-related-posts":[],"_links":{"self":[{"href":"https:\/\/eltrabajo.cl\/portal\/wp-json\/wp\/v2\/posts\/52907","targetHints":{"allow":["GET"]}}],"collection":[{"href":"https:\/\/eltrabajo.cl\/portal\/wp-json\/wp\/v2\/posts"}],"about":[{"href":"https:\/\/eltrabajo.cl\/portal\/wp-json\/wp\/v2\/types\/post"}],"author":[{"embeddable":true,"href":"https:\/\/eltrabajo.cl\/portal\/wp-json\/wp\/v2\/users\/482"}],"replies":[{"embeddable":true,"href":"https:\/\/eltrabajo.cl\/portal\/wp-json\/wp\/v2\/comments?post=52907"}],"version-history":[{"count":0,"href":"https:\/\/eltrabajo.cl\/portal\/wp-json\/wp\/v2\/posts\/52907\/revisions"}],"wp:featuredmedia":[{"embeddable":true,"href":"https:\/\/eltrabajo.cl\/portal\/wp-json\/wp\/v2\/media\/52908"}],"wp:attachment":[{"href":"https:\/\/eltrabajo.cl\/portal\/wp-json\/wp\/v2\/media?parent=52907"}],"wp:term":[{"taxonomy":"category","embeddable":true,"href":"https:\/\/eltrabajo.cl\/portal\/wp-json\/wp\/v2\/categories?post=52907"},{"taxonomy":"post_tag","embeddable":true,"href":"https:\/\/eltrabajo.cl\/portal\/wp-json\/wp\/v2\/tags?post=52907"}],"curies":[{"name":"wp","href":"https:\/\/api.w.org\/{rel}","templated":true}]}}