{"id":52913,"date":"2014-11-03T09:42:48","date_gmt":"2014-11-03T12:42:48","guid":{"rendered":"http:\/\/www.eltrabajo.cl\/portal\/?p=52913"},"modified":"2014-11-03T09:46:51","modified_gmt":"2014-11-03T12:46:51","slug":"cometio-robo-a-pequeno-local-a-solo-dias-de-salir-de-la-carcel","status":"publish","type":"post","link":"https:\/\/eltrabajo.cl\/portal\/cometio-robo-a-pequeno-local-a-solo-dias-de-salir-de-la-carcel\/","title":{"rendered":"Cometi\u00f3 robo a peque\u00f1o local a s\u00f3lo d\u00edas de salir de la c\u00e1rcel"},"content":{"rendered":"<figure id=\"attachment_52914\" aria-describedby=\"caption-attachment-52914\" style=\"width: 400px\" class=\"wp-caption alignleft\"><a href=\"https:\/\/i0.wp.com\/www.eltrabajo.cl\/portal\/wp-content\/uploads\/2014\/11\/Flavio1.jpg\"><img data-recalc-dims=\"1\" loading=\"lazy\" decoding=\"async\" class=\"wp-image-52914\" src=\"https:\/\/i0.wp.com\/www.eltrabajo.cl\/portal\/wp-content\/uploads\/2014\/11\/Flavio1.jpg?resize=400%2C260\" alt=\"El joven Flavio Mois\u00e9s Fern\u00e1ndez Ortiz, de 24 a\u00f1os de edad, quien posee un amplio prontuario policial, fue sorprendido en forma flagrante robando en una peque\u00f1a verduler\u00eda a s\u00f3lo d\u00edas de haber salido desde la c\u00e1rcel de San Felipe.\" width=\"400\" height=\"260\" srcset=\"https:\/\/i0.wp.com\/eltrabajo.cl\/portal\/wp-content\/uploads\/2014\/11\/Flavio1.jpg?w=529&amp;ssl=1 529w, https:\/\/i0.wp.com\/eltrabajo.cl\/portal\/wp-content\/uploads\/2014\/11\/Flavio1.jpg?resize=200%2C130&amp;ssl=1 200w, https:\/\/i0.wp.com\/eltrabajo.cl\/portal\/wp-content\/uploads\/2014\/11\/Flavio1.jpg?resize=300%2C195&amp;ssl=1 300w, https:\/\/i0.wp.com\/eltrabajo.cl\/portal\/wp-content\/uploads\/2014\/11\/Flavio1.jpg?resize=150%2C97&amp;ssl=1 150w, https:\/\/i0.wp.com\/eltrabajo.cl\/portal\/wp-content\/uploads\/2014\/11\/Flavio1.jpg?resize=400%2C260&amp;ssl=1 400w\" sizes=\"auto, (max-width: 400px) 100vw, 400px\" \/><\/a><figcaption id=\"caption-attachment-52914\" class=\"wp-caption-text\">El joven Flavio Mois\u00e9s Fern\u00e1ndez Ortiz, de 24 a\u00f1os de edad, quien posee un amplio prontuario policial, fue sorprendido en forma flagrante robando en una peque\u00f1a verduler\u00eda a s\u00f3lo d\u00edas de haber salido desde la c\u00e1rcel de San Felipe.<\/figcaption><\/figure>\n<p><strong>PUTAENDO<\/strong>.- El joven Flavio Mois\u00e9s Fern\u00e1ndez Ortiz, de 24 a\u00f1os de edad, quien posee un amplio prontuario policial, fue sorprendido en forma flagrante robando en una peque\u00f1a verduler\u00eda a s\u00f3lo d\u00edas de haber salido desde la c\u00e1rcel de San Felipe.<br \/>\nEl Teniente \u00c1ngelo Acevedo asegur\u00f3 que a eso de las 08:30 horas de este s\u00e1bado, fueron alertados que un sujeto se encontraba al interior de una peque\u00f1a verduler\u00eda ubicada en la intersecci\u00f3n de calles Juan Rozas con Los Nogales, por lo que personal que se aprestaba a dirigirse a prestar servicios al Cementerio Parroquial, se traslad\u00f3 r\u00e1pidamente al lugar y logr\u00f3 la detenci\u00f3n del individuo, quien hab\u00eda hecho un hoyo en el techo, desde el cual ingres\u00f3 hasta la verduler\u00eda y sustrajo dinero en efectivo y mercader\u00eda.<br \/>\nEl propietario de Verduler\u00eda El Cuchitril, Alberto Silva, sostuvo que esta es la quinta vez que es v\u00edctima de un robo, y en esta ocasi\u00f3n el delincuente se llev\u00f3 cerca de $100.000 en efectivo, mercader\u00eda y ocasion\u00f3 graves da\u00f1os, adem\u00e1s de da\u00f1ar algunos dulces que ten\u00eda para la venta.<\/p>\n<figure id=\"attachment_52915\" aria-describedby=\"caption-attachment-52915\" style=\"width: 300px\" class=\"wp-caption alignright\"><a href=\"https:\/\/i0.wp.com\/www.eltrabajo.cl\/portal\/wp-content\/uploads\/2014\/11\/Forado1.jpg\"><img data-recalc-dims=\"1\" loading=\"lazy\" decoding=\"async\" class=\"wp-image-52915\" src=\"https:\/\/i0.wp.com\/www.eltrabajo.cl\/portal\/wp-content\/uploads\/2014\/11\/Forado1.jpg?resize=300%2C353\" alt=\"Por este forado ingres\u00f3 el delincuente a robar en la verduler\u00eda putaendina.\" width=\"300\" height=\"353\" srcset=\"https:\/\/i0.wp.com\/eltrabajo.cl\/portal\/wp-content\/uploads\/2014\/11\/Forado1.jpg?w=529&amp;ssl=1 529w, https:\/\/i0.wp.com\/eltrabajo.cl\/portal\/wp-content\/uploads\/2014\/11\/Forado1.jpg?resize=127%2C150&amp;ssl=1 127w, https:\/\/i0.wp.com\/eltrabajo.cl\/portal\/wp-content\/uploads\/2014\/11\/Forado1.jpg?resize=254%2C300&amp;ssl=1 254w, https:\/\/i0.wp.com\/eltrabajo.cl\/portal\/wp-content\/uploads\/2014\/11\/Forado1.jpg?resize=400%2C471&amp;ssl=1 400w\" sizes=\"auto, (max-width: 300px) 100vw, 300px\" \/><\/a><figcaption id=\"caption-attachment-52915\" class=\"wp-caption-text\">Por este forado ingres\u00f3 el delincuente a robar en la verduler\u00eda putaendina.<\/figcaption><\/figure>\n<p>En otro aspecto, el Teniente Acevedo indic\u00f3 que el mismo delincuente en los \u00faltimos d\u00edas ha sido sindicado y reconocido por otras v\u00edctimas como el autor de varios robos, sin que haya sido posible detenerlo hasta la ma\u00f1ana de este s\u00e1bado. Flavio Fern\u00e1ndez incluso tiene amenazado de muerte a una de las v\u00edctimas, a la cual le sustrajo varias especies desde el interior de un veh\u00edculo.<\/p>\n<p><strong>PUERTA GIRATORIA<\/strong><br \/>\nAunque parezca incre\u00edble y a pesar de las contundentes pruebas presentadas en su contra, mismas que llevaron al Ministerio P\u00fablico a solicitar su traslado hasta el Centro de Cumplimiento Penitenciaron de San Felipe por ser considerado un peligro para la sociedad, el Tribunal Mixto de Putaendo lo dej\u00f3 en libertad pasadas las 14:00 horas de este s\u00e1bado y s\u00f3lo determin\u00f3 que Flavio Mois\u00e9s Fern\u00e1ndez Ortiz debe cumplir Arresto domiciliario nocturno.<br \/>\nPatricio Gallardo M.<\/p>\n","protected":false},"excerpt":{"rendered":"<p>PUTAENDO.- El joven Flavio Mois\u00e9s Fern\u00e1ndez Ortiz, de 24 a\u00f1os de edad, quien posee un amplio prontuario policial, fue sorprendido en forma flagrante robando en una peque\u00f1a verduler\u00eda a s\u00f3lo d\u00edas de&#8230;<\/p>\n","protected":false},"author":482,"featured_media":52914,"comment_status":"open","ping_status":"closed","sticky":false,"template":"","format":"standard","meta":{"advanced_seo_description":"","jetpack_seo_html_title":"","jetpack_seo_noindex":false,"_jetpack_memberships_contains_paid_content":false,"footnotes":""},"categories":[21],"tags":[],"class_list":["post-52913","post","type-post","status-publish","format-standard","has-post-thumbnail","hentry","category-policial"],"jetpack_featured_media_url":"https:\/\/i0.wp.com\/eltrabajo.cl\/portal\/wp-content\/uploads\/2014\/11\/Flavio1.jpg?fit=529%2C344&ssl=1","jetpack_sharing_enabled":true,"jetpack_likes_enabled":true,"jetpack-related-posts":[],"_links":{"self":[{"href":"https:\/\/eltrabajo.cl\/portal\/wp-json\/wp\/v2\/posts\/52913","targetHints":{"allow":["GET"]}}],"collection":[{"href":"https:\/\/eltrabajo.cl\/portal\/wp-json\/wp\/v2\/posts"}],"about":[{"href":"https:\/\/eltrabajo.cl\/portal\/wp-json\/wp\/v2\/types\/post"}],"author":[{"embeddable":true,"href":"https:\/\/eltrabajo.cl\/portal\/wp-json\/wp\/v2\/users\/482"}],"replies":[{"embeddable":true,"href":"https:\/\/eltrabajo.cl\/portal\/wp-json\/wp\/v2\/comments?post=52913"}],"version-history":[{"count":0,"href":"https:\/\/eltrabajo.cl\/portal\/wp-json\/wp\/v2\/posts\/52913\/revisions"}],"wp:featuredmedia":[{"embeddable":true,"href":"https:\/\/eltrabajo.cl\/portal\/wp-json\/wp\/v2\/media\/52914"}],"wp:attachment":[{"href":"https:\/\/eltrabajo.cl\/portal\/wp-json\/wp\/v2\/media?parent=52913"}],"wp:term":[{"taxonomy":"category","embeddable":true,"href":"https:\/\/eltrabajo.cl\/portal\/wp-json\/wp\/v2\/categories?post=52913"},{"taxonomy":"post_tag","embeddable":true,"href":"https:\/\/eltrabajo.cl\/portal\/wp-json\/wp\/v2\/tags?post=52913"}],"curies":[{"name":"wp","href":"https:\/\/api.w.org\/{rel}","templated":true}]}}