{"id":52918,"date":"2014-11-03T09:45:39","date_gmt":"2014-11-03T12:45:39","guid":{"rendered":"http:\/\/www.eltrabajo.cl\/portal\/?p=52918"},"modified":"2014-11-03T09:45:39","modified_gmt":"2014-11-03T12:45:39","slug":"mientras-celebraban-halloween-perdieron-todo-en-incendio","status":"publish","type":"post","link":"https:\/\/eltrabajo.cl\/portal\/mientras-celebraban-halloween-perdieron-todo-en-incendio\/","title":{"rendered":"Mientras celebraban Halloween perdieron todo en incendio"},"content":{"rendered":"<figure id=\"attachment_52919\" aria-describedby=\"caption-attachment-52919\" style=\"width: 529px\" class=\"wp-caption alignnone\"><a href=\"https:\/\/i0.wp.com\/www.eltrabajo.cl\/portal\/wp-content\/uploads\/2014\/11\/incendio-2.jpg\"><img data-recalc-dims=\"1\" loading=\"lazy\" decoding=\"async\" class=\"size-full wp-image-52919\" src=\"https:\/\/i0.wp.com\/www.eltrabajo.cl\/portal\/wp-content\/uploads\/2014\/11\/incendio-2.jpg?resize=529%2C324\" alt=\"Durante la ma\u00f1ana del s\u00e1bado los vecinos comenzaron a remover los escombros tras el voraz incendio que calcin\u00f3 toda la vivienda.\" width=\"529\" height=\"324\" srcset=\"https:\/\/i0.wp.com\/eltrabajo.cl\/portal\/wp-content\/uploads\/2014\/11\/incendio-2.jpg?w=529&amp;ssl=1 529w, https:\/\/i0.wp.com\/eltrabajo.cl\/portal\/wp-content\/uploads\/2014\/11\/incendio-2.jpg?resize=200%2C122&amp;ssl=1 200w, https:\/\/i0.wp.com\/eltrabajo.cl\/portal\/wp-content\/uploads\/2014\/11\/incendio-2.jpg?resize=300%2C183&amp;ssl=1 300w, https:\/\/i0.wp.com\/eltrabajo.cl\/portal\/wp-content\/uploads\/2014\/11\/incendio-2.jpg?resize=150%2C91&amp;ssl=1 150w, https:\/\/i0.wp.com\/eltrabajo.cl\/portal\/wp-content\/uploads\/2014\/11\/incendio-2.jpg?resize=400%2C244&amp;ssl=1 400w\" sizes=\"auto, (max-width: 529px) 100vw, 529px\" \/><\/a><figcaption id=\"caption-attachment-52919\" class=\"wp-caption-text\">Durante la ma\u00f1ana del s\u00e1bado los vecinos comenzaron a remover los escombros tras el voraz incendio que calcin\u00f3 toda la vivienda.<\/figcaption><\/figure>\n<p>Viviendo en la calle y con lo puesto result\u00f3 un matrimonio y sus cuatro peque\u00f1os hijos, quienes lamentablemente lo perdieron todo luego que su vivienda en Villa Juan Pablo II de San Felipe, resultara completamente calcinada por un incendio en los momentos que la familia junto con los menores recolectaban dulces durante la noche de Hallowen.<br \/>\nEran pasadas las 22:00 horas del viernes cuando los mismos vecinos se percataron del intenso olor a humo que proven\u00eda de la vivienda ubicada al fondo del Pasaje Papa Anastasio III, observando las llamas que comenzaban a salir del interior del inmueble, confirmando que los propietarios no estaban en el domicilio.<br \/>\nUn llamado a Nivel 132 alert\u00f3 la concurrencia de cuatro compa\u00f1\u00edas de Bomberos de la provincia, que se trasladaron al lugar de los hechos para combatir las llamas en carros especializados, que en primera instancia tuvieron dificultades para acceder al pasaje por lo angosto del camino y por los veh\u00edculos de los residentes que se encontraban estacionados en la v\u00eda p\u00fablica.<br \/>\nSin embargo m\u00e1s de 48 voluntarios trabajaron casi dos horas para sofocar el siniestro que consum\u00eda en su totalidad la vivienda, adem\u00e1s de una casa colindante deshabitada que result\u00f3 da\u00f1ada sobre la techumbre.<br \/>\nSeg\u00fan el reporte de Bomberos, la vivienda result\u00f3 calcinada en un 100% sin poder rescatar ning\u00fan tipo de enseres para la sobrevivencia de la familia afectada, que qued\u00f3 literalmente en la calle. Adem\u00e1s el due\u00f1o de casa perdi\u00f3 todas sus herramientas de trabajo, ya que se desempe\u00f1aba en labores de carpinter\u00eda para mantener a sus hijos.<br \/>\n\u00abLa casa se quem\u00f3 totalmente, tanto en su ampliaci\u00f3n como la vivienda principal, en ese momento no se encontraban los moradores porque hab\u00edan salido a buscar dulces con los hijos. La casa colindante estaba deshabitada cuando comenz\u00f3 a salir una gran cantidad de humo producto de las llamas, entonces los vecinos se percataron del incendio estructural. El trabajo dur\u00f3 cerca de una hora y media para controlar el siniestro, en resumen una vivienda da\u00f1ada 100% destruida y la colindante da\u00f1ada en la techumbre, porque son pareadas\u00bb, relat\u00f3 a Diario El Trabajo el segundo Comandante de Bomberos, Juan Carlos Herrera Lillo.<br \/>\nRespecto a las hip\u00f3tesis en primera instancia del origen del fuego, Bomberos plante\u00f3 un posible desperfecto del sistema el\u00e9ctrico o el recalentamiento de una olla sobre la cocina que no fue apagada por los due\u00f1os de casa al momento de salir del inmueble, lo que ser\u00e1 ratificado en un informe por los especialistas del Departamento t\u00e9cnico de Bomberos para establecer el principio de este siniestro.<br \/>\nDesafortunadamente lo que ser\u00eda una noche de fiesta y entretenci\u00f3n para los ni\u00f1os durante la Noche de Brujas, se transform\u00f3 en una real pesadilla de lamentables proporciones. El carpintero, su esposa y los cuatro peque\u00f1os han debido pasar estos d\u00edas en la sede vecinal de la villa Juan Pablo II recibiendo el apoyo de todos los residentes conmovidos por su actual situaci\u00f3n.<br \/>\nEl Departamento de Emergencias de la Municipalidad de San Felipe entreg\u00f3 a la familia afectada colchones, ropa de cama y otros enseres para brindar esta necesaria ayuda a la familia damnificada.<br \/>\nEl llamado se hace extensivo a la comunidad de ambas provincias para el aporte de vestuario para los peque\u00f1os, alimentos para ni\u00f1os y materiales de construcci\u00f3n para que esta familia pueda ponerse de pie y levantar nuevos cimientos en su casa. Las donaciones pueden ser dirigidas hasta la misma sede vecinal de Villa Juan Pablo II.<br \/>\nPablo Salinas Sald\u00edas<\/p>\n<div class=\"tiled-gallery type-rectangular tiled-gallery-unresized\" data-original-width=\"640\" data-carousel-extra='null' itemscope itemtype=\"http:\/\/schema.org\/ImageGallery\" > <div class=\"gallery-row\" style=\"width: 640px; height: 198px;\" data-original-width=\"640\" data-original-height=\"198\" > <div class=\"gallery-group images-1\" style=\"width: 320px; height: 198px;\" data-original-width=\"320\" data-original-height=\"198\" > <div class=\"tiled-gallery-item tiled-gallery-item-large\" itemprop=\"associatedMedia\" itemscope itemtype=\"http:\/\/schema.org\/ImageObject\"> <a href=\"https:\/\/eltrabajo.cl\/portal\/mientras-celebraban-halloween-perdieron-todo-en-incendio\/incendio-3-5\/\" border=\"0\" itemprop=\"url\"> <meta itemprop=\"width\" content=\"316\"> <meta itemprop=\"height\" content=\"194\"> <img decoding=\"async\" class=\"\" data-attachment-id=\"52921\" data-orig-file=\"https:\/\/eltrabajo.cl\/portal\/wp-content\/uploads\/2014\/11\/incendio-3.jpg\" data-orig-size=\"529,324\" data-comments-opened=\"1\" data-image-meta=\"{&quot;aperture&quot;:&quot;0&quot;,&quot;credit&quot;:&quot;&quot;,&quot;camera&quot;:&quot;&quot;,&quot;caption&quot;:&quot;&quot;,&quot;created_timestamp&quot;:&quot;0&quot;,&quot;copyright&quot;:&quot;&quot;,&quot;focal_length&quot;:&quot;0&quot;,&quot;iso&quot;:&quot;0&quot;,&quot;shutter_speed&quot;:&quot;0&quot;,&quot;title&quot;:&quot;&quot;,&quot;orientation&quot;:&quot;0&quot;}\" data-image-title=\"incendio 3\" data-image-description=\"&lt;p&gt;Las llamas consumieron toda la ampliaci\u00f3n de la vivienda ubicada en Villa Juan Pablo II de San Felipe.&lt;\/p&gt; \" data-medium-file=\"https:\/\/i0.wp.com\/eltrabajo.cl\/portal\/wp-content\/uploads\/2014\/11\/incendio-3.jpg?fit=300%2C183&#038;ssl=1\" data-large-file=\"https:\/\/i0.wp.com\/eltrabajo.cl\/portal\/wp-content\/uploads\/2014\/11\/incendio-3.jpg?fit=529%2C324&#038;ssl=1\" src=\"https:\/\/i0.wp.com\/eltrabajo.cl\/portal\/wp-content\/uploads\/2014\/11\/incendio-3.jpg?w=316&#038;h=194&#038;ssl=1\" srcset=\"https:\/\/i0.wp.com\/eltrabajo.cl\/portal\/wp-content\/uploads\/2014\/11\/incendio-3.jpg?w=529&amp;ssl=1 529w, https:\/\/i0.wp.com\/eltrabajo.cl\/portal\/wp-content\/uploads\/2014\/11\/incendio-3.jpg?resize=200%2C122&amp;ssl=1 200w, https:\/\/i0.wp.com\/eltrabajo.cl\/portal\/wp-content\/uploads\/2014\/11\/incendio-3.jpg?resize=300%2C183&amp;ssl=1 300w, https:\/\/i0.wp.com\/eltrabajo.cl\/portal\/wp-content\/uploads\/2014\/11\/incendio-3.jpg?resize=150%2C91&amp;ssl=1 150w, https:\/\/i0.wp.com\/eltrabajo.cl\/portal\/wp-content\/uploads\/2014\/11\/incendio-3.jpg?resize=400%2C244&amp;ssl=1 400w\" width=\"316\" height=\"194\" loading=\"lazy\" data-original-width=\"316\" data-original-height=\"194\" itemprop=\"http:\/\/schema.org\/image\" title=\"incendio 3\" alt=\"Las llamas consumieron toda la ampliaci\u00f3n de la vivienda ubicada en Villa Juan Pablo II de San Felipe.\" style=\"width: 316px; height: 194px;\" \/> <\/a> <div class=\"tiled-gallery-caption\" itemprop=\"caption description\"> Las llamas consumieron toda la ampliaci\u00f3n de la vivienda ubicada en Villa Juan Pablo II de San Felipe. <\/div> <\/div> <\/div> <!-- close group --> <div class=\"gallery-group images-1\" style=\"width: 320px; height: 198px;\" data-original-width=\"320\" data-original-height=\"198\" > <div class=\"tiled-gallery-item tiled-gallery-item-large\" itemprop=\"associatedMedia\" itemscope itemtype=\"http:\/\/schema.org\/ImageObject\"> <a href=\"https:\/\/eltrabajo.cl\/portal\/mientras-celebraban-halloween-perdieron-todo-en-incendio\/incendio-1-6\/\" border=\"0\" itemprop=\"url\"> <meta itemprop=\"width\" content=\"316\"> <meta itemprop=\"height\" content=\"194\"> <img decoding=\"async\" class=\"\" data-attachment-id=\"52920\" data-orig-file=\"https:\/\/eltrabajo.cl\/portal\/wp-content\/uploads\/2014\/11\/incendio-1.jpg\" data-orig-size=\"529,324\" data-comments-opened=\"1\" data-image-meta=\"{&quot;aperture&quot;:&quot;0&quot;,&quot;credit&quot;:&quot;&quot;,&quot;camera&quot;:&quot;&quot;,&quot;caption&quot;:&quot;&quot;,&quot;created_timestamp&quot;:&quot;0&quot;,&quot;copyright&quot;:&quot;&quot;,&quot;focal_length&quot;:&quot;0&quot;,&quot;iso&quot;:&quot;0&quot;,&quot;shutter_speed&quot;:&quot;0&quot;,&quot;title&quot;:&quot;&quot;,&quot;orientation&quot;:&quot;0&quot;}\" data-image-title=\"incendio 1\" data-image-description=\"&lt;p&gt;Totalmente calcina result\u00f3 la vivienda de Pasaje Papa Anastasio III dejando a una familia literalmente en la calle.&lt;\/p&gt; \" data-medium-file=\"https:\/\/i0.wp.com\/eltrabajo.cl\/portal\/wp-content\/uploads\/2014\/11\/incendio-1.jpg?fit=300%2C183&#038;ssl=1\" data-large-file=\"https:\/\/i0.wp.com\/eltrabajo.cl\/portal\/wp-content\/uploads\/2014\/11\/incendio-1.jpg?fit=529%2C324&#038;ssl=1\" src=\"https:\/\/i0.wp.com\/eltrabajo.cl\/portal\/wp-content\/uploads\/2014\/11\/incendio-1.jpg?w=316&#038;h=194&#038;ssl=1\" srcset=\"https:\/\/i0.wp.com\/eltrabajo.cl\/portal\/wp-content\/uploads\/2014\/11\/incendio-1.jpg?w=529&amp;ssl=1 529w, https:\/\/i0.wp.com\/eltrabajo.cl\/portal\/wp-content\/uploads\/2014\/11\/incendio-1.jpg?resize=200%2C122&amp;ssl=1 200w, https:\/\/i0.wp.com\/eltrabajo.cl\/portal\/wp-content\/uploads\/2014\/11\/incendio-1.jpg?resize=300%2C183&amp;ssl=1 300w, https:\/\/i0.wp.com\/eltrabajo.cl\/portal\/wp-content\/uploads\/2014\/11\/incendio-1.jpg?resize=150%2C91&amp;ssl=1 150w, https:\/\/i0.wp.com\/eltrabajo.cl\/portal\/wp-content\/uploads\/2014\/11\/incendio-1.jpg?resize=400%2C244&amp;ssl=1 400w\" width=\"316\" height=\"194\" loading=\"lazy\" data-original-width=\"316\" data-original-height=\"194\" itemprop=\"http:\/\/schema.org\/image\" title=\"incendio 1\" alt=\"Totalmente calcina result\u00f3 la vivienda de Pasaje Papa Anastasio III dejando a una familia literalmente en la calle.\" style=\"width: 316px; height: 194px;\" \/> <\/a> <div class=\"tiled-gallery-caption\" itemprop=\"caption description\"> Totalmente calcina result\u00f3 la vivienda de Pasaje Papa Anastasio III dejando a una familia literalmente en la calle. <\/div> <\/div> <\/div> <!-- close group --> <\/div> <!-- close row --> <div class=\"gallery-row\" style=\"width: 640px; height: 394px;\" data-original-width=\"640\" data-original-height=\"394\" > <div class=\"gallery-group images-1\" style=\"width: 640px; height: 394px;\" data-original-width=\"640\" data-original-height=\"394\" > <div class=\"tiled-gallery-item tiled-gallery-item-large\" itemprop=\"associatedMedia\" itemscope itemtype=\"http:\/\/schema.org\/ImageObject\"> <a href=\"https:\/\/eltrabajo.cl\/portal\/mientras-celebraban-halloween-perdieron-todo-en-incendio\/incendio-4-3\/\" border=\"0\" itemprop=\"url\"> <meta itemprop=\"width\" content=\"636\"> <meta itemprop=\"height\" content=\"390\"> <img decoding=\"async\" class=\"\" data-attachment-id=\"52922\" data-orig-file=\"https:\/\/eltrabajo.cl\/portal\/wp-content\/uploads\/2014\/11\/incendio-4.jpg\" data-orig-size=\"528,324\" data-comments-opened=\"1\" data-image-meta=\"{&quot;aperture&quot;:&quot;0&quot;,&quot;credit&quot;:&quot;&quot;,&quot;camera&quot;:&quot;&quot;,&quot;caption&quot;:&quot;&quot;,&quot;created_timestamp&quot;:&quot;0&quot;,&quot;copyright&quot;:&quot;&quot;,&quot;focal_length&quot;:&quot;0&quot;,&quot;iso&quot;:&quot;0&quot;,&quot;shutter_speed&quot;:&quot;0&quot;,&quot;title&quot;:&quot;&quot;,&quot;orientation&quot;:&quot;0&quot;}\" data-image-title=\"incendio 4\" data-image-description=\"&lt;p&gt;Entre los escombros es posible apreciar vestuario de los ni\u00f1os y muebles absolutamente da\u00f1ados por las llamas del incendio que se desat\u00f3 en la noche del Halloween.&lt;\/p&gt; \" data-medium-file=\"https:\/\/i0.wp.com\/eltrabajo.cl\/portal\/wp-content\/uploads\/2014\/11\/incendio-4.jpg?fit=300%2C184&#038;ssl=1\" data-large-file=\"https:\/\/i0.wp.com\/eltrabajo.cl\/portal\/wp-content\/uploads\/2014\/11\/incendio-4.jpg?fit=528%2C324&#038;ssl=1\" src=\"https:\/\/i0.wp.com\/eltrabajo.cl\/portal\/wp-content\/uploads\/2014\/11\/incendio-4.jpg?w=636&#038;h=390&#038;ssl=1\" srcset=\"https:\/\/i0.wp.com\/eltrabajo.cl\/portal\/wp-content\/uploads\/2014\/11\/incendio-4.jpg?w=528&amp;ssl=1 528w, https:\/\/i0.wp.com\/eltrabajo.cl\/portal\/wp-content\/uploads\/2014\/11\/incendio-4.jpg?resize=200%2C122&amp;ssl=1 200w, https:\/\/i0.wp.com\/eltrabajo.cl\/portal\/wp-content\/uploads\/2014\/11\/incendio-4.jpg?resize=300%2C184&amp;ssl=1 300w, https:\/\/i0.wp.com\/eltrabajo.cl\/portal\/wp-content\/uploads\/2014\/11\/incendio-4.jpg?resize=150%2C92&amp;ssl=1 150w, https:\/\/i0.wp.com\/eltrabajo.cl\/portal\/wp-content\/uploads\/2014\/11\/incendio-4.jpg?resize=400%2C245&amp;ssl=1 400w\" width=\"636\" height=\"390\" loading=\"lazy\" data-original-width=\"636\" data-original-height=\"390\" itemprop=\"http:\/\/schema.org\/image\" title=\"incendio 4\" alt=\"Entre los escombros es posible apreciar vestuario de los ni\u00f1os y muebles absolutamente da\u00f1ados por las llamas del incendio que se desat\u00f3 en la noche del Halloween.\" style=\"width: 636px; height: 390px;\" \/> <\/a> <div class=\"tiled-gallery-caption\" itemprop=\"caption description\"> Entre los escombros es posible apreciar vestuario de los ni\u00f1os y muebles absolutamente da\u00f1ados por las llamas del incendio que se desat\u00f3 en la noche del Halloween. <\/div> <\/div> <\/div> <!-- close group --> <\/div> <!-- close row --> <\/div>\n","protected":false},"excerpt":{"rendered":"<p>Viviendo en la calle y con lo puesto result\u00f3 un matrimonio y sus cuatro peque\u00f1os hijos, quienes lamentablemente lo perdieron todo luego que su vivienda en Villa Juan Pablo II de San&#8230;<\/p>\n","protected":false},"author":482,"featured_media":52919,"comment_status":"open","ping_status":"closed","sticky":false,"template":"","format":"standard","meta":{"advanced_seo_description":"","jetpack_seo_html_title":"","jetpack_seo_noindex":false,"_jetpack_memberships_contains_paid_content":false,"footnotes":""},"categories":[21],"tags":[],"class_list":["post-52918","post","type-post","status-publish","format-standard","has-post-thumbnail","hentry","category-policial"],"jetpack_featured_media_url":"https:\/\/i0.wp.com\/eltrabajo.cl\/portal\/wp-content\/uploads\/2014\/11\/incendio-2.jpg?fit=529%2C324&ssl=1","jetpack_sharing_enabled":true,"jetpack_likes_enabled":true,"jetpack-related-posts":[],"_links":{"self":[{"href":"https:\/\/eltrabajo.cl\/portal\/wp-json\/wp\/v2\/posts\/52918","targetHints":{"allow":["GET"]}}],"collection":[{"href":"https:\/\/eltrabajo.cl\/portal\/wp-json\/wp\/v2\/posts"}],"about":[{"href":"https:\/\/eltrabajo.cl\/portal\/wp-json\/wp\/v2\/types\/post"}],"author":[{"embeddable":true,"href":"https:\/\/eltrabajo.cl\/portal\/wp-json\/wp\/v2\/users\/482"}],"replies":[{"embeddable":true,"href":"https:\/\/eltrabajo.cl\/portal\/wp-json\/wp\/v2\/comments?post=52918"}],"version-history":[{"count":0,"href":"https:\/\/eltrabajo.cl\/portal\/wp-json\/wp\/v2\/posts\/52918\/revisions"}],"wp:featuredmedia":[{"embeddable":true,"href":"https:\/\/eltrabajo.cl\/portal\/wp-json\/wp\/v2\/media\/52919"}],"wp:attachment":[{"href":"https:\/\/eltrabajo.cl\/portal\/wp-json\/wp\/v2\/media?parent=52918"}],"wp:term":[{"taxonomy":"category","embeddable":true,"href":"https:\/\/eltrabajo.cl\/portal\/wp-json\/wp\/v2\/categories?post=52918"},{"taxonomy":"post_tag","embeddable":true,"href":"https:\/\/eltrabajo.cl\/portal\/wp-json\/wp\/v2\/tags?post=52918"}],"curies":[{"name":"wp","href":"https:\/\/api.w.org\/{rel}","templated":true}]}}