{"id":52926,"date":"2014-11-04T09:27:46","date_gmt":"2014-11-04T12:27:46","guid":{"rendered":"http:\/\/www.eltrabajo.cl\/portal\/?p=52926"},"modified":"2014-11-04T09:27:46","modified_gmt":"2014-11-04T12:27:46","slug":"con-alegre-festival-celebraron-dia-del-adulto-mayor-2014","status":"publish","type":"post","link":"https:\/\/eltrabajo.cl\/portal\/con-alegre-festival-celebraron-dia-del-adulto-mayor-2014\/","title":{"rendered":"Con alegre festival celebraron D\u00eda del Adulto Mayor 2014"},"content":{"rendered":"<figure id=\"attachment_52929\" aria-describedby=\"caption-attachment-52929\" style=\"width: 529px\" class=\"wp-caption alignnone\"><a href=\"https:\/\/i0.wp.com\/www.eltrabajo.cl\/portal\/wp-content\/uploads\/2014\/11\/Teatro1.jpg\"><img data-recalc-dims=\"1\" loading=\"lazy\" decoding=\"async\" class=\"size-full wp-image-52929\" src=\"https:\/\/i0.wp.com\/www.eltrabajo.cl\/portal\/wp-content\/uploads\/2014\/11\/Teatro1.jpg?resize=529%2C331\" alt=\"La tarde del mi\u00e9rcoles 29 de octubre, m\u00e1s de 700 adultos mayores se dieron cita en el Cine Teatro Municipal a disfrutar de la actividad de celebraci\u00f3n del D\u00eda de del Adulto Mayor.\" width=\"529\" height=\"331\" srcset=\"https:\/\/i0.wp.com\/eltrabajo.cl\/portal\/wp-content\/uploads\/2014\/11\/Teatro1.jpg?w=529&amp;ssl=1 529w, https:\/\/i0.wp.com\/eltrabajo.cl\/portal\/wp-content\/uploads\/2014\/11\/Teatro1.jpg?resize=200%2C125&amp;ssl=1 200w, https:\/\/i0.wp.com\/eltrabajo.cl\/portal\/wp-content\/uploads\/2014\/11\/Teatro1.jpg?resize=300%2C187&amp;ssl=1 300w, https:\/\/i0.wp.com\/eltrabajo.cl\/portal\/wp-content\/uploads\/2014\/11\/Teatro1.jpg?resize=150%2C93&amp;ssl=1 150w, https:\/\/i0.wp.com\/eltrabajo.cl\/portal\/wp-content\/uploads\/2014\/11\/Teatro1.jpg?resize=400%2C250&amp;ssl=1 400w\" sizes=\"auto, (max-width: 529px) 100vw, 529px\" \/><\/a><figcaption id=\"caption-attachment-52929\" class=\"wp-caption-text\">La tarde del mi\u00e9rcoles 29 de octubre, m\u00e1s de 700 adultos mayores se dieron cita en el Cine Teatro Municipal a disfrutar de la actividad de celebraci\u00f3n del D\u00eda de del Adulto Mayor.<\/figcaption><\/figure>\n<p><strong>LLAY LLAY.<\/strong>&#8211; La tarde del mi\u00e9rcoles 29 de octubre, m\u00e1s de 700 adultos mayores se dieron cita en el Cine Teatro Municipal a disfrutar de la actividad de celebraci\u00f3n del D\u00eda de del Adulto Mayor. Los festejados recibieron regalos, colaciones y tuvieron una linda jornada preparada por la esposa del alcalde, Nancy Guerra, la Oficina de la Mujer y funcionarios municipales.<\/p>\n<figure id=\"attachment_52930\" aria-describedby=\"caption-attachment-52930\" style=\"width: 400px\" class=\"wp-caption alignright\"><a href=\"https:\/\/i0.wp.com\/www.eltrabajo.cl\/portal\/wp-content\/uploads\/2014\/11\/TERESA-FARIAS.jpg\"><img data-recalc-dims=\"1\" loading=\"lazy\" decoding=\"async\" class=\"wp-image-52930\" src=\"https:\/\/i0.wp.com\/www.eltrabajo.cl\/portal\/wp-content\/uploads\/2014\/11\/TERESA-FARIAS-300x227.jpg?resize=400%2C304\" alt=\"Teresa Far\u00edas, Reina del Club del Colegio de Profesores de Llay Llay.\" width=\"400\" height=\"304\" srcset=\"https:\/\/i0.wp.com\/eltrabajo.cl\/portal\/wp-content\/uploads\/2014\/11\/TERESA-FARIAS.jpg?resize=300%2C227&amp;ssl=1 300w, https:\/\/i0.wp.com\/eltrabajo.cl\/portal\/wp-content\/uploads\/2014\/11\/TERESA-FARIAS.jpg?resize=197%2C150&amp;ssl=1 197w, https:\/\/i0.wp.com\/eltrabajo.cl\/portal\/wp-content\/uploads\/2014\/11\/TERESA-FARIAS.jpg?resize=150%2C113&amp;ssl=1 150w, https:\/\/i0.wp.com\/eltrabajo.cl\/portal\/wp-content\/uploads\/2014\/11\/TERESA-FARIAS.jpg?resize=400%2C303&amp;ssl=1 400w, https:\/\/i0.wp.com\/eltrabajo.cl\/portal\/wp-content\/uploads\/2014\/11\/TERESA-FARIAS.jpg?w=528&amp;ssl=1 528w\" sizes=\"auto, (max-width: 400px) 100vw, 400px\" \/><\/a><figcaption id=\"caption-attachment-52930\" class=\"wp-caption-text\">Teresa Far\u00edas, Reina del Club del Colegio de Profesores de Llay Llay.<\/figcaption><\/figure>\n<p>La hermosa actividad, llena de energ\u00eda, entusiasmo y mucha vitalidad, fue compartida por el Alcalde Mario Marillanca, la Directora de la Oficina de la Mujer, Nancy Guerra; la presidenta de la Uni\u00f3n Comunal del Adulto Mayor, Silvia Cabrera; el Concejal Edgardo Gonz\u00e1lez, los representantes de Caja Los Andes, las respectivas reinas de los 24 clubes de Adulto Mayor presentes, sus familiares y funcionarios municipales del equipo de trabajo.<br \/>\nCada club representado por su reina se hizo presente en el escenario en dos bloques; en el primero fueron premiadas por el Alcalde Marillanca: Fresia Rojo del Club La Esperanza, Sarita Guti\u00e9rrez del Club San Mart\u00edn de Porres, Delfina Salina de Club San Francisco de As\u00eds, Gladys Beiza de Club Alberto Hurtado, Mar\u00eda Santib\u00e1\u00f1ez Club Luz y Progreso, Carmen Rojo de Club Nuestro Espacio, Irma Le\u00f3n de Club Jorge N\u00fa\u00f1ez, Eva Vega de Club Vida Nueva, Teresa Far\u00edas de Club Colegio de Profesores, Marta Silva de Club San Patricio, Mar\u00eda Rom\u00e1n de Club Andacollo, Carmen Ahumada del club mis A\u00f1os Dorados, Mar\u00eda Castillo de Club Los Amigos de Siempre.<br \/>\nEn el segundo bloque se hicieron presentes: Geraldina P\u00e9rez del club Asociaci\u00f3n de pensionados, Gladys Qui\u00f1ones del club Vecinos y Amigos, Mar\u00eda Madariaga, del Club Los Pensamientos; Nancy Herrera del club San Jos\u00e9, Gladys Varas de Club Coraz\u00f3n de Jes\u00fas, Marianela Olivares de Club Las Carmelitas, Eugenia Morales, de Club Plenitud; Elsa Fuentes de Club V\u00ednculos de Amistad, Mar\u00eda Zamora de Club Leucot\u00f3n, Ana Mar\u00eda L\u00f3pez de Club J\u00f3venes por Siempre y Rosa Ortiz de Club Esp\u00edritu Joven.<br \/>\nLos n\u00fameros del show, fueron preparados con antelaci\u00f3n por los socios \u00abvienen ensayando hace muchas semanas, han practicado mucho,\u00bb desclasific\u00f3 la Presidenta de la Uni\u00f3n Comunal del Adulto Mayor, Silvia Cabrera. Lo que claramente se nota en el escenario, por la destreza de cada baile, la gracia, empe\u00f1o y entusiasmo que ponen al ejecutar su arte, con el que deleitaron y arrancaron aplausos al p\u00fablico presente.<\/p>\n<p>&nbsp;<\/p>\n","protected":false},"excerpt":{"rendered":"<p>LLAY LLAY.&#8211; La tarde del mi\u00e9rcoles 29 de octubre, m\u00e1s de 700 adultos mayores se dieron cita en el Cine Teatro Municipal a disfrutar de la actividad de celebraci\u00f3n del D\u00eda de&#8230;<\/p>\n","protected":false},"author":482,"featured_media":52929,"comment_status":"open","ping_status":"closed","sticky":false,"template":"","format":"standard","meta":{"advanced_seo_description":"","jetpack_seo_html_title":"","jetpack_seo_noindex":false,"_jetpack_memberships_contains_paid_content":false,"footnotes":""},"categories":[15],"tags":[],"class_list":["post-52926","post","type-post","status-publish","format-standard","has-post-thumbnail","hentry","category-comunidad"],"jetpack_featured_media_url":"https:\/\/i0.wp.com\/eltrabajo.cl\/portal\/wp-content\/uploads\/2014\/11\/Teatro1.jpg?fit=529%2C331&ssl=1","jetpack_sharing_enabled":true,"jetpack_likes_enabled":true,"jetpack-related-posts":[],"_links":{"self":[{"href":"https:\/\/eltrabajo.cl\/portal\/wp-json\/wp\/v2\/posts\/52926","targetHints":{"allow":["GET"]}}],"collection":[{"href":"https:\/\/eltrabajo.cl\/portal\/wp-json\/wp\/v2\/posts"}],"about":[{"href":"https:\/\/eltrabajo.cl\/portal\/wp-json\/wp\/v2\/types\/post"}],"author":[{"embeddable":true,"href":"https:\/\/eltrabajo.cl\/portal\/wp-json\/wp\/v2\/users\/482"}],"replies":[{"embeddable":true,"href":"https:\/\/eltrabajo.cl\/portal\/wp-json\/wp\/v2\/comments?post=52926"}],"version-history":[{"count":0,"href":"https:\/\/eltrabajo.cl\/portal\/wp-json\/wp\/v2\/posts\/52926\/revisions"}],"wp:featuredmedia":[{"embeddable":true,"href":"https:\/\/eltrabajo.cl\/portal\/wp-json\/wp\/v2\/media\/52929"}],"wp:attachment":[{"href":"https:\/\/eltrabajo.cl\/portal\/wp-json\/wp\/v2\/media?parent=52926"}],"wp:term":[{"taxonomy":"category","embeddable":true,"href":"https:\/\/eltrabajo.cl\/portal\/wp-json\/wp\/v2\/categories?post=52926"},{"taxonomy":"post_tag","embeddable":true,"href":"https:\/\/eltrabajo.cl\/portal\/wp-json\/wp\/v2\/tags?post=52926"}],"curies":[{"name":"wp","href":"https:\/\/api.w.org\/{rel}","templated":true}]}}