{"id":52933,"date":"2014-11-04T09:29:29","date_gmt":"2014-11-04T12:29:29","guid":{"rendered":"http:\/\/www.eltrabajo.cl\/portal\/?p=52933"},"modified":"2014-11-04T09:29:29","modified_gmt":"2014-11-04T12:29:29","slug":"reconocen-trayectoria-de-funcionarios-municipales-en-su-dia","status":"publish","type":"post","link":"https:\/\/eltrabajo.cl\/portal\/reconocen-trayectoria-de-funcionarios-municipales-en-su-dia\/","title":{"rendered":"Reconocen trayectoria de funcionarios municipales en su d\u00eda"},"content":{"rendered":"<figure id=\"attachment_52934\" aria-describedby=\"caption-attachment-52934\" style=\"width: 400px\" class=\"wp-caption alignleft\"><a href=\"https:\/\/i0.wp.com\/www.eltrabajo.cl\/portal\/wp-content\/uploads\/2014\/11\/Premio1.jpg\"><img data-recalc-dims=\"1\" loading=\"lazy\" decoding=\"async\" class=\"wp-image-52934\" src=\"https:\/\/i0.wp.com\/www.eltrabajo.cl\/portal\/wp-content\/uploads\/2014\/11\/Premio1.jpg?resize=400%2C297\" alt=\"Durante una semana, el municipio Panquehuino estuvo realizando actividades por parte de sus funcionarios, con motivo del d\u00eda del funcionario. \" width=\"400\" height=\"297\" srcset=\"https:\/\/i0.wp.com\/eltrabajo.cl\/portal\/wp-content\/uploads\/2014\/11\/Premio1.jpg?w=528&amp;ssl=1 528w, https:\/\/i0.wp.com\/eltrabajo.cl\/portal\/wp-content\/uploads\/2014\/11\/Premio1.jpg?resize=200%2C148&amp;ssl=1 200w, https:\/\/i0.wp.com\/eltrabajo.cl\/portal\/wp-content\/uploads\/2014\/11\/Premio1.jpg?resize=300%2C222&amp;ssl=1 300w, https:\/\/i0.wp.com\/eltrabajo.cl\/portal\/wp-content\/uploads\/2014\/11\/Premio1.jpg?resize=150%2C111&amp;ssl=1 150w, https:\/\/i0.wp.com\/eltrabajo.cl\/portal\/wp-content\/uploads\/2014\/11\/Premio1.jpg?resize=400%2C296&amp;ssl=1 400w\" sizes=\"auto, (max-width: 400px) 100vw, 400px\" \/><\/a><figcaption id=\"caption-attachment-52934\" class=\"wp-caption-text\">Durante una semana, el municipio Panquehuino estuvo realizando actividades por parte de sus funcionarios, con motivo del d\u00eda del funcionario.<\/figcaption><\/figure>\n<p><strong>PANQUEHUE<\/strong>.- Con motivo de la celebraci\u00f3n del D\u00eda del Funcionario, el municipio de la comuna de Panquehue estuvo realizando distintas actividades recreativas por parte de sus trabajadores. Distintos departamentos agrupados en dos alianzas (Amarilla y Blanca), estuvieron enfrentadas en competencias y sana convivencia.<\/p>\n<figure id=\"attachment_52935\" aria-describedby=\"caption-attachment-52935\" style=\"width: 400px\" class=\"wp-caption alignright\"><a href=\"https:\/\/i0.wp.com\/www.eltrabajo.cl\/portal\/wp-content\/uploads\/2014\/11\/Premio2.jpg\"><img data-recalc-dims=\"1\" loading=\"lazy\" decoding=\"async\" class=\"wp-image-52935\" src=\"https:\/\/i0.wp.com\/www.eltrabajo.cl\/portal\/wp-content\/uploads\/2014\/11\/Premio2.jpg?resize=400%2C238\" alt=\"Con motivo de la celebraci\u00f3n del D\u00eda del Funcionario, el municipio de la comuna de Panquehue estuvo realizando distintas actividades recreativas por parte de sus trabajadores.\" width=\"400\" height=\"238\" srcset=\"https:\/\/i0.wp.com\/eltrabajo.cl\/portal\/wp-content\/uploads\/2014\/11\/Premio2.jpg?w=529&amp;ssl=1 529w, https:\/\/i0.wp.com\/eltrabajo.cl\/portal\/wp-content\/uploads\/2014\/11\/Premio2.jpg?resize=200%2C119&amp;ssl=1 200w, https:\/\/i0.wp.com\/eltrabajo.cl\/portal\/wp-content\/uploads\/2014\/11\/Premio2.jpg?resize=300%2C178&amp;ssl=1 300w, https:\/\/i0.wp.com\/eltrabajo.cl\/portal\/wp-content\/uploads\/2014\/11\/Premio2.jpg?resize=150%2C89&amp;ssl=1 150w, https:\/\/i0.wp.com\/eltrabajo.cl\/portal\/wp-content\/uploads\/2014\/11\/Premio2.jpg?resize=400%2C238&amp;ssl=1 400w\" sizes=\"auto, (max-width: 400px) 100vw, 400px\" \/><\/a><figcaption id=\"caption-attachment-52935\" class=\"wp-caption-text\">Con motivo de la celebraci\u00f3n del D\u00eda del Funcionario, el municipio de la comuna de Panquehue estuvo realizando distintas actividades recreativas por parte de sus trabajadores.<\/figcaption><\/figure>\n<p>Es as\u00ed que hubo disfraces, ornamentaci\u00f3n de las oficinas, presentaci\u00f3n de n\u00fameros art\u00edsticos, competencias deportivas, concurso de baile, para terminar con una cena. Tras el anuncio del triunfo de la alianza blanca, la asociaci\u00f3n de funcionarios municipales, que preside Evelyn Figueroa junto Alcalde Luis Pradenas hicieron entrega de galvanos de reconocimiento, que en esta oportunidad recayeron en los siguientes funcionarios.<br \/>\nMarcos Mu\u00f1oz por 15 a\u00f1os de servicio; Pablo Arancibia por 20 a\u00f1os; Claudio Aguayo por 21 a\u00f1os; Sandra Calder\u00f3n por 21 a\u00f1os; Manuel Pav\u00e9s por 22 a\u00f1os, Magaly Sep\u00falveda por 23 a\u00f1os, Elia Bahamondes por 31 a\u00f1os, C\u00e9sar Sanhueza por 33 a\u00f1os y Jaime Canto con 44 a\u00f1os de servicio.<br \/>\nEl Alcalde Pradenas se\u00f1al\u00f3 que fue una semana muy especial, en donde junto a las distintas actividades, el municipio no vio entorpecido su normal funcionamiento. \u201cEste tipo de actividades refuerza las relaciones humanas entre los funcionarios y estoy muy contento con todo lo realizado\u201d.<\/p>\n","protected":false},"excerpt":{"rendered":"<p>PANQUEHUE.- Con motivo de la celebraci\u00f3n del D\u00eda del Funcionario, el municipio de la comuna de Panquehue estuvo realizando distintas actividades recreativas por parte de sus trabajadores. Distintos departamentos agrupados en dos&#8230;<\/p>\n","protected":false},"author":482,"featured_media":52934,"comment_status":"open","ping_status":"closed","sticky":false,"template":"","format":"standard","meta":{"advanced_seo_description":"","jetpack_seo_html_title":"","jetpack_seo_noindex":false,"_jetpack_memberships_contains_paid_content":false,"footnotes":""},"categories":[15],"tags":[],"class_list":["post-52933","post","type-post","status-publish","format-standard","has-post-thumbnail","hentry","category-comunidad"],"jetpack_featured_media_url":"https:\/\/i0.wp.com\/eltrabajo.cl\/portal\/wp-content\/uploads\/2014\/11\/Premio1.jpg?fit=528%2C392&ssl=1","jetpack_sharing_enabled":true,"jetpack_likes_enabled":true,"jetpack-related-posts":[],"_links":{"self":[{"href":"https:\/\/eltrabajo.cl\/portal\/wp-json\/wp\/v2\/posts\/52933","targetHints":{"allow":["GET"]}}],"collection":[{"href":"https:\/\/eltrabajo.cl\/portal\/wp-json\/wp\/v2\/posts"}],"about":[{"href":"https:\/\/eltrabajo.cl\/portal\/wp-json\/wp\/v2\/types\/post"}],"author":[{"embeddable":true,"href":"https:\/\/eltrabajo.cl\/portal\/wp-json\/wp\/v2\/users\/482"}],"replies":[{"embeddable":true,"href":"https:\/\/eltrabajo.cl\/portal\/wp-json\/wp\/v2\/comments?post=52933"}],"version-history":[{"count":0,"href":"https:\/\/eltrabajo.cl\/portal\/wp-json\/wp\/v2\/posts\/52933\/revisions"}],"wp:featuredmedia":[{"embeddable":true,"href":"https:\/\/eltrabajo.cl\/portal\/wp-json\/wp\/v2\/media\/52934"}],"wp:attachment":[{"href":"https:\/\/eltrabajo.cl\/portal\/wp-json\/wp\/v2\/media?parent=52933"}],"wp:term":[{"taxonomy":"category","embeddable":true,"href":"https:\/\/eltrabajo.cl\/portal\/wp-json\/wp\/v2\/categories?post=52933"},{"taxonomy":"post_tag","embeddable":true,"href":"https:\/\/eltrabajo.cl\/portal\/wp-json\/wp\/v2\/tags?post=52933"}],"curies":[{"name":"wp","href":"https:\/\/api.w.org\/{rel}","templated":true}]}}