{"id":52940,"date":"2014-11-04T09:33:57","date_gmt":"2014-11-04T12:33:57","guid":{"rendered":"http:\/\/www.eltrabajo.cl\/portal\/?p=52940"},"modified":"2014-11-04T09:33:57","modified_gmt":"2014-11-04T12:33:57","slug":"hasta-cantando-carolina-arancibia-merece-ser-reina-de-la-primavera","status":"publish","type":"post","link":"https:\/\/eltrabajo.cl\/portal\/hasta-cantando-carolina-arancibia-merece-ser-reina-de-la-primavera\/","title":{"rendered":"Hasta cantando Carolina Arancibia merece ser Reina de la Primavera"},"content":{"rendered":"<figure id=\"attachment_52942\" aria-describedby=\"caption-attachment-52942\" style=\"width: 300px\" class=\"wp-caption alignleft\"><a href=\"https:\/\/i0.wp.com\/www.eltrabajo.cl\/portal\/wp-content\/uploads\/2014\/11\/carolina-arancibia.jpg\"><img data-recalc-dims=\"1\" loading=\"lazy\" decoding=\"async\" class=\"wp-image-52942 size-medium\" src=\"https:\/\/i0.wp.com\/www.eltrabajo.cl\/portal\/wp-content\/uploads\/2014\/11\/carolina-arancibia-300x227.jpg?resize=300%2C227\" alt=\"Carolina visit\u00f3 los estudios de www.radio10.cl, donde lo pas\u00f3 \u00abchancho\u00bb y ri\u00f3 de buena gana la ma\u00f1ana de ayer.\" width=\"300\" height=\"227\" srcset=\"https:\/\/i0.wp.com\/eltrabajo.cl\/portal\/wp-content\/uploads\/2014\/11\/carolina-arancibia.jpg?resize=300%2C227&amp;ssl=1 300w, https:\/\/i0.wp.com\/eltrabajo.cl\/portal\/wp-content\/uploads\/2014\/11\/carolina-arancibia.jpg?resize=198%2C150&amp;ssl=1 198w, https:\/\/i0.wp.com\/eltrabajo.cl\/portal\/wp-content\/uploads\/2014\/11\/carolina-arancibia.jpg?resize=150%2C113&amp;ssl=1 150w, https:\/\/i0.wp.com\/eltrabajo.cl\/portal\/wp-content\/uploads\/2014\/11\/carolina-arancibia.jpg?resize=400%2C303&amp;ssl=1 400w, https:\/\/i0.wp.com\/eltrabajo.cl\/portal\/wp-content\/uploads\/2014\/11\/carolina-arancibia.jpg?w=528&amp;ssl=1 528w\" sizes=\"auto, (max-width: 300px) 100vw, 300px\" \/><\/a><figcaption id=\"caption-attachment-52942\" class=\"wp-caption-text\">Carolina visit\u00f3 los estudios de www.radio10.cl, donde lo pas\u00f3 \u00abchancho\u00bb y ri\u00f3 de buena gana la ma\u00f1ana de ayer.<\/figcaption><\/figure>\n<p>Entre el comercio exterior y los abuelitos vive por estos d\u00edas Carolina Arancibia S\u00e1ez, de 29 a\u00f1os de edad, quien representa a las villas La Nacional, Santa Rosa, Las Camelias y Yevide como candidata a Reina de la Primavera 2014 de San Felipe.<br \/>\nCarolina estudi\u00f3 Comercio Exterior en Santiago y actualmente es madre de una peque\u00f1a bebita de solo un a\u00f1o y medio de vida. Respecto a su candidatura, est\u00e1 fascinada ya que le ha permitido realizar bastantes actividades sociales, principalmente con los abuelitos. Es as\u00ed como ha visitado los hogares de la Fundaci\u00f3n Trivelli, Hogar de Cristo, El Ed\u00e9n 1 y El Ed\u00e9n 2, donde ha podido compartir con los \u00abviejitos\u00bb a quienes no solo los acompa\u00f1a, escucha y entrega uno que otro regalito, sino que tambi\u00e9n les corta el pelo y hasta les canta, ya que esta candidata posee una excelente voz con la que deleit\u00f3 a los auditores de www.radio10.cl la ma\u00f1ana de ayer.<br \/>\nCabe destacar que para este s\u00e1bado Carolina tiene contemplado realizar una \u00abZumbat\u00f3n\u00bb a partir de las 19 horas en la plaza c\u00edvica de la ciudad, a la que invita a participar a toda la comunidad. En tanto el domingo tiene contemplado para los m\u00e1s chicos de la casa, la instalaci\u00f3n de juegos inflables en nuestro principal paseo p\u00fablico.<\/p>\n<div class=\"tiled-gallery type-rectangular tiled-gallery-unresized\" data-original-width=\"640\" data-carousel-extra='null' itemscope itemtype=\"http:\/\/schema.org\/ImageGallery\" > <div class=\"gallery-row\" style=\"width: 640px; height: 244px;\" data-original-width=\"640\" data-original-height=\"244\" > <div class=\"gallery-group images-1\" style=\"width: 320px; height: 244px;\" data-original-width=\"320\" data-original-height=\"244\" > <div class=\"tiled-gallery-item tiled-gallery-item-large\" itemprop=\"associatedMedia\" itemscope itemtype=\"http:\/\/schema.org\/ImageObject\"> <a href=\"https:\/\/eltrabajo.cl\/portal\/hasta-cantando-carolina-arancibia-merece-ser-reina-de-la-primavera\/carolina-arancibia-con-ninos-y-vecinos\/\" border=\"0\" itemprop=\"url\"> <meta itemprop=\"width\" content=\"316\"> <meta itemprop=\"height\" content=\"240\"> <img decoding=\"async\" class=\"\" data-attachment-id=\"52943\" data-orig-file=\"https:\/\/eltrabajo.cl\/portal\/wp-content\/uploads\/2014\/11\/carolina-arancibia-con-ni\u00f1os-y-vecinos.jpg\" data-orig-size=\"528,401\" data-comments-opened=\"1\" data-image-meta=\"{&quot;aperture&quot;:&quot;0&quot;,&quot;credit&quot;:&quot;&quot;,&quot;camera&quot;:&quot;&quot;,&quot;caption&quot;:&quot;&quot;,&quot;created_timestamp&quot;:&quot;0&quot;,&quot;copyright&quot;:&quot;&quot;,&quot;focal_length&quot;:&quot;0&quot;,&quot;iso&quot;:&quot;0&quot;,&quot;shutter_speed&quot;:&quot;0&quot;,&quot;title&quot;:&quot;&quot;,&quot;orientation&quot;:&quot;0&quot;}\" data-image-title=\"carolina arancibia con ni\u00f1os y vecinos\" data-image-description=\"&lt;p&gt;Junto a ni\u00f1os y vecinos en una de las tantas actividades que ha desarrollado la aspirante a soberana.&lt;\/p&gt; \" data-medium-file=\"https:\/\/i0.wp.com\/eltrabajo.cl\/portal\/wp-content\/uploads\/2014\/11\/carolina-arancibia-con-ni%C3%B1os-y-vecinos.jpg?fit=300%2C227&#038;ssl=1\" data-large-file=\"https:\/\/i0.wp.com\/eltrabajo.cl\/portal\/wp-content\/uploads\/2014\/11\/carolina-arancibia-con-ni%C3%B1os-y-vecinos.jpg?fit=528%2C401&#038;ssl=1\" src=\"https:\/\/i0.wp.com\/eltrabajo.cl\/portal\/wp-content\/uploads\/2014\/11\/carolina-arancibia-con-ni%C3%B1os-y-vecinos.jpg?w=316&#038;h=240&#038;ssl=1\" width=\"316\" height=\"240\" loading=\"lazy\" data-original-width=\"316\" data-original-height=\"240\" itemprop=\"http:\/\/schema.org\/image\" title=\"carolina arancibia con ni\u00f1os y vecinos\" alt=\"Junto a ni\u00f1os y vecinos en una de las tantas actividades que ha desarrollado la aspirante a soberana.\" style=\"width: 316px; height: 240px;\" \/> <\/a> <div class=\"tiled-gallery-caption\" itemprop=\"caption description\"> Junto a ni\u00f1os y vecinos en una de las tantas actividades que ha desarrollado la aspirante a soberana. <\/div> <\/div> <\/div> <!-- close group --> <div class=\"gallery-group images-1\" style=\"width: 320px; height: 244px;\" data-original-width=\"320\" data-original-height=\"244\" > <div class=\"tiled-gallery-item tiled-gallery-item-large\" itemprop=\"associatedMedia\" itemscope itemtype=\"http:\/\/schema.org\/ImageObject\"> <a href=\"https:\/\/eltrabajo.cl\/portal\/hasta-cantando-carolina-arancibia-merece-ser-reina-de-la-primavera\/carolina-arancibia-2\/\" border=\"0\" itemprop=\"url\"> <meta itemprop=\"width\" content=\"316\"> <meta itemprop=\"height\" content=\"240\"> <img decoding=\"async\" class=\"\" data-attachment-id=\"52942\" data-orig-file=\"https:\/\/eltrabajo.cl\/portal\/wp-content\/uploads\/2014\/11\/carolina-arancibia.jpg\" data-orig-size=\"528,400\" data-comments-opened=\"1\" data-image-meta=\"{&quot;aperture&quot;:&quot;0&quot;,&quot;credit&quot;:&quot;&quot;,&quot;camera&quot;:&quot;&quot;,&quot;caption&quot;:&quot;&quot;,&quot;created_timestamp&quot;:&quot;0&quot;,&quot;copyright&quot;:&quot;&quot;,&quot;focal_length&quot;:&quot;0&quot;,&quot;iso&quot;:&quot;0&quot;,&quot;shutter_speed&quot;:&quot;0&quot;,&quot;title&quot;:&quot;&quot;,&quot;orientation&quot;:&quot;0&quot;}\" data-image-title=\"carolina arancibia\" data-image-description=\"&lt;p&gt;Carolina visit\u00f3 los estudios de www.radio10.cl, donde lo pas\u00f3 \u00abchancho\u00bb y ri\u00f3 de buena gana la ma\u00f1ana de ayer.&lt;\/p&gt; \" data-medium-file=\"https:\/\/i0.wp.com\/eltrabajo.cl\/portal\/wp-content\/uploads\/2014\/11\/carolina-arancibia.jpg?fit=300%2C227&#038;ssl=1\" data-large-file=\"https:\/\/i0.wp.com\/eltrabajo.cl\/portal\/wp-content\/uploads\/2014\/11\/carolina-arancibia.jpg?fit=528%2C400&#038;ssl=1\" src=\"https:\/\/i0.wp.com\/eltrabajo.cl\/portal\/wp-content\/uploads\/2014\/11\/carolina-arancibia.jpg?w=316&#038;h=240&#038;ssl=1\" srcset=\"https:\/\/i0.wp.com\/eltrabajo.cl\/portal\/wp-content\/uploads\/2014\/11\/carolina-arancibia.jpg?w=528&amp;ssl=1 528w, https:\/\/i0.wp.com\/eltrabajo.cl\/portal\/wp-content\/uploads\/2014\/11\/carolina-arancibia.jpg?resize=198%2C150&amp;ssl=1 198w, https:\/\/i0.wp.com\/eltrabajo.cl\/portal\/wp-content\/uploads\/2014\/11\/carolina-arancibia.jpg?resize=300%2C227&amp;ssl=1 300w, https:\/\/i0.wp.com\/eltrabajo.cl\/portal\/wp-content\/uploads\/2014\/11\/carolina-arancibia.jpg?resize=150%2C113&amp;ssl=1 150w, https:\/\/i0.wp.com\/eltrabajo.cl\/portal\/wp-content\/uploads\/2014\/11\/carolina-arancibia.jpg?resize=400%2C303&amp;ssl=1 400w\" width=\"316\" height=\"240\" loading=\"lazy\" data-original-width=\"316\" data-original-height=\"240\" itemprop=\"http:\/\/schema.org\/image\" title=\"carolina arancibia\" alt=\"Carolina visit\u00f3 los estudios de www.radio10.cl, donde lo pas\u00f3 \u00abchancho\u00bb y ri\u00f3 de buena gana la ma\u00f1ana de ayer.\" style=\"width: 316px; height: 240px;\" \/> <\/a> <div class=\"tiled-gallery-caption\" itemprop=\"caption description\"> Carolina visit\u00f3 los estudios de www.radio10.cl, donde lo pas\u00f3 \u00abchancho\u00bb y ri\u00f3 de buena gana la ma\u00f1ana de ayer. <\/div> <\/div> <\/div> <!-- close group --> <\/div> <!-- close row --> <\/div>\n","protected":false},"excerpt":{"rendered":"<p>Entre el comercio exterior y los abuelitos vive por estos d\u00edas Carolina Arancibia S\u00e1ez, de 29 a\u00f1os de edad, quien representa a las villas La Nacional, Santa Rosa, Las Camelias y Yevide&#8230;<\/p>\n","protected":false},"author":482,"featured_media":52942,"comment_status":"open","ping_status":"closed","sticky":false,"template":"","format":"standard","meta":{"advanced_seo_description":"","jetpack_seo_html_title":"","jetpack_seo_noindex":false,"_jetpack_memberships_contains_paid_content":false,"footnotes":""},"categories":[15],"tags":[],"class_list":["post-52940","post","type-post","status-publish","format-standard","has-post-thumbnail","hentry","category-comunidad"],"jetpack_featured_media_url":"https:\/\/i0.wp.com\/eltrabajo.cl\/portal\/wp-content\/uploads\/2014\/11\/carolina-arancibia.jpg?fit=528%2C400&ssl=1","jetpack_sharing_enabled":true,"jetpack_likes_enabled":true,"jetpack-related-posts":[],"_links":{"self":[{"href":"https:\/\/eltrabajo.cl\/portal\/wp-json\/wp\/v2\/posts\/52940","targetHints":{"allow":["GET"]}}],"collection":[{"href":"https:\/\/eltrabajo.cl\/portal\/wp-json\/wp\/v2\/posts"}],"about":[{"href":"https:\/\/eltrabajo.cl\/portal\/wp-json\/wp\/v2\/types\/post"}],"author":[{"embeddable":true,"href":"https:\/\/eltrabajo.cl\/portal\/wp-json\/wp\/v2\/users\/482"}],"replies":[{"embeddable":true,"href":"https:\/\/eltrabajo.cl\/portal\/wp-json\/wp\/v2\/comments?post=52940"}],"version-history":[{"count":0,"href":"https:\/\/eltrabajo.cl\/portal\/wp-json\/wp\/v2\/posts\/52940\/revisions"}],"wp:featuredmedia":[{"embeddable":true,"href":"https:\/\/eltrabajo.cl\/portal\/wp-json\/wp\/v2\/media\/52942"}],"wp:attachment":[{"href":"https:\/\/eltrabajo.cl\/portal\/wp-json\/wp\/v2\/media?parent=52940"}],"wp:term":[{"taxonomy":"category","embeddable":true,"href":"https:\/\/eltrabajo.cl\/portal\/wp-json\/wp\/v2\/categories?post=52940"},{"taxonomy":"post_tag","embeddable":true,"href":"https:\/\/eltrabajo.cl\/portal\/wp-json\/wp\/v2\/tags?post=52940"}],"curies":[{"name":"wp","href":"https:\/\/api.w.org\/{rel}","templated":true}]}}