{"id":52948,"date":"2014-11-04T09:39:01","date_gmt":"2014-11-04T12:39:01","guid":{"rendered":"http:\/\/www.eltrabajo.cl\/portal\/?p=52948"},"modified":"2014-11-04T09:39:01","modified_gmt":"2014-11-04T12:39:01","slug":"exitosa-primera-version-del-festival-de-la-voz-escolar-2014","status":"publish","type":"post","link":"https:\/\/eltrabajo.cl\/portal\/exitosa-primera-version-del-festival-de-la-voz-escolar-2014\/","title":{"rendered":"Exitosa primera versi\u00f3n del Festival de la Voz escolar 2014"},"content":{"rendered":"<figure id=\"attachment_52949\" aria-describedby=\"caption-attachment-52949\" style=\"width: 528px\" class=\"wp-caption alignnone\"><a href=\"https:\/\/i0.wp.com\/www.eltrabajo.cl\/portal\/wp-content\/uploads\/2014\/11\/Voz1.jpg\"><img data-recalc-dims=\"1\" loading=\"lazy\" decoding=\"async\" class=\"size-full wp-image-52949\" src=\"https:\/\/i0.wp.com\/www.eltrabajo.cl\/portal\/wp-content\/uploads\/2014\/11\/Voz1.jpg?resize=528%2C332\" alt=\"Todo un \u00e9xito fue la participaci\u00f3n de los alumnos de los diferentes establecimientos educacionales municipalizados, en la primera versi\u00f3n del Festival de la Voz escolar 2014.\" width=\"528\" height=\"332\" srcset=\"https:\/\/i0.wp.com\/eltrabajo.cl\/portal\/wp-content\/uploads\/2014\/11\/Voz1.jpg?w=528&amp;ssl=1 528w, https:\/\/i0.wp.com\/eltrabajo.cl\/portal\/wp-content\/uploads\/2014\/11\/Voz1.jpg?resize=200%2C125&amp;ssl=1 200w, https:\/\/i0.wp.com\/eltrabajo.cl\/portal\/wp-content\/uploads\/2014\/11\/Voz1.jpg?resize=300%2C188&amp;ssl=1 300w, https:\/\/i0.wp.com\/eltrabajo.cl\/portal\/wp-content\/uploads\/2014\/11\/Voz1.jpg?resize=150%2C94&amp;ssl=1 150w, https:\/\/i0.wp.com\/eltrabajo.cl\/portal\/wp-content\/uploads\/2014\/11\/Voz1.jpg?resize=400%2C251&amp;ssl=1 400w\" sizes=\"auto, (max-width: 528px) 100vw, 528px\" \/><\/a><figcaption id=\"caption-attachment-52949\" class=\"wp-caption-text\">Todo un \u00e9xito fue la participaci\u00f3n de los alumnos de los diferentes establecimientos educacionales municipalizados, en la primera versi\u00f3n del Festival de la Voz escolar 2014.<\/figcaption><\/figure>\n<p>Todo un \u00e9xito fue la participaci\u00f3n de los alumnos de los diferentes establecimientos educacionales municipalizados, en la primera versi\u00f3n del Festival de la Voz escolar 2014, realizada el jueves reci\u00e9n pasado. La participaci\u00f3n de los talentosos alumnos, se dividi\u00f3 en dos ciclos, el primero de ellos inclu\u00eda a alumnos desde tercero a sexto b\u00e1sico, y el segundo desde s\u00e9ptimo a cuarto medio, concurso que cont\u00f3 con la participaron de una importante de participantes, exponentes de los m\u00e1s variados estilos musicales.<\/p>\n<figure id=\"attachment_52950\" aria-describedby=\"caption-attachment-52950\" style=\"width: 400px\" class=\"wp-caption alignright\"><a href=\"https:\/\/i0.wp.com\/www.eltrabajo.cl\/portal\/wp-content\/uploads\/2014\/11\/Auto1.jpg\"><img data-recalc-dims=\"1\" loading=\"lazy\" decoding=\"async\" class=\"wp-image-52950\" src=\"https:\/\/i0.wp.com\/www.eltrabajo.cl\/portal\/wp-content\/uploads\/2014\/11\/Auto1.jpg?resize=400%2C270\" alt=\"El certamen, cont\u00f3 con la presencia del alcalde de la comuna de San Felipe Patricio Freire y del Director de la Daem, Iv\u00e1n Silva Padilla.\" width=\"400\" height=\"270\" srcset=\"https:\/\/i0.wp.com\/eltrabajo.cl\/portal\/wp-content\/uploads\/2014\/11\/Auto1.jpg?w=529&amp;ssl=1 529w, https:\/\/i0.wp.com\/eltrabajo.cl\/portal\/wp-content\/uploads\/2014\/11\/Auto1.jpg?resize=200%2C134&amp;ssl=1 200w, https:\/\/i0.wp.com\/eltrabajo.cl\/portal\/wp-content\/uploads\/2014\/11\/Auto1.jpg?resize=300%2C202&amp;ssl=1 300w, https:\/\/i0.wp.com\/eltrabajo.cl\/portal\/wp-content\/uploads\/2014\/11\/Auto1.jpg?resize=150%2C101&amp;ssl=1 150w, https:\/\/i0.wp.com\/eltrabajo.cl\/portal\/wp-content\/uploads\/2014\/11\/Auto1.jpg?resize=400%2C269&amp;ssl=1 400w\" sizes=\"auto, (max-width: 400px) 100vw, 400px\" \/><\/a><figcaption id=\"caption-attachment-52950\" class=\"wp-caption-text\">El certamen, cont\u00f3 con la presencia del alcalde de la comuna de San Felipe Patricio Freire y del Director de la Daem, Iv\u00e1n Silva Padilla.<\/figcaption><\/figure>\n<p>Durante la tarde, la sala se fue abarrotando de padres y apoderados, quienes acompa\u00f1ados de amigos y profesores de los participantes, comenzaban a disfrutar de una entretenida iniciativa, impulsada por la Direcci\u00f3n de Administrador de Educaci\u00f3n Municipal (Daem), en colaboraci\u00f3n con el Liceo Roberto Humeres.<br \/>\nEl certamen, cont\u00f3 con la presencia del alcalde de la comuna de San Felipe Patricio Freire y del Director de la Daem, Iv\u00e1n Silva Padilla, y convoc\u00f3 a alumnos y alumnas de los diferentes establecimientos educacionales municipalizados de la comuna, quienes pusieron lo mejor de s\u00ed, para convencer a un exigente y selecto jurado, que tuvieron la misi\u00f3n de decidir qui\u00e9nes se adjudicar\u00edan los primeros lugares por categor\u00eda.<br \/>\nFinalmente, la decisi\u00f3n del jurado arroj\u00f3 como resultado que el tercer lugar en la categor\u00eda uno quedara en manos de Valentina Carrasco y B\u00e1rbara S\u00e1nchez, alumnas de la Escuela 21 de Mayo, el segundo lugar fue para Patricia S\u00e1nchez, alumna de la Escuela Jos\u00e9 Bernardo Su\u00e1rez y el primer lugar fue para Nayadet Valdez, alumna del Liceo Corina Urbina.<br \/>\nEn tanto, los ganadores de la categor\u00eda dos fueron en el tercer lugar, Javiera Pizarro, del Liceo Nocturno Juan Francisco Gonz\u00e1lez Reyes, el segundo lugar fue para Dafne Calder\u00f3n, alumna del Liceo Corina Urbina, y el primer lugar, se lo adjudic\u00f3 Brenda Ascui, alumna del Liceo Roberto Humeres.<br \/>\nEl Alcalde Patricio Freire destac\u00f3 la realizaci\u00f3n de la actividad, se\u00f1alando que \u201cestamos generando espacios de participaci\u00f3n para que los j\u00f3venes tengan un lugar para demostrar sus talentos, y esperamos repetir la experiencia el pr\u00f3ximo a\u00f1o, el nivel fue muy bueno, y se nota que detr\u00e1s de ellos existe un grupo de personas, quienes dejan lo mejor de s\u00ed, para conseguir buenos resultados, por lo que queremos continuar apoy\u00e1ndolos en estas instancias\u201d, subray\u00f3.<\/p>\n","protected":false},"excerpt":{"rendered":"<p>Todo un \u00e9xito fue la participaci\u00f3n de los alumnos de los diferentes establecimientos educacionales municipalizados, en la primera versi\u00f3n del Festival de la Voz escolar 2014, realizada el jueves reci\u00e9n pasado. La&#8230;<\/p>\n","protected":false},"author":482,"featured_media":52949,"comment_status":"open","ping_status":"closed","sticky":false,"template":"","format":"standard","meta":{"advanced_seo_description":"","jetpack_seo_html_title":"","jetpack_seo_noindex":false,"_jetpack_memberships_contains_paid_content":false,"footnotes":""},"categories":[15],"tags":[],"class_list":["post-52948","post","type-post","status-publish","format-standard","has-post-thumbnail","hentry","category-comunidad"],"jetpack_featured_media_url":"https:\/\/i0.wp.com\/eltrabajo.cl\/portal\/wp-content\/uploads\/2014\/11\/Voz1.jpg?fit=528%2C332&ssl=1","jetpack_sharing_enabled":true,"jetpack_likes_enabled":true,"jetpack-related-posts":[],"_links":{"self":[{"href":"https:\/\/eltrabajo.cl\/portal\/wp-json\/wp\/v2\/posts\/52948","targetHints":{"allow":["GET"]}}],"collection":[{"href":"https:\/\/eltrabajo.cl\/portal\/wp-json\/wp\/v2\/posts"}],"about":[{"href":"https:\/\/eltrabajo.cl\/portal\/wp-json\/wp\/v2\/types\/post"}],"author":[{"embeddable":true,"href":"https:\/\/eltrabajo.cl\/portal\/wp-json\/wp\/v2\/users\/482"}],"replies":[{"embeddable":true,"href":"https:\/\/eltrabajo.cl\/portal\/wp-json\/wp\/v2\/comments?post=52948"}],"version-history":[{"count":0,"href":"https:\/\/eltrabajo.cl\/portal\/wp-json\/wp\/v2\/posts\/52948\/revisions"}],"wp:featuredmedia":[{"embeddable":true,"href":"https:\/\/eltrabajo.cl\/portal\/wp-json\/wp\/v2\/media\/52949"}],"wp:attachment":[{"href":"https:\/\/eltrabajo.cl\/portal\/wp-json\/wp\/v2\/media?parent=52948"}],"wp:term":[{"taxonomy":"category","embeddable":true,"href":"https:\/\/eltrabajo.cl\/portal\/wp-json\/wp\/v2\/categories?post=52948"},{"taxonomy":"post_tag","embeddable":true,"href":"https:\/\/eltrabajo.cl\/portal\/wp-json\/wp\/v2\/tags?post=52948"}],"curies":[{"name":"wp","href":"https:\/\/api.w.org\/{rel}","templated":true}]}}