{"id":52963,"date":"2014-11-04T09:45:26","date_gmt":"2014-11-04T12:45:26","guid":{"rendered":"http:\/\/www.eltrabajo.cl\/portal\/?p=52963"},"modified":"2014-11-04T09:45:26","modified_gmt":"2014-11-04T12:45:26","slug":"rescatan-a-familia-que-quedo-aislada-por-crecida-de-rio-juncal","status":"publish","type":"post","link":"https:\/\/eltrabajo.cl\/portal\/rescatan-a-familia-que-quedo-aislada-por-crecida-de-rio-juncal\/","title":{"rendered":"Rescatan a familia que qued\u00f3 aislada por crecida de R\u00edo Juncal"},"content":{"rendered":"<figure id=\"attachment_52964\" aria-describedby=\"caption-attachment-52964\" style=\"width: 529px\" class=\"wp-caption alignnone\"><a href=\"https:\/\/i0.wp.com\/www.eltrabajo.cl\/portal\/wp-content\/uploads\/2014\/11\/Rescate1.jpg\"><img data-recalc-dims=\"1\" loading=\"lazy\" decoding=\"async\" class=\"size-full wp-image-52964\" src=\"https:\/\/i0.wp.com\/www.eltrabajo.cl\/portal\/wp-content\/uploads\/2014\/11\/Rescate1.jpg?resize=529%2C302\" alt=\"Carabineros de la Subcomisaria Los Libertadores debi\u00f3 rescatar a una familia, que el s\u00e1bado por la tarde qued\u00f3 aislada en el sector de Guardia Vieja debido a la crecida de R\u00edo Juncal.\" width=\"529\" height=\"302\" srcset=\"https:\/\/i0.wp.com\/eltrabajo.cl\/portal\/wp-content\/uploads\/2014\/11\/Rescate1.jpg?w=529&amp;ssl=1 529w, https:\/\/i0.wp.com\/eltrabajo.cl\/portal\/wp-content\/uploads\/2014\/11\/Rescate1.jpg?resize=200%2C114&amp;ssl=1 200w, https:\/\/i0.wp.com\/eltrabajo.cl\/portal\/wp-content\/uploads\/2014\/11\/Rescate1.jpg?resize=300%2C171&amp;ssl=1 300w, https:\/\/i0.wp.com\/eltrabajo.cl\/portal\/wp-content\/uploads\/2014\/11\/Rescate1.jpg?resize=150%2C85&amp;ssl=1 150w, https:\/\/i0.wp.com\/eltrabajo.cl\/portal\/wp-content\/uploads\/2014\/11\/Rescate1.jpg?resize=400%2C228&amp;ssl=1 400w\" sizes=\"auto, (max-width: 529px) 100vw, 529px\" \/><\/a><figcaption id=\"caption-attachment-52964\" class=\"wp-caption-text\">Carabineros de la Subcomisaria Los Libertadores debi\u00f3 rescatar a una familia, que el s\u00e1bado por la tarde qued\u00f3 aislada en el sector de Guardia Vieja debido a la crecida de R\u00edo Juncal.<\/figcaption><\/figure>\n<p><strong>LOS ANDES<\/strong>.- Personal de Carabineros de la Subcomisaria Los Libertadores debi\u00f3 rescatar a una familia, que el s\u00e1bado por la tarde qued\u00f3 aislada en el sector de Guardia Vieja debido a la crecida de R\u00edo Juncal. El s\u00e1bado como a las 14:00 horas la familia compuesta por dos mujeres, dos hombres adultos y cuatro menores de edad, entre ellos una beb\u00e9, llegaron en dos autom\u00f3viles particulares hasta el sector de Guardia Vieja, de paseo y para pasar la tarde.<br \/>\nEl grupo descendi\u00f3 hacia la ribera del r\u00edo para quedarse en un lugar. Vieron que no ven\u00eda tanta agua en el cauce y decidieron cruzar hacia el frente, sector cerro, caminaron por la ribera y encontraron un sector donde se quedaron, armaron una parrilla e hicieron un asado que disfrutaron durante la tarde.<br \/>\nDespu\u00e9s de la convivencia familiar, alrededor de las 19:30 horas y como la luz natural estaba bajando, decidieron volver y dirigirse hacia sus autos. Quisieron cruzar por el mismo lugar, pero comprobaron que el torrente hab\u00eda crecido por los deshielos en el sector cordillerano y el torrente era muy fuerte.<br \/>\nAnte esto llamaron a Nivel 133 de la Central de Comunicaciones de Carabineros Aconcagua, narrando telefonista lo que les hab\u00eda sucedido y que requer\u00edan pronto auxilio para poder salir del lugar.<br \/>\nEl operador comunic\u00f3 v\u00eda radial a la Subcomisar\u00eda Los Libertadores, recibiendo el informe los cuatro funcionarios que se encontraban en un veh\u00edculo policial en patrullaje preventivo por Camino Internacional, que prontamente se trasladaron donde eran requeridos.<br \/>\nUna vez en el lugar, vieron a las personas que estaban al otro lado sin poder cruzar, por lo que a trav\u00e9s de las rocas llegaron a la otra ribera y tomaron contacto con las personas. Hallaron unos tablones que emplearon para improvisar unas especies de puentes entre las rocas y por donde fue posible pasar a la familia, poni\u00e9ndolas a salvo y a resguardo. Luego de ello el grupo fue llevado a sus respectivos veh\u00edculos donde fueron asistidos por Carabineros, comprobando que todos encontraban en buenas condiciones.<\/p>\n","protected":false},"excerpt":{"rendered":"<p>LOS ANDES.- Personal de Carabineros de la Subcomisaria Los Libertadores debi\u00f3 rescatar a una familia, que el s\u00e1bado por la tarde qued\u00f3 aislada en el sector de Guardia Vieja debido a la&#8230;<\/p>\n","protected":false},"author":482,"featured_media":52964,"comment_status":"open","ping_status":"closed","sticky":false,"template":"","format":"standard","meta":{"advanced_seo_description":"","jetpack_seo_html_title":"","jetpack_seo_noindex":false,"_jetpack_memberships_contains_paid_content":false,"footnotes":""},"categories":[21],"tags":[],"class_list":["post-52963","post","type-post","status-publish","format-standard","has-post-thumbnail","hentry","category-policial"],"jetpack_featured_media_url":"https:\/\/i0.wp.com\/eltrabajo.cl\/portal\/wp-content\/uploads\/2014\/11\/Rescate1.jpg?fit=529%2C302&ssl=1","jetpack_sharing_enabled":true,"jetpack_likes_enabled":true,"jetpack-related-posts":[],"_links":{"self":[{"href":"https:\/\/eltrabajo.cl\/portal\/wp-json\/wp\/v2\/posts\/52963","targetHints":{"allow":["GET"]}}],"collection":[{"href":"https:\/\/eltrabajo.cl\/portal\/wp-json\/wp\/v2\/posts"}],"about":[{"href":"https:\/\/eltrabajo.cl\/portal\/wp-json\/wp\/v2\/types\/post"}],"author":[{"embeddable":true,"href":"https:\/\/eltrabajo.cl\/portal\/wp-json\/wp\/v2\/users\/482"}],"replies":[{"embeddable":true,"href":"https:\/\/eltrabajo.cl\/portal\/wp-json\/wp\/v2\/comments?post=52963"}],"version-history":[{"count":0,"href":"https:\/\/eltrabajo.cl\/portal\/wp-json\/wp\/v2\/posts\/52963\/revisions"}],"wp:featuredmedia":[{"embeddable":true,"href":"https:\/\/eltrabajo.cl\/portal\/wp-json\/wp\/v2\/media\/52964"}],"wp:attachment":[{"href":"https:\/\/eltrabajo.cl\/portal\/wp-json\/wp\/v2\/media?parent=52963"}],"wp:term":[{"taxonomy":"category","embeddable":true,"href":"https:\/\/eltrabajo.cl\/portal\/wp-json\/wp\/v2\/categories?post=52963"},{"taxonomy":"post_tag","embeddable":true,"href":"https:\/\/eltrabajo.cl\/portal\/wp-json\/wp\/v2\/tags?post=52963"}],"curies":[{"name":"wp","href":"https:\/\/api.w.org\/{rel}","templated":true}]}}