{"id":52966,"date":"2014-11-04T09:47:55","date_gmt":"2014-11-04T12:47:55","guid":{"rendered":"http:\/\/www.eltrabajo.cl\/portal\/?p=52966"},"modified":"2014-11-04T09:47:55","modified_gmt":"2014-11-04T12:47:55","slug":"nino-de-8-anos-de-edad-fue-violado-por-adolescente-de-15","status":"publish","type":"post","link":"https:\/\/eltrabajo.cl\/portal\/nino-de-8-anos-de-edad-fue-violado-por-adolescente-de-15\/","title":{"rendered":"Ni\u00f1o de 8 a\u00f1os de edad fue violado por adolescente de 15"},"content":{"rendered":"<figure id=\"attachment_52967\" aria-describedby=\"caption-attachment-52967\" style=\"width: 400px\" class=\"wp-caption alignleft\"><a href=\"https:\/\/i0.wp.com\/www.eltrabajo.cl\/portal\/wp-content\/uploads\/2014\/11\/Detenido1.jpg\"><img data-recalc-dims=\"1\" loading=\"lazy\" decoding=\"async\" class=\"wp-image-52967\" src=\"https:\/\/i0.wp.com\/www.eltrabajo.cl\/portal\/wp-content\/uploads\/2014\/11\/Detenido1-300x183.jpg?resize=400%2C245\" alt=\"La Magistrado Carolina Encalada decret\u00f3 Arresto Domiciliario total por los cuatro meses que fij\u00f3 de plazo para el cierre de la investigaci\u00f3n.\" width=\"400\" height=\"245\" srcset=\"https:\/\/i0.wp.com\/eltrabajo.cl\/portal\/wp-content\/uploads\/2014\/11\/Detenido1.jpg?resize=300%2C183&amp;ssl=1 300w, https:\/\/i0.wp.com\/eltrabajo.cl\/portal\/wp-content\/uploads\/2014\/11\/Detenido1.jpg?resize=200%2C122&amp;ssl=1 200w, https:\/\/i0.wp.com\/eltrabajo.cl\/portal\/wp-content\/uploads\/2014\/11\/Detenido1.jpg?resize=150%2C91&amp;ssl=1 150w, https:\/\/i0.wp.com\/eltrabajo.cl\/portal\/wp-content\/uploads\/2014\/11\/Detenido1.jpg?resize=400%2C244&amp;ssl=1 400w, https:\/\/i0.wp.com\/eltrabajo.cl\/portal\/wp-content\/uploads\/2014\/11\/Detenido1.jpg?w=529&amp;ssl=1 529w\" sizes=\"auto, (max-width: 400px) 100vw, 400px\" \/><\/a><figcaption id=\"caption-attachment-52967\" class=\"wp-caption-text\">La Magistrado Carolina Encalada decret\u00f3 Arresto Domiciliario total por los cuatro meses que fij\u00f3 de plazo para el cierre de la investigaci\u00f3n.<\/figcaption><\/figure>\n<p><strong>CALLE LARGA<\/strong>.- Un ni\u00f1o de ocho a\u00f1os fue violado por un adolescente de 15 despu\u00e9s de que \u00e9ste lo invit\u00f3 a jugar a su casa en la comuna de Calle Larga. Conforme a los antecedentes obtenidos por nuestro medio, este escabroso ultraje se produjo el d\u00eda mi\u00e9rcoles de la semana pasada, cuando la v\u00edctima fue llevada por su madre a pasar la tarde en casa de su abuela ubicada en el sector de Calle Estanislao del Canto de esa comuna.<\/p>\n<p><strong>BRUTAL ATAQUE<\/strong><br \/>\nEn horas de la tarde el ni\u00f1o sali\u00f3 a jugar afuera del inmueble, siendo invitado por el adolescente de iniciales J.I.V.M. a compartir a su casa. Fue en estas circunstancias que el adolescente llev\u00f3 al ni\u00f1o a su habitaci\u00f3n y procedi\u00f3 a efectuarle tocaciones y luego violarlo analmente. Tras el ultraje, la v\u00edctima volvi\u00f3 al domicilio de su abuela y en primera instancia no dijo nada de lo que ocurr\u00eda.<br \/>\nSin embargo cuando la madre lo fue a buscar not\u00f3 que ten\u00eda un comportamiento extra\u00f1o y que presentaba dolores en sus gl\u00fateos y piernas. Cuando le pregunt\u00f3 por la razones de ese dolor, el menor dijo que se hab\u00eda ca\u00eddo en el colegio, pero ante la insistencia de su progenitora termin\u00f3 por contarle que hab\u00eda sido ultrajado por el vecino de su abuela.<br \/>\nLa mujer concurri\u00f3 hasta la casa donde ocurri\u00f3 el ultraje y encar\u00f3 tanto a la madre como el propio agresor, quien reconoci\u00f3 el hecho y luego se dio a la fuga. La madre llev\u00f3 a su hijo hasta el Hospital San Juan de Dios, donde el m\u00e9dico de turno constat\u00f3 lesiones anales compatibles a una violaci\u00f3n, por lo que se curs\u00f3 la denuncia en Carabineros.<br \/>\nInformado el Fiscal Jefe Ricardo Reinoso, \u00e9ste tramit\u00f3 una orden de detenci\u00f3n en contra del adolescente, la cual se hizo efectiva el d\u00eda jueves en horas de la tarde en la ciudad de Los Andes, hasta donde hab\u00eda llegado para ocultarse.<br \/>\nUna vez puesto en manos del Tribunal de Garant\u00eda la ma\u00f1ana del viernes, el Fiscal Reinoso lo formaliz\u00f3 por el delito de Violaci\u00f3n, haciendo un pormenorizado relato la ocurrencia del ultraje y de la participaci\u00f3n del imputado, solicitando la internaci\u00f3n provisoria en el centro Lihu\u00e9n de Limache.<br \/>\nSin embargo, la Defensora Blanca Poblete se opuso a esta cautelar, toda vez que el adolescente reconoci\u00f3 el hecho, pidi\u00f3 perd\u00f3n y se comprometi\u00f3 a no volver a hacerlo, adem\u00e1s de no tener antecedentes penales y encontrarse estudiando en un liceo de la comuna.<\/p>\n<p><strong>QUED\u00d3 LIBRE<\/strong><br \/>\nSopesados ambos antecedentes, la Magistrado Carolina Encalada consider\u00f3 lo expuesto por la defensa y rechaz\u00f3 la internaci\u00f3n provisoria, decretando en cambio el Arresto Domiciliario total por los cuatro meses que fij\u00f3 de plazo para el cierre de la investigaci\u00f3n. Por temor a represalias de la familia de la v\u00edctima, la madre y el menor imputado hicieron abandono de la zona el mismo d\u00eda viernes.<\/p>\n","protected":false},"excerpt":{"rendered":"<p>CALLE LARGA.- Un ni\u00f1o de ocho a\u00f1os fue violado por un adolescente de 15 despu\u00e9s de que \u00e9ste lo invit\u00f3 a jugar a su casa en la comuna de Calle Larga. Conforme&#8230;<\/p>\n","protected":false},"author":482,"featured_media":52967,"comment_status":"open","ping_status":"closed","sticky":false,"template":"","format":"standard","meta":{"advanced_seo_description":"","jetpack_seo_html_title":"","jetpack_seo_noindex":false,"_jetpack_memberships_contains_paid_content":false,"footnotes":""},"categories":[21],"tags":[],"class_list":["post-52966","post","type-post","status-publish","format-standard","has-post-thumbnail","hentry","category-policial"],"jetpack_featured_media_url":"https:\/\/i0.wp.com\/eltrabajo.cl\/portal\/wp-content\/uploads\/2014\/11\/Detenido1.jpg?fit=529%2C324&ssl=1","jetpack_sharing_enabled":true,"jetpack_likes_enabled":true,"jetpack-related-posts":[],"_links":{"self":[{"href":"https:\/\/eltrabajo.cl\/portal\/wp-json\/wp\/v2\/posts\/52966","targetHints":{"allow":["GET"]}}],"collection":[{"href":"https:\/\/eltrabajo.cl\/portal\/wp-json\/wp\/v2\/posts"}],"about":[{"href":"https:\/\/eltrabajo.cl\/portal\/wp-json\/wp\/v2\/types\/post"}],"author":[{"embeddable":true,"href":"https:\/\/eltrabajo.cl\/portal\/wp-json\/wp\/v2\/users\/482"}],"replies":[{"embeddable":true,"href":"https:\/\/eltrabajo.cl\/portal\/wp-json\/wp\/v2\/comments?post=52966"}],"version-history":[{"count":0,"href":"https:\/\/eltrabajo.cl\/portal\/wp-json\/wp\/v2\/posts\/52966\/revisions"}],"wp:featuredmedia":[{"embeddable":true,"href":"https:\/\/eltrabajo.cl\/portal\/wp-json\/wp\/v2\/media\/52967"}],"wp:attachment":[{"href":"https:\/\/eltrabajo.cl\/portal\/wp-json\/wp\/v2\/media?parent=52966"}],"wp:term":[{"taxonomy":"category","embeddable":true,"href":"https:\/\/eltrabajo.cl\/portal\/wp-json\/wp\/v2\/categories?post=52966"},{"taxonomy":"post_tag","embeddable":true,"href":"https:\/\/eltrabajo.cl\/portal\/wp-json\/wp\/v2\/tags?post=52966"}],"curies":[{"name":"wp","href":"https:\/\/api.w.org\/{rel}","templated":true}]}}