{"id":52970,"date":"2014-11-04T09:52:24","date_gmt":"2014-11-04T12:52:24","guid":{"rendered":"http:\/\/www.eltrabajo.cl\/portal\/?p=52970"},"modified":"2014-11-04T09:52:24","modified_gmt":"2014-11-04T12:52:24","slug":"mas-de-siete-locales-comerciales-fueron-victimas-de-robos-y-danos-el-fin-de-semana","status":"publish","type":"post","link":"https:\/\/eltrabajo.cl\/portal\/mas-de-siete-locales-comerciales-fueron-victimas-de-robos-y-danos-el-fin-de-semana\/","title":{"rendered":"M\u00e1s de siete locales comerciales fueron v\u00edctimas de robos y da\u00f1os el fin de semana"},"content":{"rendered":"<figure id=\"attachment_52971\" aria-describedby=\"caption-attachment-52971\" style=\"width: 528px\" class=\"wp-caption alignnone\"><a href=\"https:\/\/i0.wp.com\/www.eltrabajo.cl\/portal\/wp-content\/uploads\/2014\/11\/techo-comercial.jpg\"><img data-recalc-dims=\"1\" loading=\"lazy\" decoding=\"async\" class=\"size-full wp-image-52971\" src=\"https:\/\/i0.wp.com\/www.eltrabajo.cl\/portal\/wp-content\/uploads\/2014\/11\/techo-comercial.jpg?resize=528%2C401\" alt=\"Por este forado, desconocidos ingresaron hasta la Librer\u00eda Comercial de calle Salinas  durante el fin de semana pasado, apoder\u00e1ndose de art\u00edculos de escritorio avaluados en $125.000.\" width=\"528\" height=\"401\" srcset=\"https:\/\/i0.wp.com\/eltrabajo.cl\/portal\/wp-content\/uploads\/2014\/11\/techo-comercial.jpg?w=528&amp;ssl=1 528w, https:\/\/i0.wp.com\/eltrabajo.cl\/portal\/wp-content\/uploads\/2014\/11\/techo-comercial.jpg?resize=197%2C150&amp;ssl=1 197w, https:\/\/i0.wp.com\/eltrabajo.cl\/portal\/wp-content\/uploads\/2014\/11\/techo-comercial.jpg?resize=300%2C227&amp;ssl=1 300w, https:\/\/i0.wp.com\/eltrabajo.cl\/portal\/wp-content\/uploads\/2014\/11\/techo-comercial.jpg?resize=150%2C113&amp;ssl=1 150w, https:\/\/i0.wp.com\/eltrabajo.cl\/portal\/wp-content\/uploads\/2014\/11\/techo-comercial.jpg?resize=400%2C303&amp;ssl=1 400w\" sizes=\"auto, (max-width: 528px) 100vw, 528px\" \/><\/a><figcaption id=\"caption-attachment-52971\" class=\"wp-caption-text\">Por este forado, desconocidos ingresaron hasta la Librer\u00eda Comercial de calle Salinas durante el fin de semana pasado, apoder\u00e1ndose de art\u00edculos de escritorio avaluados en $125.000.<\/figcaption><\/figure>\n<p>Al menos siete locales comerciales fueron v\u00edctimas de da\u00f1os y robos cometidos durante el largo fin de semana, a los cuales los antisociales ingresaron utilizando la ya conocida t\u00e9cnica del forado a trav\u00e9s de la techumbre, ingresando hasta tres locales por calle Salinas y otros tres colindantes por calle Santo Domingo de San Felipe, dejando en evidencia la vulnerabilidad en el resguardo policial, repiti\u00e9ndose as\u00ed la ola de robos que ocurrieron durante el feriado de fiestas patrias.<br \/>\nAdem\u00e1s un millonario robo cometido en horas de la madrugada del pasado viernes en el local N\u00ba4 de Servicio T\u00e9cnico de telefon\u00eda celular ubicado en el Edificio Prat en San Felipe, se suma a esta larga lista de delitos, donde desconocidos ingresaron hasta ese establecimiento violentando una ventana con protecci\u00f3n para acceder hacia el ba\u00f1o que conduce a la sala de ventas, apoder\u00e1ndose de tel\u00e9fonos celulares en reparaci\u00f3n por clientes, chips, carcasas, entre otros art\u00edculos, ascendiendo a una suma en p\u00e9rdidas de $2 millones.<br \/>\nLos propietarios indicaron a Diario El Trabajo fuera de micr\u00f3fonos, que su local fue curiosamente el \u00fanico afectado, llamando la atenci\u00f3n que el edificio cuenta con la protecci\u00f3n del recinto a trav\u00e9s de un guardia, quien no advirti\u00f3 la ocurrencia del delito, recalcando que de nada sirve hacer las denuncias correspondientes ya que no se obtienen respuestas satisfactorias como la detenci\u00f3n de estos sujetos ni la recuperaci\u00f3n de las especies.<br \/>\nAsimismo los comerciantes de calles Salinas y Santo Domingo eval\u00faan como cr\u00edtica la situaci\u00f3n que ya escapa de sus manos como comerciantes, por lo que en definitiva alzan la voz ante las autoridades municipales y gubernamentales por soluciones concretas y redoblar las medidas de seguridad policial, toda vez que estos delitos fueron perpetr\u00e1ndose en las madrugadas tanto del viernes, s\u00e1bado y domingo, lo que facilita que los delincuentes accedan con total facilidad al comercio sanfelipe\u00f1o.<br \/>\nEn entrevista con algunos de los afectados vuelven a sindicar que el foco de acceso de los antisociales se concentra en los estacionamientos ubicados en calle Santo Domingo casi esquina Traslavi\u00f1a, cuyos muros son bastantes bajos lo que permite escalar con facilidad hacia las techumbres de los establecimientos comerciales a gran altura sin lograr ser descubiertos.<br \/>\nEn entrevista con el jefe de sucursal de Librer\u00eda Comercial de Calle Salinas, Julio Araya, quien indic\u00f3 que por segunda vez en menos de dos semanas vuelven a ser v\u00edctimas de la delincuencia debiendo invertir en un nuevo sistema de alarmas con la instalaci\u00f3n de c\u00e1maras de vigilancia, situaci\u00f3n que su juicio no es suficiente para combatir estos hechos delictuales.<br \/>\n\u201cHicieron un forado en el entretecho usando el mismo modus operandi que vienen usando hace ya varios meses en San Felipe. Esta vez no se encontraron con dinero pero nos robaron mercader\u00eda avaluada en $125.000. Con los vecinos vamos a hacer llegar cartas a las autoridades pertinentes, Carabineros, la situaci\u00f3n es cr\u00edtica, nos sentimos vulnerados como locatarios en este sector, y nuestras sospechas son que estos sujetos ingresan por los estacionamientos de Santo Domingo, es un acceso muy f\u00e1cil\u201d, precis\u00f3 Julio Araya.<br \/>\nPor su parte en la tienda de Ropa B-Kul colindante a la Librer\u00eda Comercial, la comerciante indic\u00f3 a Diario El Trabajo que los antisociales caminaron sobre el techo falso y cayeron al interior de su local provocando da\u00f1os de consideraci\u00f3n quedando literalmente encerrados tras comprobar que los sujetos debieron apilar muebles para escapar nuevamente hacia el techo sin llevarse consigo un notebook que estaba sobre la mesa de atenci\u00f3n de p\u00fablico, provocando bastantes des\u00f3rdenes a los percheros de las prendas de vestir.<br \/>\nAsimismo, Rosa Collao, due\u00f1a del local Danivi\u00b4s Jeans de Calle Santo Domingo, result\u00f3 con da\u00f1os en su propiedad arrendada, argumentando que como comerciantes se sienten completamente desamparados en materia de seguridad, adelantando concretar una reuni\u00f3n con el Alcalde Patricio Freire para debatir estos hechos.<br \/>\n\u201cMe rompieron el techo, afortunadamente no me sustrajeron nada, pero s\u00ed ingresaron al Punto Vet que es una veterinaria vecina. Por los otros locales rompieron los techos, estamos desamparados sentimos que se ha vuelto muy complicado vivir en San Felipe. Los Carabineros se quejan con nosotros porque los partes llegan a Fiscal\u00eda y despu\u00e9s le vemos la cara al otro d\u00eda al delincuente en el centro de San Felipe y hasta vuelven a saludarnos, falta mano dura\u201d, sostuvo Rosa Collao.<br \/>\nLa afectada hizo un llamado a la Municipalidad de San Felipe indicando que como comerciantes pagan patentes para funcionar como locatarios sin garant\u00edas b\u00e1sicas en medidas de seguridad, \u201csi nos siguen robando se nos va todo nuestro capital y ah\u00ed terminan los peque\u00f1os y medianos empresarios. \u00bfDe qu\u00e9 sirve que nosotros pongamos protecciones si nos sentimos inseguros con el tema de los ladrones?, estamos con temor atendiendo porque en un minuto pueden entrar los delincuentes\u201d, subray\u00f3 Collao.<br \/>\nSobre este mismo tema anunciaron reunirse entre todos los comerciantes para enviar en primera instancia una misiva al alcalde de la comuna con el objetivo de analizar en profundidad esta constante que se viene produciendo en cuanto a delitos de robos en el centro de la comuna de San Felipe. Adem\u00e1s requerir m\u00e1s resguardo de Carabineros; \u201cque refuercen a la Polic\u00eda para que podamos atender seguros, porque dan ganas de salir arrancando. Vamos a juntar firmas para quejarnos ante el municipio y tambi\u00e9n al gobierno\u201d, concluy\u00f3 la comerciante.<br \/>\nPablo Salinas Sald\u00edas<\/p>\n<div class=\"tiled-gallery type-rectangular tiled-gallery-unresized\" data-original-width=\"640\" data-carousel-extra='null' itemscope itemtype=\"http:\/\/schema.org\/ImageGallery\" > <div class=\"gallery-row\" style=\"width: 640px; height: 423px;\" data-original-width=\"640\" data-original-height=\"423\" > <div class=\"gallery-group images-1\" style=\"width: 320px; height: 423px;\" data-original-width=\"320\" data-original-height=\"423\" > <div class=\"tiled-gallery-item tiled-gallery-item-large\" itemprop=\"associatedMedia\" itemscope itemtype=\"http:\/\/schema.org\/ImageObject\"> <a href=\"https:\/\/eltrabajo.cl\/portal\/mas-de-siete-locales-comerciales-fueron-victimas-de-robos-y-danos-el-fin-de-semana\/julio-araya\/\" border=\"0\" itemprop=\"url\"> <meta itemprop=\"width\" content=\"316\"> <meta itemprop=\"height\" content=\"419\"> <img decoding=\"async\" class=\"\" data-attachment-id=\"52975\" data-orig-file=\"https:\/\/eltrabajo.cl\/portal\/wp-content\/uploads\/2014\/11\/Julio-Araya.jpg\" data-orig-size=\"529,701\" data-comments-opened=\"1\" data-image-meta=\"{&quot;aperture&quot;:&quot;0&quot;,&quot;credit&quot;:&quot;&quot;,&quot;camera&quot;:&quot;&quot;,&quot;caption&quot;:&quot;&quot;,&quot;created_timestamp&quot;:&quot;0&quot;,&quot;copyright&quot;:&quot;&quot;,&quot;focal_length&quot;:&quot;0&quot;,&quot;iso&quot;:&quot;0&quot;,&quot;shutter_speed&quot;:&quot;0&quot;,&quot;title&quot;:&quot;&quot;,&quot;orientation&quot;:&quot;0&quot;}\" data-image-title=\"Julio Araya\" data-image-description=\"&lt;p&gt;Julio Araya, jefe de la sucursal de la Librer\u00eda Comercial indic\u00f3 que la situaci\u00f3n es cr\u00edtica frente a estos repetidos hechos delictuales en el comercio de San Felipe.&lt;\/p&gt; \" data-medium-file=\"https:\/\/i0.wp.com\/eltrabajo.cl\/portal\/wp-content\/uploads\/2014\/11\/Julio-Araya.jpg?fit=226%2C300&#038;ssl=1\" data-large-file=\"https:\/\/i0.wp.com\/eltrabajo.cl\/portal\/wp-content\/uploads\/2014\/11\/Julio-Araya.jpg?fit=529%2C701&#038;ssl=1\" src=\"https:\/\/i0.wp.com\/eltrabajo.cl\/portal\/wp-content\/uploads\/2014\/11\/Julio-Araya.jpg?w=316&#038;h=419&#038;ssl=1\" srcset=\"https:\/\/i0.wp.com\/eltrabajo.cl\/portal\/wp-content\/uploads\/2014\/11\/Julio-Araya.jpg?w=529&amp;ssl=1 529w, https:\/\/i0.wp.com\/eltrabajo.cl\/portal\/wp-content\/uploads\/2014\/11\/Julio-Araya.jpg?resize=113%2C150&amp;ssl=1 113w, https:\/\/i0.wp.com\/eltrabajo.cl\/portal\/wp-content\/uploads\/2014\/11\/Julio-Araya.jpg?resize=226%2C300&amp;ssl=1 226w, https:\/\/i0.wp.com\/eltrabajo.cl\/portal\/wp-content\/uploads\/2014\/11\/Julio-Araya.jpg?resize=400%2C530&amp;ssl=1 400w\" width=\"316\" height=\"419\" loading=\"lazy\" data-original-width=\"316\" data-original-height=\"419\" itemprop=\"http:\/\/schema.org\/image\" title=\"Julio Araya\" alt=\"Julio Araya, jefe de la sucursal de la Librer\u00eda Comercial indic\u00f3 que la situaci\u00f3n es cr\u00edtica frente a estos repetidos hechos delictuales en el comercio de San Felipe.\" style=\"width: 316px; height: 419px;\" \/> <\/a> <div class=\"tiled-gallery-caption\" itemprop=\"caption description\"> Julio Araya, jefe de la sucursal de la Librer\u00eda Comercial indic\u00f3 que la situaci\u00f3n es cr\u00edtica frente a estos repetidos hechos delictuales en el comercio de San Felipe. <\/div> <\/div> <\/div> <!-- close group --> <div class=\"gallery-group images-1\" style=\"width: 320px; height: 423px;\" data-original-width=\"320\" data-original-height=\"423\" > <div class=\"tiled-gallery-item tiled-gallery-item-large\" itemprop=\"associatedMedia\" itemscope itemtype=\"http:\/\/schema.org\/ImageObject\"> <a href=\"https:\/\/eltrabajo.cl\/portal\/mas-de-siete-locales-comerciales-fueron-victimas-de-robos-y-danos-el-fin-de-semana\/rosa-collao\/\" border=\"0\" itemprop=\"url\"> <meta itemprop=\"width\" content=\"316\"> <meta itemprop=\"height\" content=\"419\"> <img decoding=\"async\" class=\"\" data-attachment-id=\"52976\" data-orig-file=\"https:\/\/eltrabajo.cl\/portal\/wp-content\/uploads\/2014\/11\/rosa-collao.jpg\" data-orig-size=\"529,701\" data-comments-opened=\"1\" data-image-meta=\"{&quot;aperture&quot;:&quot;0&quot;,&quot;credit&quot;:&quot;&quot;,&quot;camera&quot;:&quot;&quot;,&quot;caption&quot;:&quot;&quot;,&quot;created_timestamp&quot;:&quot;0&quot;,&quot;copyright&quot;:&quot;&quot;,&quot;focal_length&quot;:&quot;0&quot;,&quot;iso&quot;:&quot;0&quot;,&quot;shutter_speed&quot;:&quot;0&quot;,&quot;title&quot;:&quot;&quot;,&quot;orientation&quot;:&quot;0&quot;}\" data-image-title=\"rosa collao\" data-image-description=\"&lt;p&gt;Rosa Collao propietaria del local Danivi\u00b4s de Calle Santo Domingo adelant\u00f3 que se quejar\u00e1n ante el Municipio para requerir m\u00e1s presencia policial con la recolecci\u00f3n de firmas de todos los locatarios del sector afectado.&lt;\/p&gt; \" data-medium-file=\"https:\/\/i0.wp.com\/eltrabajo.cl\/portal\/wp-content\/uploads\/2014\/11\/rosa-collao.jpg?fit=226%2C300&#038;ssl=1\" data-large-file=\"https:\/\/i0.wp.com\/eltrabajo.cl\/portal\/wp-content\/uploads\/2014\/11\/rosa-collao.jpg?fit=529%2C701&#038;ssl=1\" src=\"https:\/\/i0.wp.com\/eltrabajo.cl\/portal\/wp-content\/uploads\/2014\/11\/rosa-collao.jpg?w=316&#038;h=419&#038;ssl=1\" srcset=\"https:\/\/i0.wp.com\/eltrabajo.cl\/portal\/wp-content\/uploads\/2014\/11\/rosa-collao.jpg?w=529&amp;ssl=1 529w, https:\/\/i0.wp.com\/eltrabajo.cl\/portal\/wp-content\/uploads\/2014\/11\/rosa-collao.jpg?resize=113%2C150&amp;ssl=1 113w, https:\/\/i0.wp.com\/eltrabajo.cl\/portal\/wp-content\/uploads\/2014\/11\/rosa-collao.jpg?resize=226%2C300&amp;ssl=1 226w, https:\/\/i0.wp.com\/eltrabajo.cl\/portal\/wp-content\/uploads\/2014\/11\/rosa-collao.jpg?resize=400%2C530&amp;ssl=1 400w\" width=\"316\" height=\"419\" loading=\"lazy\" data-original-width=\"316\" data-original-height=\"419\" itemprop=\"http:\/\/schema.org\/image\" title=\"rosa collao\" alt=\"Rosa Collao propietaria del local Danivi\u00b4s de Calle Santo Domingo adelant\u00f3 que se quejar\u00e1n ante el Municipio para requerir m\u00e1s presencia policial con la recolecci\u00f3n de firmas de todos los locatarios del sector afectado.\" style=\"width: 316px; height: 419px;\" \/> <\/a> <div class=\"tiled-gallery-caption\" itemprop=\"caption description\"> Rosa Collao propietaria del local Danivi\u00b4s de Calle Santo Domingo adelant\u00f3 que se quejar\u00e1n ante el Municipio para requerir m\u00e1s presencia policial con la recolecci\u00f3n de firmas de todos los locatarios del sector afectado. <\/div> <\/div> <\/div> <!-- close group --> <\/div> <!-- close row --> <div class=\"gallery-row\" style=\"width: 640px; height: 325px;\" data-original-width=\"640\" data-original-height=\"325\" > <div class=\"gallery-group images-1\" style=\"width: 427px; height: 325px;\" data-original-width=\"427\" data-original-height=\"325\" > <div class=\"tiled-gallery-item tiled-gallery-item-large\" itemprop=\"associatedMedia\" itemscope itemtype=\"http:\/\/schema.org\/ImageObject\"> <a href=\"https:\/\/eltrabajo.cl\/portal\/mas-de-siete-locales-comerciales-fueron-victimas-de-robos-y-danos-el-fin-de-semana\/frontis\/\" border=\"0\" itemprop=\"url\"> <meta itemprop=\"width\" content=\"423\"> <meta itemprop=\"height\" content=\"321\"> <img decoding=\"async\" class=\"\" data-attachment-id=\"52973\" data-orig-file=\"https:\/\/eltrabajo.cl\/portal\/wp-content\/uploads\/2014\/11\/frontis.jpg\" data-orig-size=\"529,401\" data-comments-opened=\"1\" data-image-meta=\"{&quot;aperture&quot;:&quot;0&quot;,&quot;credit&quot;:&quot;&quot;,&quot;camera&quot;:&quot;&quot;,&quot;caption&quot;:&quot;&quot;,&quot;created_timestamp&quot;:&quot;0&quot;,&quot;copyright&quot;:&quot;&quot;,&quot;focal_length&quot;:&quot;0&quot;,&quot;iso&quot;:&quot;0&quot;,&quot;shutter_speed&quot;:&quot;0&quot;,&quot;title&quot;:&quot;&quot;,&quot;orientation&quot;:&quot;0&quot;}\" data-image-title=\"frontis\" data-image-description=\"&lt;p&gt;Al menos siete locales comerciales ubicados en calle Salinas y Santo Domingo de San Felipe, resultaron con da\u00f1os en sus techumbres y robos durante el largo fin de semana pasado.&lt;\/p&gt; \" data-medium-file=\"https:\/\/i0.wp.com\/eltrabajo.cl\/portal\/wp-content\/uploads\/2014\/11\/frontis.jpg?fit=300%2C227&#038;ssl=1\" data-large-file=\"https:\/\/i0.wp.com\/eltrabajo.cl\/portal\/wp-content\/uploads\/2014\/11\/frontis.jpg?fit=529%2C401&#038;ssl=1\" src=\"https:\/\/i0.wp.com\/eltrabajo.cl\/portal\/wp-content\/uploads\/2014\/11\/frontis.jpg?w=423&#038;h=321&#038;ssl=1\" srcset=\"https:\/\/i0.wp.com\/eltrabajo.cl\/portal\/wp-content\/uploads\/2014\/11\/frontis.jpg?w=529&amp;ssl=1 529w, https:\/\/i0.wp.com\/eltrabajo.cl\/portal\/wp-content\/uploads\/2014\/11\/frontis.jpg?resize=197%2C150&amp;ssl=1 197w, https:\/\/i0.wp.com\/eltrabajo.cl\/portal\/wp-content\/uploads\/2014\/11\/frontis.jpg?resize=300%2C227&amp;ssl=1 300w, https:\/\/i0.wp.com\/eltrabajo.cl\/portal\/wp-content\/uploads\/2014\/11\/frontis.jpg?resize=150%2C113&amp;ssl=1 150w, https:\/\/i0.wp.com\/eltrabajo.cl\/portal\/wp-content\/uploads\/2014\/11\/frontis.jpg?resize=400%2C303&amp;ssl=1 400w\" width=\"423\" height=\"321\" loading=\"lazy\" data-original-width=\"423\" data-original-height=\"321\" itemprop=\"http:\/\/schema.org\/image\" title=\"frontis\" alt=\"Al menos siete locales comerciales ubicados en calle Salinas y Santo Domingo de San Felipe, resultaron con da\u00f1os en sus techumbres y robos durante el largo fin de semana pasado.\" style=\"width: 423px; height: 321px;\" \/> <\/a> <div class=\"tiled-gallery-caption\" itemprop=\"caption description\"> Al menos siete locales comerciales ubicados en calle Salinas y Santo Domingo de San Felipe, resultaron con da\u00f1os en sus techumbres y robos durante el largo fin de semana pasado. <\/div> <\/div> <\/div> <!-- close group --> <div class=\"gallery-group images-2\" style=\"width: 213px; height: 325px;\" data-original-width=\"213\" data-original-height=\"325\" > <div class=\"tiled-gallery-item tiled-gallery-item-small\" itemprop=\"associatedMedia\" itemscope itemtype=\"http:\/\/schema.org\/ImageObject\"> <a href=\"https:\/\/eltrabajo.cl\/portal\/mas-de-siete-locales-comerciales-fueron-victimas-de-robos-y-danos-el-fin-de-semana\/jeaneria\/\" border=\"0\" itemprop=\"url\"> <meta itemprop=\"width\" content=\"209\"> <meta itemprop=\"height\" content=\"159\"> <img decoding=\"async\" class=\"\" data-attachment-id=\"52974\" data-orig-file=\"https:\/\/eltrabajo.cl\/portal\/wp-content\/uploads\/2014\/11\/jeaneria.jpg\" data-orig-size=\"528,401\" data-comments-opened=\"1\" data-image-meta=\"{&quot;aperture&quot;:&quot;0&quot;,&quot;credit&quot;:&quot;&quot;,&quot;camera&quot;:&quot;&quot;,&quot;caption&quot;:&quot;&quot;,&quot;created_timestamp&quot;:&quot;0&quot;,&quot;copyright&quot;:&quot;&quot;,&quot;focal_length&quot;:&quot;0&quot;,&quot;iso&quot;:&quot;0&quot;,&quot;shutter_speed&quot;:&quot;0&quot;,&quot;title&quot;:&quot;&quot;,&quot;orientation&quot;:&quot;0&quot;}\" data-image-title=\"jeaneria\" data-image-description=\"&lt;p&gt;La tienda de vestuario B-Kul de calle Salinas result\u00f3 da\u00f1ada por los delincuentes que al parecer cayeron desde la techumbre quedando encerrados al interior del local, debiendo apilar muebles para escapar, provocando da\u00f1os de consideraci\u00f3n.&lt;\/p&gt; \" data-medium-file=\"https:\/\/i0.wp.com\/eltrabajo.cl\/portal\/wp-content\/uploads\/2014\/11\/jeaneria.jpg?fit=300%2C227&#038;ssl=1\" data-large-file=\"https:\/\/i0.wp.com\/eltrabajo.cl\/portal\/wp-content\/uploads\/2014\/11\/jeaneria.jpg?fit=528%2C401&#038;ssl=1\" src=\"https:\/\/i0.wp.com\/eltrabajo.cl\/portal\/wp-content\/uploads\/2014\/11\/jeaneria.jpg?w=209&#038;h=159&#038;ssl=1\" srcset=\"https:\/\/i0.wp.com\/eltrabajo.cl\/portal\/wp-content\/uploads\/2014\/11\/jeaneria.jpg?w=528&amp;ssl=1 528w, https:\/\/i0.wp.com\/eltrabajo.cl\/portal\/wp-content\/uploads\/2014\/11\/jeaneria.jpg?resize=197%2C150&amp;ssl=1 197w, https:\/\/i0.wp.com\/eltrabajo.cl\/portal\/wp-content\/uploads\/2014\/11\/jeaneria.jpg?resize=300%2C227&amp;ssl=1 300w, https:\/\/i0.wp.com\/eltrabajo.cl\/portal\/wp-content\/uploads\/2014\/11\/jeaneria.jpg?resize=150%2C113&amp;ssl=1 150w, https:\/\/i0.wp.com\/eltrabajo.cl\/portal\/wp-content\/uploads\/2014\/11\/jeaneria.jpg?resize=400%2C303&amp;ssl=1 400w\" width=\"209\" height=\"159\" loading=\"lazy\" data-original-width=\"209\" data-original-height=\"159\" itemprop=\"http:\/\/schema.org\/image\" title=\"jeaneria\" alt=\"La tienda de vestuario B-Kul de calle Salinas result\u00f3 da\u00f1ada por los delincuentes que al parecer cayeron desde la techumbre quedando encerrados al interior del local, debiendo apilar muebles para escapar, provocando da\u00f1os de consideraci\u00f3n.\" style=\"width: 209px; height: 159px;\" \/> <\/a> <div class=\"tiled-gallery-caption\" itemprop=\"caption description\"> La tienda de vestuario B-Kul de calle Salinas result\u00f3 da\u00f1ada por los delincuentes que al parecer cayeron desde la techumbre quedando encerrados al interior del local, debiendo apilar muebles para escapar, provocando da\u00f1os de consideraci\u00f3n. <\/div> <\/div> <div class=\"tiled-gallery-item tiled-gallery-item-small\" itemprop=\"associatedMedia\" itemscope itemtype=\"http:\/\/schema.org\/ImageObject\"> <a href=\"https:\/\/eltrabajo.cl\/portal\/mas-de-siete-locales-comerciales-fueron-victimas-de-robos-y-danos-el-fin-de-semana\/edificio-prat\/\" border=\"0\" itemprop=\"url\"> <meta itemprop=\"width\" content=\"209\"> <meta itemprop=\"height\" content=\"158\"> <img decoding=\"async\" class=\"\" data-attachment-id=\"52972\" data-orig-file=\"https:\/\/eltrabajo.cl\/portal\/wp-content\/uploads\/2014\/11\/Edificio-Prat.jpg\" data-orig-size=\"529,401\" data-comments-opened=\"1\" data-image-meta=\"{&quot;aperture&quot;:&quot;0&quot;,&quot;credit&quot;:&quot;&quot;,&quot;camera&quot;:&quot;&quot;,&quot;caption&quot;:&quot;&quot;,&quot;created_timestamp&quot;:&quot;0&quot;,&quot;copyright&quot;:&quot;&quot;,&quot;focal_length&quot;:&quot;0&quot;,&quot;iso&quot;:&quot;0&quot;,&quot;shutter_speed&quot;:&quot;0&quot;,&quot;title&quot;:&quot;&quot;,&quot;orientation&quot;:&quot;0&quot;}\" data-image-title=\"Edificio Prat\" data-image-description=\"&lt;p&gt;M\u00e1s de 2 millones de pesos en especies sustrajeron desde el local N\u00ba 4 del Servicio T\u00e9cnico de Telefon\u00eda Celular, ubicado en el interior del Edificio Prat de San Felipe.&lt;\/p&gt; \" data-medium-file=\"https:\/\/i0.wp.com\/eltrabajo.cl\/portal\/wp-content\/uploads\/2014\/11\/Edificio-Prat.jpg?fit=300%2C227&#038;ssl=1\" data-large-file=\"https:\/\/i0.wp.com\/eltrabajo.cl\/portal\/wp-content\/uploads\/2014\/11\/Edificio-Prat.jpg?fit=529%2C401&#038;ssl=1\" src=\"https:\/\/i0.wp.com\/eltrabajo.cl\/portal\/wp-content\/uploads\/2014\/11\/Edificio-Prat.jpg?w=209&#038;h=158&#038;ssl=1\" srcset=\"https:\/\/i0.wp.com\/eltrabajo.cl\/portal\/wp-content\/uploads\/2014\/11\/Edificio-Prat.jpg?w=529&amp;ssl=1 529w, https:\/\/i0.wp.com\/eltrabajo.cl\/portal\/wp-content\/uploads\/2014\/11\/Edificio-Prat.jpg?resize=197%2C150&amp;ssl=1 197w, https:\/\/i0.wp.com\/eltrabajo.cl\/portal\/wp-content\/uploads\/2014\/11\/Edificio-Prat.jpg?resize=300%2C227&amp;ssl=1 300w, https:\/\/i0.wp.com\/eltrabajo.cl\/portal\/wp-content\/uploads\/2014\/11\/Edificio-Prat.jpg?resize=150%2C113&amp;ssl=1 150w, https:\/\/i0.wp.com\/eltrabajo.cl\/portal\/wp-content\/uploads\/2014\/11\/Edificio-Prat.jpg?resize=400%2C303&amp;ssl=1 400w\" width=\"209\" height=\"158\" loading=\"lazy\" data-original-width=\"209\" data-original-height=\"158\" itemprop=\"http:\/\/schema.org\/image\" title=\"Edificio Prat\" alt=\"M\u00e1s de 2 millones de pesos en especies sustrajeron desde el local N\u00ba 4 del Servicio T\u00e9cnico de Telefon\u00eda Celular, ubicado en el interior del Edificio Prat de San Felipe.\" style=\"width: 209px; height: 158px;\" \/> <\/a> <div class=\"tiled-gallery-caption\" itemprop=\"caption description\"> M\u00e1s de 2 millones de pesos en especies sustrajeron desde el local N\u00ba 4 del Servicio T\u00e9cnico de Telefon\u00eda Celular, ubicado en el interior del Edificio Prat de San Felipe. <\/div> <\/div> <\/div> <!-- close group --> <\/div> <!-- close row --> <\/div>\n","protected":false},"excerpt":{"rendered":"<p>Al menos siete locales comerciales fueron v\u00edctimas de da\u00f1os y robos cometidos durante el largo fin de semana, a los cuales los antisociales ingresaron utilizando la ya conocida t\u00e9cnica del forado a&#8230;<\/p>\n","protected":false},"author":482,"featured_media":52971,"comment_status":"open","ping_status":"closed","sticky":false,"template":"","format":"standard","meta":{"advanced_seo_description":"","jetpack_seo_html_title":"","jetpack_seo_noindex":false,"_jetpack_memberships_contains_paid_content":false,"footnotes":""},"categories":[21],"tags":[],"class_list":["post-52970","post","type-post","status-publish","format-standard","has-post-thumbnail","hentry","category-policial"],"jetpack_featured_media_url":"https:\/\/i0.wp.com\/eltrabajo.cl\/portal\/wp-content\/uploads\/2014\/11\/techo-comercial.jpg?fit=528%2C401&ssl=1","jetpack_sharing_enabled":true,"jetpack_likes_enabled":true,"jetpack-related-posts":[],"_links":{"self":[{"href":"https:\/\/eltrabajo.cl\/portal\/wp-json\/wp\/v2\/posts\/52970","targetHints":{"allow":["GET"]}}],"collection":[{"href":"https:\/\/eltrabajo.cl\/portal\/wp-json\/wp\/v2\/posts"}],"about":[{"href":"https:\/\/eltrabajo.cl\/portal\/wp-json\/wp\/v2\/types\/post"}],"author":[{"embeddable":true,"href":"https:\/\/eltrabajo.cl\/portal\/wp-json\/wp\/v2\/users\/482"}],"replies":[{"embeddable":true,"href":"https:\/\/eltrabajo.cl\/portal\/wp-json\/wp\/v2\/comments?post=52970"}],"version-history":[{"count":0,"href":"https:\/\/eltrabajo.cl\/portal\/wp-json\/wp\/v2\/posts\/52970\/revisions"}],"wp:featuredmedia":[{"embeddable":true,"href":"https:\/\/eltrabajo.cl\/portal\/wp-json\/wp\/v2\/media\/52971"}],"wp:attachment":[{"href":"https:\/\/eltrabajo.cl\/portal\/wp-json\/wp\/v2\/media?parent=52970"}],"wp:term":[{"taxonomy":"category","embeddable":true,"href":"https:\/\/eltrabajo.cl\/portal\/wp-json\/wp\/v2\/categories?post=52970"},{"taxonomy":"post_tag","embeddable":true,"href":"https:\/\/eltrabajo.cl\/portal\/wp-json\/wp\/v2\/tags?post=52970"}],"curies":[{"name":"wp","href":"https:\/\/api.w.org\/{rel}","templated":true}]}}