{"id":52979,"date":"2014-11-05T09:24:16","date_gmt":"2014-11-05T12:24:16","guid":{"rendered":"http:\/\/www.eltrabajo.cl\/portal\/?p=52979"},"modified":"2014-11-05T09:24:16","modified_gmt":"2014-11-05T12:24:16","slug":"un-solo-medico-atendio-a-usuarios-del-cesfam-durante-este-martes","status":"publish","type":"post","link":"https:\/\/eltrabajo.cl\/portal\/un-solo-medico-atendio-a-usuarios-del-cesfam-durante-este-martes\/","title":{"rendered":"Un s\u00f3lo m\u00e9dico atendi\u00f3 a usuarios del Cesfam durante este martes"},"content":{"rendered":"<figure id=\"attachment_52980\" aria-describedby=\"caption-attachment-52980\" style=\"width: 529px\" class=\"wp-caption alignnone\"><a href=\"https:\/\/i0.wp.com\/www.eltrabajo.cl\/portal\/wp-content\/uploads\/2014\/11\/Urgencias1.jpg\"><img data-recalc-dims=\"1\" loading=\"lazy\" decoding=\"async\" class=\"size-full wp-image-52980\" src=\"https:\/\/i0.wp.com\/www.eltrabajo.cl\/portal\/wp-content\/uploads\/2014\/11\/Urgencias1.jpg?resize=529%2C303\" alt=\"La molestia de los usuarios era evidente y muchos se retiraron indignados del recinto, pues aseguraron que no es primera vez que ocurre una situaci\u00f3n similar.\" width=\"529\" height=\"303\" srcset=\"https:\/\/i0.wp.com\/eltrabajo.cl\/portal\/wp-content\/uploads\/2014\/11\/Urgencias1.jpg?w=529&amp;ssl=1 529w, https:\/\/i0.wp.com\/eltrabajo.cl\/portal\/wp-content\/uploads\/2014\/11\/Urgencias1.jpg?resize=200%2C114&amp;ssl=1 200w, https:\/\/i0.wp.com\/eltrabajo.cl\/portal\/wp-content\/uploads\/2014\/11\/Urgencias1.jpg?resize=300%2C171&amp;ssl=1 300w, https:\/\/i0.wp.com\/eltrabajo.cl\/portal\/wp-content\/uploads\/2014\/11\/Urgencias1.jpg?resize=150%2C85&amp;ssl=1 150w, https:\/\/i0.wp.com\/eltrabajo.cl\/portal\/wp-content\/uploads\/2014\/11\/Urgencias1.jpg?resize=400%2C229&amp;ssl=1 400w\" sizes=\"auto, (max-width: 529px) 100vw, 529px\" \/><\/a><figcaption id=\"caption-attachment-52980\" class=\"wp-caption-text\">La molestia de los usuarios era evidente y muchos se retiraron indignados del recinto, pues aseguraron que no es primera vez que ocurre una situaci\u00f3n similar.<\/figcaption><\/figure>\n<p><strong>PUTAENDO<\/strong>.- Durante las primeras horas de este martes se supo que s\u00f3lo un m\u00e9dico estaba disponible para atender a todos los usuarios que llegaron hasta el Cesfam Valle Los Libertadores, lo que gener\u00f3 un serio inconveniente. Quienes llegaron muy temprano para obtener n\u00famero de atenci\u00f3n, se encontraron con la sorpresa que en primera instancia ser\u00edan priorizadas las atenciones para adultos mayores y menores de cinco a\u00f1os, ya que de los tres m\u00e9dicos que deb\u00edan atender en forma normal, s\u00f3lo estaba disponible para trabajar el Dr. Hamilton Yagual.<br \/>\nLa molestia de los usuarios era evidente y muchos se retiraron indignados del recinto, pues aseguraron que no es primera vez que ocurre una situaci\u00f3n similar.<br \/>\nMireya Ponce, Directora del Cesfam Valle de los Libertadores, asegur\u00f3 que efectiva y coincidentemente tres m\u00e9dicos presentaron licencia, a lo que se suma el post natal que tiene una doctora, por lo que s\u00f3lo el Dr. Yagual estaba disponible para atender usuarios, lo que en un principio oblig\u00f3 a priorizar las atenciones y realizar una atenci\u00f3n m\u00e1s breve de lo habitual, para que el m\u00e9dico pudiese atender la mayor cantidad de usuarios, siendo apoyado por las enfermeras que se iban a encargar de la atenci\u00f3n a usuarios cr\u00f3nicos.<br \/>\nPonce indic\u00f3 que es impredecible saber cu\u00e1ndo los m\u00e9dicos van a presentar licencia, como en el caso ocurrido este martes, pero tambi\u00e9n reconoci\u00f3 que no es primera vez que viven este inconveniente y adelant\u00f3 que la situaci\u00f3n podr\u00eda tornarse mucho m\u00e1s compleja este mi\u00e9rcoles si es que los m\u00e9dicos que presentaron licencia contin\u00faan con ese reposo, ya que el Dr. Yagual no atiende los d\u00edas mi\u00e9rcoles en Putaendo, lo que incluso podr\u00eda significar que este mi\u00e9rcoles el Cesfam Valle Los Libertadores no tenga atenci\u00f3n m\u00e9dica.<br \/>\nPatricio Gallardo M.<\/p>\n","protected":false},"excerpt":{"rendered":"<p>PUTAENDO.- Durante las primeras horas de este martes se supo que s\u00f3lo un m\u00e9dico estaba disponible para atender a todos los usuarios que llegaron hasta el Cesfam Valle Los Libertadores, lo que&#8230;<\/p>\n","protected":false},"author":482,"featured_media":52980,"comment_status":"open","ping_status":"closed","sticky":false,"template":"","format":"standard","meta":{"advanced_seo_description":"","jetpack_seo_html_title":"","jetpack_seo_noindex":false,"_jetpack_memberships_contains_paid_content":false,"footnotes":""},"categories":[15],"tags":[],"class_list":["post-52979","post","type-post","status-publish","format-standard","has-post-thumbnail","hentry","category-comunidad"],"jetpack_featured_media_url":"https:\/\/i0.wp.com\/eltrabajo.cl\/portal\/wp-content\/uploads\/2014\/11\/Urgencias1.jpg?fit=529%2C303&ssl=1","jetpack_sharing_enabled":true,"jetpack_likes_enabled":true,"jetpack-related-posts":[],"_links":{"self":[{"href":"https:\/\/eltrabajo.cl\/portal\/wp-json\/wp\/v2\/posts\/52979","targetHints":{"allow":["GET"]}}],"collection":[{"href":"https:\/\/eltrabajo.cl\/portal\/wp-json\/wp\/v2\/posts"}],"about":[{"href":"https:\/\/eltrabajo.cl\/portal\/wp-json\/wp\/v2\/types\/post"}],"author":[{"embeddable":true,"href":"https:\/\/eltrabajo.cl\/portal\/wp-json\/wp\/v2\/users\/482"}],"replies":[{"embeddable":true,"href":"https:\/\/eltrabajo.cl\/portal\/wp-json\/wp\/v2\/comments?post=52979"}],"version-history":[{"count":0,"href":"https:\/\/eltrabajo.cl\/portal\/wp-json\/wp\/v2\/posts\/52979\/revisions"}],"wp:featuredmedia":[{"embeddable":true,"href":"https:\/\/eltrabajo.cl\/portal\/wp-json\/wp\/v2\/media\/52980"}],"wp:attachment":[{"href":"https:\/\/eltrabajo.cl\/portal\/wp-json\/wp\/v2\/media?parent=52979"}],"wp:term":[{"taxonomy":"category","embeddable":true,"href":"https:\/\/eltrabajo.cl\/portal\/wp-json\/wp\/v2\/categories?post=52979"},{"taxonomy":"post_tag","embeddable":true,"href":"https:\/\/eltrabajo.cl\/portal\/wp-json\/wp\/v2\/tags?post=52979"}],"curies":[{"name":"wp","href":"https:\/\/api.w.org\/{rel}","templated":true}]}}