{"id":52982,"date":"2014-11-05T09:25:16","date_gmt":"2014-11-05T12:25:16","guid":{"rendered":"http:\/\/www.eltrabajo.cl\/portal\/?p=52982"},"modified":"2014-11-05T09:25:16","modified_gmt":"2014-11-05T12:25:16","slug":"taller-de-manualidades-nuestras-manos-se-luce-en-feria-de-la-salud","status":"publish","type":"post","link":"https:\/\/eltrabajo.cl\/portal\/taller-de-manualidades-nuestras-manos-se-luce-en-feria-de-la-salud\/","title":{"rendered":"Taller de manualidades \u2018Nuestras Manos\u2019 se luce en feria de la salud"},"content":{"rendered":"<figure id=\"attachment_52983\" aria-describedby=\"caption-attachment-52983\" style=\"width: 528px\" class=\"wp-caption alignnone\"><a href=\"https:\/\/i0.wp.com\/www.eltrabajo.cl\/portal\/wp-content\/uploads\/2014\/11\/nuestras-manos.jpg\"><img data-recalc-dims=\"1\" loading=\"lazy\" decoding=\"async\" class=\"size-full wp-image-52983\" src=\"https:\/\/i0.wp.com\/www.eltrabajo.cl\/portal\/wp-content\/uploads\/2014\/11\/nuestras-manos.jpg?resize=528%2C358\" alt=\"Las esposas de socios del Sindicato Industrial de Integraci\u00f3n Laboral (SIIL) de Codelco Andina, est\u00e1n exponiendo las confecciones que han realizado, siendo uno de los grandes atractivos  de esta feria.\" width=\"528\" height=\"358\" srcset=\"https:\/\/i0.wp.com\/eltrabajo.cl\/portal\/wp-content\/uploads\/2014\/11\/nuestras-manos.jpg?w=528&amp;ssl=1 528w, https:\/\/i0.wp.com\/eltrabajo.cl\/portal\/wp-content\/uploads\/2014\/11\/nuestras-manos.jpg?resize=200%2C135&amp;ssl=1 200w, https:\/\/i0.wp.com\/eltrabajo.cl\/portal\/wp-content\/uploads\/2014\/11\/nuestras-manos.jpg?resize=300%2C203&amp;ssl=1 300w, https:\/\/i0.wp.com\/eltrabajo.cl\/portal\/wp-content\/uploads\/2014\/11\/nuestras-manos.jpg?resize=150%2C101&amp;ssl=1 150w, https:\/\/i0.wp.com\/eltrabajo.cl\/portal\/wp-content\/uploads\/2014\/11\/nuestras-manos.jpg?resize=400%2C271&amp;ssl=1 400w\" sizes=\"auto, (max-width: 528px) 100vw, 528px\" \/><\/a><figcaption id=\"caption-attachment-52983\" class=\"wp-caption-text\">Las esposas de socios del Sindicato Industrial de Integraci\u00f3n Laboral (SIIL) de Codelco Andina, est\u00e1n exponiendo las confecciones que han realizado, siendo uno de los grandes atractivos de esta feria.<\/figcaption><\/figure>\n<p>Este 4, 5 y 6 de noviembre, una activa participaci\u00f3n est\u00e1 teniendo el taller de manualidades del Sindicato Industrial de Integraci\u00f3n Laboral (SIIL) \u2018Nuestras Manos\u2019 en la feria de la salud 2014 realizada por la Cl\u00ednica R\u00edo Blanco y que est\u00e1 disponible para los beneficiarios y p\u00fablico en general del centro cl\u00ednico.<br \/>\nEn la ocasi\u00f3n se est\u00e1n exponiendo diversos aspectos de promoci\u00f3n de la salud, el deporte y tambi\u00e9n las confecciones, donde han destacado los trabajos de este grupo de a lo menos 30 socias que estar\u00e1n presentes durante los tres d\u00edas que dura la feria.<br \/>\nEste grupo est\u00e1 mostrando a la comunidad su arte con t\u00e9cnicas de bordado espa\u00f1ol, decoupage, crochet, bordado en cinta y muchas otras sobre las cuales han realizado diversas confecciones que est\u00e1n exponiendo a la comunidad.<br \/>\nSobre esta muestra llevada a cabo por el taller de manualidades del SIIL, sus coordinadores, la asistente social Elizabeth Varas y el tesorero sindical, H\u00e9ctor Lizana, destacaron el trabajo que vienen haciendo hace aproximadamente cinco a\u00f1os este grupo de mujeres, por lo que la participaci\u00f3n en este tipo de espacios les permite mostrar su arte.<br \/>\nCabe mencionar que la participaci\u00f3n en este taller a las mujeres les permite recrearse y distraerse de las actividades diarias, ya que les genera un momento de esparcimiento y motivaci\u00f3n por aprender mucho m\u00e1s.<\/p>\n","protected":false},"excerpt":{"rendered":"<p>Este 4, 5 y 6 de noviembre, una activa participaci\u00f3n est\u00e1 teniendo el taller de manualidades del Sindicato Industrial de Integraci\u00f3n Laboral (SIIL) \u2018Nuestras Manos\u2019 en la feria de la salud 2014&#8230;<\/p>\n","protected":false},"author":482,"featured_media":52983,"comment_status":"open","ping_status":"closed","sticky":false,"template":"","format":"standard","meta":{"advanced_seo_description":"","jetpack_seo_html_title":"","jetpack_seo_noindex":false,"_jetpack_memberships_contains_paid_content":false,"footnotes":""},"categories":[15],"tags":[],"class_list":["post-52982","post","type-post","status-publish","format-standard","has-post-thumbnail","hentry","category-comunidad"],"jetpack_featured_media_url":"https:\/\/i0.wp.com\/eltrabajo.cl\/portal\/wp-content\/uploads\/2014\/11\/nuestras-manos.jpg?fit=528%2C358&ssl=1","jetpack_sharing_enabled":true,"jetpack_likes_enabled":true,"jetpack-related-posts":[],"_links":{"self":[{"href":"https:\/\/eltrabajo.cl\/portal\/wp-json\/wp\/v2\/posts\/52982","targetHints":{"allow":["GET"]}}],"collection":[{"href":"https:\/\/eltrabajo.cl\/portal\/wp-json\/wp\/v2\/posts"}],"about":[{"href":"https:\/\/eltrabajo.cl\/portal\/wp-json\/wp\/v2\/types\/post"}],"author":[{"embeddable":true,"href":"https:\/\/eltrabajo.cl\/portal\/wp-json\/wp\/v2\/users\/482"}],"replies":[{"embeddable":true,"href":"https:\/\/eltrabajo.cl\/portal\/wp-json\/wp\/v2\/comments?post=52982"}],"version-history":[{"count":0,"href":"https:\/\/eltrabajo.cl\/portal\/wp-json\/wp\/v2\/posts\/52982\/revisions"}],"wp:featuredmedia":[{"embeddable":true,"href":"https:\/\/eltrabajo.cl\/portal\/wp-json\/wp\/v2\/media\/52983"}],"wp:attachment":[{"href":"https:\/\/eltrabajo.cl\/portal\/wp-json\/wp\/v2\/media?parent=52982"}],"wp:term":[{"taxonomy":"category","embeddable":true,"href":"https:\/\/eltrabajo.cl\/portal\/wp-json\/wp\/v2\/categories?post=52982"},{"taxonomy":"post_tag","embeddable":true,"href":"https:\/\/eltrabajo.cl\/portal\/wp-json\/wp\/v2\/tags?post=52982"}],"curies":[{"name":"wp","href":"https:\/\/api.w.org\/{rel}","templated":true}]}}