{"id":52985,"date":"2014-11-05T09:26:01","date_gmt":"2014-11-05T12:26:01","guid":{"rendered":"http:\/\/www.eltrabajo.cl\/portal\/?p=52985"},"modified":"2014-11-05T09:26:01","modified_gmt":"2014-11-05T12:26:01","slug":"escuelas-municipales-implementaran-uso-de-tablet-desde-primero-basico","status":"publish","type":"post","link":"https:\/\/eltrabajo.cl\/portal\/escuelas-municipales-implementaran-uso-de-tablet-desde-primero-basico\/","title":{"rendered":"Escuelas municipales implementar\u00e1n uso de Tablet desde primero b\u00e1sico"},"content":{"rendered":"<figure id=\"attachment_52986\" aria-describedby=\"caption-attachment-52986\" style=\"width: 529px\" class=\"wp-caption alignnone\"><a href=\"https:\/\/i0.wp.com\/www.eltrabajo.cl\/portal\/wp-content\/uploads\/2014\/11\/Tablet1.jpg\"><img data-recalc-dims=\"1\" loading=\"lazy\" decoding=\"async\" class=\"size-full wp-image-52986\" src=\"https:\/\/i0.wp.com\/www.eltrabajo.cl\/portal\/wp-content\/uploads\/2014\/11\/Tablet1.jpg?resize=529%2C401\" alt=\"Estudiantes de siete establecimientos municipales andinos, fueron seleccionados para ser parte de la iniciativa \u2018Tablet para educaci\u00f3n Inicial en NT1, NT2 y 1\u00b0 b\u00e1sico 2014 -2015\u2019.\" width=\"529\" height=\"401\" srcset=\"https:\/\/i0.wp.com\/eltrabajo.cl\/portal\/wp-content\/uploads\/2014\/11\/Tablet1.jpg?w=529&amp;ssl=1 529w, https:\/\/i0.wp.com\/eltrabajo.cl\/portal\/wp-content\/uploads\/2014\/11\/Tablet1.jpg?resize=197%2C150&amp;ssl=1 197w, https:\/\/i0.wp.com\/eltrabajo.cl\/portal\/wp-content\/uploads\/2014\/11\/Tablet1.jpg?resize=300%2C227&amp;ssl=1 300w, https:\/\/i0.wp.com\/eltrabajo.cl\/portal\/wp-content\/uploads\/2014\/11\/Tablet1.jpg?resize=150%2C113&amp;ssl=1 150w, https:\/\/i0.wp.com\/eltrabajo.cl\/portal\/wp-content\/uploads\/2014\/11\/Tablet1.jpg?resize=400%2C303&amp;ssl=1 400w\" sizes=\"auto, (max-width: 529px) 100vw, 529px\" \/><\/a><figcaption id=\"caption-attachment-52986\" class=\"wp-caption-text\">Estudiantes de siete establecimientos municipales andinos, fueron seleccionados para ser parte de la iniciativa \u2018Tablet para educaci\u00f3n Inicial en NT1, NT2 y 1\u00b0 b\u00e1sico 2014 -2015\u2019.<\/figcaption><\/figure>\n<p><strong>LOS ANDES<\/strong>.- Estudiantes de siete establecimientos municipales andinos, integrar\u00e1n las nuevas tecnolog\u00edas a su proceso de aprendizaje, tras ser seleccionados para ser parte de la iniciativa \u2018Tablet para educaci\u00f3n Inicial en NT1, NT2 y 1\u00b0 b\u00e1sico 2014 -2015\u2019, del Ministerio de Educaci\u00f3n. Esto, tras la gesti\u00f3n realizada por el Daem para incorporar a R03; su R03;s Estudiantes de siete establecimientos municipales andinos, integrar\u00e1n las nuevas tecnolog\u00edas a su proceso de aprendizaje, tras ser seleccionados para ser parte de la iniciativa \u2018Tablet para educaci\u00f3n Inicial en NT1, NT2 y 1\u00b0 b\u00e1sico 2014 -2015\u2019alumnos al mundo digital.<br \/>\nEl programa se desarrollar\u00e1 en Liceo Rep\u00fablica Argentina y las escuelas Ferroviaria, Gabriela Mistral, Jos\u00e9 Miguel Carrera, R\u00edo Blanco y El Sauce. A estas se suma la Escuela Espa\u00f1a, que desde el a\u00f1o 2013 est\u00e1 implementando el piloto con alumnos de pre-b\u00e1sica, y que el pr\u00f3ximo a\u00f1o podr\u00e1 integrar a alumnos de primer a\u00f1o b\u00e1sico.<br \/>\n\u00abHay una nuevo concepto que tiene que ver con aprender desde la tecnolog\u00eda al servicio de la integraci\u00f3n. Esperamos que los otros colegios tambi\u00e9n utilicen este m\u00e9todo. La Escuela Espa\u00f1a es potente en el \u00e1rea tecnol\u00f3gica y los resultados est\u00e1n a la vista. Los ni\u00f1os trabajan de forma aut\u00f3noma y comparten decisiones\u00bb, se\u00f1al\u00f3 Cristian Cruz, director del establecimiento.<br \/>\nLa directora del Daem, Soledad Reinoso, destac\u00f3 que los establecimientos municipales andinos ya ofrecen a sus alumnos carros m\u00f3viles para netbook en toda la ense\u00f1anza b\u00e1sica y salas Enlaces con conexi\u00f3n a internet abiertas a todo el alumnado.<br \/>\n\u00abPor eso, hoy podemos decir que en nuestras aulas el proceso de tecnolog\u00eda se extiende desde pre-kinder hasta la ense\u00f1anza media, con elementos y equipos de \u00faltima tecnolog\u00eda. Los alumnos de Los Andes est\u00e1n a la vanguardia del uso de la tecnolog\u00eda para el desarrollo de sus conocimientos\u00bb, agreg\u00f3.<br \/>\nEsta iniciativa, considera la capacitaci\u00f3n a los docentes que estar\u00e1n a cargo de implementar el proyecto, adem\u00e1s de visitas de acompa\u00f1amiento al aula, seguimiento a trav\u00e9s de plataforma on-line y reuniones con el equipo de liderazgo educativo de cada establecimiento, a fin de conocer y reparar los aspectos que pueden dificultar la implementaci\u00f3n de la iniciativa.<\/p>\n","protected":false},"excerpt":{"rendered":"<p>LOS ANDES.- Estudiantes de siete establecimientos municipales andinos, integrar\u00e1n las nuevas tecnolog\u00edas a su proceso de aprendizaje, tras ser seleccionados para ser parte de la iniciativa \u2018Tablet para educaci\u00f3n Inicial en NT1,&#8230;<\/p>\n","protected":false},"author":482,"featured_media":52986,"comment_status":"open","ping_status":"closed","sticky":false,"template":"","format":"standard","meta":{"advanced_seo_description":"","jetpack_seo_html_title":"","jetpack_seo_noindex":false,"_jetpack_memberships_contains_paid_content":false,"footnotes":""},"categories":[15],"tags":[],"class_list":["post-52985","post","type-post","status-publish","format-standard","has-post-thumbnail","hentry","category-comunidad"],"jetpack_featured_media_url":"https:\/\/i0.wp.com\/eltrabajo.cl\/portal\/wp-content\/uploads\/2014\/11\/Tablet1.jpg?fit=529%2C401&ssl=1","jetpack_sharing_enabled":true,"jetpack_likes_enabled":true,"jetpack-related-posts":[],"_links":{"self":[{"href":"https:\/\/eltrabajo.cl\/portal\/wp-json\/wp\/v2\/posts\/52985","targetHints":{"allow":["GET"]}}],"collection":[{"href":"https:\/\/eltrabajo.cl\/portal\/wp-json\/wp\/v2\/posts"}],"about":[{"href":"https:\/\/eltrabajo.cl\/portal\/wp-json\/wp\/v2\/types\/post"}],"author":[{"embeddable":true,"href":"https:\/\/eltrabajo.cl\/portal\/wp-json\/wp\/v2\/users\/482"}],"replies":[{"embeddable":true,"href":"https:\/\/eltrabajo.cl\/portal\/wp-json\/wp\/v2\/comments?post=52985"}],"version-history":[{"count":0,"href":"https:\/\/eltrabajo.cl\/portal\/wp-json\/wp\/v2\/posts\/52985\/revisions"}],"wp:featuredmedia":[{"embeddable":true,"href":"https:\/\/eltrabajo.cl\/portal\/wp-json\/wp\/v2\/media\/52986"}],"wp:attachment":[{"href":"https:\/\/eltrabajo.cl\/portal\/wp-json\/wp\/v2\/media?parent=52985"}],"wp:term":[{"taxonomy":"category","embeddable":true,"href":"https:\/\/eltrabajo.cl\/portal\/wp-json\/wp\/v2\/categories?post=52985"},{"taxonomy":"post_tag","embeddable":true,"href":"https:\/\/eltrabajo.cl\/portal\/wp-json\/wp\/v2\/tags?post=52985"}],"curies":[{"name":"wp","href":"https:\/\/api.w.org\/{rel}","templated":true}]}}