{"id":5299,"date":"2011-10-24T08:46:10","date_gmt":"2011-10-24T12:46:10","guid":{"rendered":"http:\/\/www.eltrabajo.cl\/portal\/?p=5299"},"modified":"2011-10-24T08:46:10","modified_gmt":"2011-10-24T12:46:10","slug":"sitio-arqueologico-desapareceria-para-proveer-aridos-a-embalse-chacrillas","status":"publish","type":"post","link":"https:\/\/eltrabajo.cl\/portal\/sitio-arqueologico-desapareceria-para-proveer-aridos-a-embalse-chacrillas\/","title":{"rendered":"Sitio arqueol\u00f3gico desaparecer\u00eda para proveer \u00e1ridos a embalse Chacrillas"},"content":{"rendered":"<figure id=\"attachment_5300\" aria-describedby=\"caption-attachment-5300\" style=\"width: 600px\" class=\"wp-caption alignnone\"><a href=\"http:\/\/www.eltrabajo.cl\/portal\/archives\/5299\/los-patos-2\" rel=\"attachment wp-att-5300\"><img data-recalc-dims=\"1\" loading=\"lazy\" decoding=\"async\" class=\"size-full wp-image-5300\" title=\"los patos (2)\" src=\"https:\/\/i0.wp.com\/www.eltrabajo.cl\/portal\/wp-content\/uploads\/2011\/10\/los-patos-2.jpg?resize=600%2C450\" alt=\"\" width=\"600\" height=\"450\" srcset=\"https:\/\/i0.wp.com\/eltrabajo.cl\/portal\/wp-content\/uploads\/2011\/10\/los-patos-2.jpg?w=600&amp;ssl=1 600w, https:\/\/i0.wp.com\/eltrabajo.cl\/portal\/wp-content\/uploads\/2011\/10\/los-patos-2.jpg?resize=200%2C150&amp;ssl=1 200w, https:\/\/i0.wp.com\/eltrabajo.cl\/portal\/wp-content\/uploads\/2011\/10\/los-patos-2.jpg?resize=300%2C225&amp;ssl=1 300w, https:\/\/i0.wp.com\/eltrabajo.cl\/portal\/wp-content\/uploads\/2011\/10\/los-patos-2.jpg?resize=150%2C112&amp;ssl=1 150w, https:\/\/i0.wp.com\/eltrabajo.cl\/portal\/wp-content\/uploads\/2011\/10\/los-patos-2.jpg?resize=400%2C300&amp;ssl=1 400w\" sizes=\"auto, (max-width: 600px) 100vw, 600px\" \/><\/a><figcaption id=\"caption-attachment-5300\" class=\"wp-caption-text\">Obras de movimiento de tierra podr\u00edan afectar profundamente hist\u00f3ricos sitios arqueol\u00f3gicos y antiguos corrales de m\u00e1s de doscientos a\u00f1os de antig\u00fcedad.<\/figcaption><\/figure>\n<p>Comunidad y autoridades preocupadas por futuro de sitios arqueol\u00f3gicos y antiguos corrales que datan de m\u00e1s de doscientos a\u00f1os.<\/p>\n<p><strong>PUTAENDO.-<\/strong> La construcci\u00f3n del a\u00f1orado Embalse Chacrillas, que es sin duda la obra de m\u00e1s adelanto en la historia de Putaendo, est\u00e1 generando preocupaci\u00f3n en algunos sectores de la comuna y en sus autoridades por el temor a que hist\u00f3ricos sitios arqueol\u00f3gicos y antiguos corrales de m\u00e1s de doscientos a\u00f1os de antig\u00fcedad, desaparezcan por las obras de movimiento de tierra en el sector conocido como El Chalaco.<\/p>\n<p>Gast\u00f3n Arancibia C\u00e1diz, Dirigente del Canal Chalaco Alto; el Profesor Francisco Duarte y el Dirigente Joaqu\u00edn Gallardo, expresaron su preocupaci\u00f3n por el futuro de algunos importantes sitios arqueol\u00f3gicos, que seg\u00fan el destacado historiador putaendino Noel Fuentes Elgueta, corresponder\u00edan a la cultura Picunche, donde se han encontrado gran cantidad de petroglifos, vasijas de greda y puntas de lanza. Adem\u00e1s en ese preciso sector realizaban intercambios o trueques con los Diaguitas de la zona de Argentina, sumando a ello los antiguos corrales o pircas que el historiador y lugare\u00f1os aseguran poseen m\u00e1s de doscientos a\u00f1os de antig\u00fcedad, los que estar\u00edan corriendo un serio riesgo de desaparecer producto de las obras que se desarrollan en el sector de El Chalaco, lugar escogido por la empresa ejecutora del Embalse Chacrillas para sacar los \u00e1ridos para la construcci\u00f3n de la cortina de la obra hidr\u00e1ulica.<\/p>\n<p>Gast\u00f3n Arancibia asegura que hace m\u00e1s de una semana dirigentes y vecinos de Los Patos se reunieron con el representante de OHL, quien les habr\u00eda se\u00f1alado que los sitios arqueol\u00f3gicos, hoy debidamente identificados y que superar\u00edan las catorce zonas, ser\u00e1n estudiados por arque\u00f3logos, quienes extraer\u00e1n todo lo que all\u00ed exista para trasladarlos a un museo y posteriormente esos terrenos tambi\u00e9n ser\u00e1n ocupados en las faenas de movimiento de tierra, agregando que el representante de OHL indic\u00f3 que los corrales de pirca tambi\u00e9n deber\u00e1n desaparecer, pues en el proyecto original no hay impedimento alguno para ocupar esos terrenos y as\u00ed lo estipulan los estudios realizados con antelaci\u00f3n a la ejecuci\u00f3n del proyecto.<\/p>\n<p>Sin embargo, los dirigentes expresaron su p\u00fablica preocupaci\u00f3n por considerar una destrucci\u00f3n del patrimonio cultural e hist\u00f3rico de un lugar que es un verdadero centro de inter\u00e9s hist\u00f3rico, el que consideran no ha sido resguardado como corresponde por las autoridades a nivel nacional, donde ya hoy comenzaron los trabajos de prospecci\u00f3n del suelo, con forados de hasta veinte metros de profundidad, registr\u00e1ndose ya al interior de los mismos corrales una prospecci\u00f3n de menor envergadura.<\/p>\n<p>La situaci\u00f3n incluso oblig\u00f3 al Alcalde Guillermo Reyes a solicitarle a la empresa OHL que aplazara los trabajos en el sector de los corrales, a la espera de una respuesta a un documento formal que la municipalidad envi\u00f3 al Ministerio de Obras P\u00fablicas para ver la posibilidad de que estos terrenos no sean destruidos, a lo que seg\u00fan la primera autoridad comunal, la empresa se habr\u00eda comprometido a no iniciar los trabajos de excavaci\u00f3n por el momento, agregando el edil que es un tema sensible, pero que como municipio se jugar\u00e1n todas las cartas para tratar de defender los sitios arqueol\u00f3gicos y los antiguos corrales de El Chalaco.<\/p>\n<p>El Profesor Francisco Duarte coment\u00f3 que envi\u00f3 todos los antecedentes al Consejo de Monumentos Nacionales para que puedan entregar un pronunciamiento referente a la aprobaci\u00f3n de este proyecto, mientras que el dirigente Gast\u00f3n Arancibia se\u00f1al\u00f3 que espera que las autoridades se involucren en el tema, sumado a las palabras del Dirigente Joaqu\u00edn Gallardo, quien llam\u00f3 a las organizaciones sociales de la comuna a tomar un rol m\u00e1s activo en cuanto a la defensa de los sitios arqueol\u00f3gicos e hist\u00f3ricos del sector El Chalaco de Los Patos.<\/p>\n<p><strong>Patricio Gallardo M.<\/strong><\/p>\n","protected":false},"excerpt":{"rendered":"<p>Comunidad y autoridades preocupadas por futuro de sitios arqueol\u00f3gicos y antiguos corrales que datan de m\u00e1s de doscientos a\u00f1os. PUTAENDO.- La construcci\u00f3n del a\u00f1orado Embalse Chacrillas, que es sin duda la obra&#8230;<\/p>\n","protected":false},"author":482,"featured_media":5300,"comment_status":"open","ping_status":"open","sticky":false,"template":"","format":"standard","meta":{"advanced_seo_description":"","jetpack_seo_html_title":"","jetpack_seo_noindex":false,"_jetpack_memberships_contains_paid_content":false,"footnotes":""},"categories":[15],"tags":[],"class_list":["post-5299","post","type-post","status-publish","format-standard","has-post-thumbnail","hentry","category-comunidad"],"jetpack_featured_media_url":"https:\/\/i0.wp.com\/eltrabajo.cl\/portal\/wp-content\/uploads\/2011\/10\/los-patos-2.jpg?fit=600%2C450&ssl=1","jetpack_sharing_enabled":true,"jetpack_likes_enabled":true,"jetpack-related-posts":[],"_links":{"self":[{"href":"https:\/\/eltrabajo.cl\/portal\/wp-json\/wp\/v2\/posts\/5299","targetHints":{"allow":["GET"]}}],"collection":[{"href":"https:\/\/eltrabajo.cl\/portal\/wp-json\/wp\/v2\/posts"}],"about":[{"href":"https:\/\/eltrabajo.cl\/portal\/wp-json\/wp\/v2\/types\/post"}],"author":[{"embeddable":true,"href":"https:\/\/eltrabajo.cl\/portal\/wp-json\/wp\/v2\/users\/482"}],"replies":[{"embeddable":true,"href":"https:\/\/eltrabajo.cl\/portal\/wp-json\/wp\/v2\/comments?post=5299"}],"version-history":[{"count":0,"href":"https:\/\/eltrabajo.cl\/portal\/wp-json\/wp\/v2\/posts\/5299\/revisions"}],"wp:featuredmedia":[{"embeddable":true,"href":"https:\/\/eltrabajo.cl\/portal\/wp-json\/wp\/v2\/media\/5300"}],"wp:attachment":[{"href":"https:\/\/eltrabajo.cl\/portal\/wp-json\/wp\/v2\/media?parent=5299"}],"wp:term":[{"taxonomy":"category","embeddable":true,"href":"https:\/\/eltrabajo.cl\/portal\/wp-json\/wp\/v2\/categories?post=5299"},{"taxonomy":"post_tag","embeddable":true,"href":"https:\/\/eltrabajo.cl\/portal\/wp-json\/wp\/v2\/tags?post=5299"}],"curies":[{"name":"wp","href":"https:\/\/api.w.org\/{rel}","templated":true}]}}