{"id":52994,"date":"2014-11-05T09:31:06","date_gmt":"2014-11-05T12:31:06","guid":{"rendered":"http:\/\/www.eltrabajo.cl\/portal\/?p=52994"},"modified":"2014-11-05T09:31:06","modified_gmt":"2014-11-05T12:31:06","slug":"susana-fuster-contreras-nueva-directora-del-daem","status":"publish","type":"post","link":"https:\/\/eltrabajo.cl\/portal\/susana-fuster-contreras-nueva-directora-del-daem\/","title":{"rendered":"Susana Fuster Contreras nueva directora del Daem"},"content":{"rendered":"<figure id=\"attachment_52995\" aria-describedby=\"caption-attachment-52995\" style=\"width: 300px\" class=\"wp-caption alignleft\"><a href=\"https:\/\/i0.wp.com\/www.eltrabajo.cl\/portal\/wp-content\/uploads\/2014\/11\/SUSANA-FUSTER.jpg\"><img data-recalc-dims=\"1\" loading=\"lazy\" decoding=\"async\" class=\"wp-image-52995 size-medium\" src=\"https:\/\/i0.wp.com\/www.eltrabajo.cl\/portal\/wp-content\/uploads\/2014\/11\/SUSANA-FUSTER-300x227.jpg?resize=300%2C227\" alt=\"Susana Fuster Contreras es ahora la Directora Interina del Departamento de Administraci\u00f3n Educacional Municipal (Daem) Llay Llay.\" width=\"300\" height=\"227\" srcset=\"https:\/\/i0.wp.com\/eltrabajo.cl\/portal\/wp-content\/uploads\/2014\/11\/SUSANA-FUSTER.jpg?resize=300%2C227&amp;ssl=1 300w, https:\/\/i0.wp.com\/eltrabajo.cl\/portal\/wp-content\/uploads\/2014\/11\/SUSANA-FUSTER.jpg?resize=198%2C150&amp;ssl=1 198w, https:\/\/i0.wp.com\/eltrabajo.cl\/portal\/wp-content\/uploads\/2014\/11\/SUSANA-FUSTER.jpg?resize=150%2C113&amp;ssl=1 150w, https:\/\/i0.wp.com\/eltrabajo.cl\/portal\/wp-content\/uploads\/2014\/11\/SUSANA-FUSTER.jpg?resize=400%2C303&amp;ssl=1 400w, https:\/\/i0.wp.com\/eltrabajo.cl\/portal\/wp-content\/uploads\/2014\/11\/SUSANA-FUSTER.jpg?w=528&amp;ssl=1 528w\" sizes=\"auto, (max-width: 300px) 100vw, 300px\" \/><\/a><figcaption id=\"caption-attachment-52995\" class=\"wp-caption-text\">Susana Fuster Contreras es ahora la Directora Interina del Departamento de Administraci\u00f3n Educacional Municipal (Daem) Llay Llay.<\/figcaption><\/figure>\n<p><strong>LLAY LLAY<\/strong>.- La Educadora Susana Fuster Contreras es ahora la Directora Interina del Departamento de Administraci\u00f3n Educacional Municipal (Daem) Llay Llay, desde el 1\u00ba de septiembre de 2014. \u00abFue una sorpresa cuando el alcalde me llam\u00f3 para hacerme cargo del Daem. Algo que asum\u00ed como un nuevo desaf\u00edo\u00bb, coment\u00f3 la funcionaria. Un cargo que consiste en administrar diferentes establecimientos municipales: 11 escuelas, un liceo y ocho jardines infantiles.<br \/>\nCon 32 a\u00f1os de trayectoria, Susana Fuster, ha dedicado su vida a la docencia, \u00absiempre quise ser profesora, para m\u00ed, mis ni\u00f1os son muy importantes, me gusta ense\u00f1ar. Es lo qu\u00e9 extra\u00f1o en estos dos meses alejada de \u00abmi escuela\u00bb-dice emocionada-mientras nos cuenta \u00abque es de Valpara\u00edso, y que al salir de la universidad lleg\u00f3 a Llay Llay a hacer pr\u00e1ctica\u00bb justamente a la Escuela El Porvenir, y se enamoro del lugar y de un llaylla\u00edno con el cual se caso, su esposo H\u00e9ctor Carmona.<br \/>\nLa directora a\u00fan no sabe si se presentar\u00e1 al concurso de Alta Direcci\u00f3n P\u00fablica para proveer director al Daem; pero lo que s\u00ed tiene claro es que dentro de su plan de gesti\u00f3n est\u00e1 el dotar de una directriz universal de funcionamiento a todos los establecimientos educacionales \u00abes necesario que se implementen equipos de trabajo multidisciplinarios pensando en la mejora de la educaci\u00f3n. La escuela para padres, es otro de sus proyectos, para apoyar la formaci\u00f3n desde el hogar, y la constante comunicaci\u00f3n y retroalimentaci\u00f3n con los directores, docentes, para docentes, alumnos, y apoderados.<br \/>\nSu meta como educadora siempre fue apoyar y entregar lo mejor de s\u00ed misma a sus alumnos; al llegar a directora de la Escuela El Porvenir, varios fueron sus metas y desaf\u00edos, con muchos logros para la escuela. En este momento su desaf\u00edo es mayor ya que deber\u00e1 trabajar para un sistema m\u00e1s macro que involucra una mayor responsabilidad, pero el que toma con tranquilidad y \u2018garra\u2019 que involucra \u00abterminar cosas que se hab\u00edan iniciado, e iniciar algunas nuevas\u00bb. Fuster coment\u00f3 que \u00abfui muy bien recibida por el personal, es una experiencia valiosa, y que tomo con un compromiso para con los funcionarios y trabajadores\u00bb.<\/p>\n","protected":false},"excerpt":{"rendered":"<p>LLAY LLAY.- La Educadora Susana Fuster Contreras es ahora la Directora Interina del Departamento de Administraci\u00f3n Educacional Municipal (Daem) Llay Llay, desde el 1\u00ba de septiembre de 2014. \u00abFue una sorpresa cuando&#8230;<\/p>\n","protected":false},"author":482,"featured_media":52995,"comment_status":"open","ping_status":"closed","sticky":false,"template":"","format":"standard","meta":{"advanced_seo_description":"","jetpack_seo_html_title":"","jetpack_seo_noindex":false,"_jetpack_memberships_contains_paid_content":false,"footnotes":""},"categories":[15],"tags":[],"class_list":["post-52994","post","type-post","status-publish","format-standard","has-post-thumbnail","hentry","category-comunidad"],"jetpack_featured_media_url":"https:\/\/i0.wp.com\/eltrabajo.cl\/portal\/wp-content\/uploads\/2014\/11\/SUSANA-FUSTER.jpg?fit=528%2C400&ssl=1","jetpack_sharing_enabled":true,"jetpack_likes_enabled":true,"jetpack-related-posts":[],"_links":{"self":[{"href":"https:\/\/eltrabajo.cl\/portal\/wp-json\/wp\/v2\/posts\/52994","targetHints":{"allow":["GET"]}}],"collection":[{"href":"https:\/\/eltrabajo.cl\/portal\/wp-json\/wp\/v2\/posts"}],"about":[{"href":"https:\/\/eltrabajo.cl\/portal\/wp-json\/wp\/v2\/types\/post"}],"author":[{"embeddable":true,"href":"https:\/\/eltrabajo.cl\/portal\/wp-json\/wp\/v2\/users\/482"}],"replies":[{"embeddable":true,"href":"https:\/\/eltrabajo.cl\/portal\/wp-json\/wp\/v2\/comments?post=52994"}],"version-history":[{"count":0,"href":"https:\/\/eltrabajo.cl\/portal\/wp-json\/wp\/v2\/posts\/52994\/revisions"}],"wp:featuredmedia":[{"embeddable":true,"href":"https:\/\/eltrabajo.cl\/portal\/wp-json\/wp\/v2\/media\/52995"}],"wp:attachment":[{"href":"https:\/\/eltrabajo.cl\/portal\/wp-json\/wp\/v2\/media?parent=52994"}],"wp:term":[{"taxonomy":"category","embeddable":true,"href":"https:\/\/eltrabajo.cl\/portal\/wp-json\/wp\/v2\/categories?post=52994"},{"taxonomy":"post_tag","embeddable":true,"href":"https:\/\/eltrabajo.cl\/portal\/wp-json\/wp\/v2\/tags?post=52994"}],"curies":[{"name":"wp","href":"https:\/\/api.w.org\/{rel}","templated":true}]}}