{"id":52997,"date":"2014-11-05T09:32:02","date_gmt":"2014-11-05T12:32:02","guid":{"rendered":"http:\/\/www.eltrabajo.cl\/portal\/?p=52997"},"modified":"2014-11-05T09:32:02","modified_gmt":"2014-11-05T12:32:02","slug":"inician-recarpeteo-asfaltico-en-carretera-putaendo-san-felipe","status":"publish","type":"post","link":"https:\/\/eltrabajo.cl\/portal\/inician-recarpeteo-asfaltico-en-carretera-putaendo-san-felipe\/","title":{"rendered":"Inician recarpeteo asf\u00e1ltico en carretera Putaendo-San Felipe"},"content":{"rendered":"<figure id=\"attachment_52998\" aria-describedby=\"caption-attachment-52998\" style=\"width: 529px\" class=\"wp-caption alignnone\"><a href=\"https:\/\/i0.wp.com\/www.eltrabajo.cl\/portal\/wp-content\/uploads\/2014\/11\/Trabajos1.jpg\"><img data-recalc-dims=\"1\" loading=\"lazy\" decoding=\"async\" class=\"size-full wp-image-52998\" src=\"https:\/\/i0.wp.com\/www.eltrabajo.cl\/portal\/wp-content\/uploads\/2014\/11\/Trabajos1.jpg?resize=529%2C358\" alt=\"Los trabajos contemplan m\u00e1s de cuatro kil\u00f3metros y comenzaron con un bacheo, es decir, sacar parte del asfalto que est\u00e1 en mal estado.\" width=\"529\" height=\"358\" srcset=\"https:\/\/i0.wp.com\/eltrabajo.cl\/portal\/wp-content\/uploads\/2014\/11\/Trabajos1.jpg?w=529&amp;ssl=1 529w, https:\/\/i0.wp.com\/eltrabajo.cl\/portal\/wp-content\/uploads\/2014\/11\/Trabajos1.jpg?resize=200%2C135&amp;ssl=1 200w, https:\/\/i0.wp.com\/eltrabajo.cl\/portal\/wp-content\/uploads\/2014\/11\/Trabajos1.jpg?resize=300%2C203&amp;ssl=1 300w, https:\/\/i0.wp.com\/eltrabajo.cl\/portal\/wp-content\/uploads\/2014\/11\/Trabajos1.jpg?resize=150%2C101&amp;ssl=1 150w, https:\/\/i0.wp.com\/eltrabajo.cl\/portal\/wp-content\/uploads\/2014\/11\/Trabajos1.jpg?resize=400%2C270&amp;ssl=1 400w\" sizes=\"auto, (max-width: 529px) 100vw, 529px\" \/><\/a><figcaption id=\"caption-attachment-52998\" class=\"wp-caption-text\">Los trabajos contemplan m\u00e1s de cuatro kil\u00f3metros y comenzaron con un bacheo, es decir, sacar parte del asfalto que est\u00e1 en mal estado.<\/figcaption><\/figure>\n<p><strong>PUTAENDO<\/strong>.- En horas de la tarde de este martes, la empresa Bitumix S.A., mandatada por el Ministerio de Obras P\u00fablicas, comenz\u00f3 los trabajos de recarpeteo asf\u00e1ltico en la Carretera E-71 que une Putaendo con San Felipe, en el tramo comprendido entre el sector Las Tunas y Calle Eduardo Weggener.<br \/>\nEste proyecto que fue gestionado por la Municipalidad de Putaendo con el importante apoyo de la Gobernaci\u00f3n de San Felipe, permiti\u00f3 que el Ministerio de Obras P\u00fablicas finalmente destinara casi $900.000.000 para la reparaci\u00f3n del mencionado tramo, que es una de las partes m\u00e1s peligrosas de esa carretera, pues al existir una pista de concreto y otra de asfalto, el tema de seguridad para los automovilistas es variable, a lo que se suman los desniveles y baches.<br \/>\nLos trabajos contemplan m\u00e1s de cuatro kil\u00f3metros y comenzaron con un bacheo, es decir, sacar parte del asfalto que est\u00e1 en mal estado, lo que se realizar\u00e1 en algunos sectores, para luego proceder a instalar una capa niveladora en ambas pintas, de mezcla asf\u00e1ltica caliente de cuatro a cinco cent\u00edmetros.<br \/>\nSeg\u00fan indicaron representantes de Bitumix, una vez realizada la capa niveladora se proceder\u00e1 a la colocaci\u00f3n de una estructura de una carpeta asf\u00e1ltica caliente definitiva de seis cent\u00edmetros, lo que significa que la carretera en las condiciones actuales en ese tramo, tendr\u00e1 un aumento de 10 cent\u00edmetros. Los trabajos tambi\u00e9n consideran demarcaci\u00f3n, obras adicionales como soleras, la reposici\u00f3n e instalaci\u00f3n de se\u00f1al\u00e9tica vial, obras que se extender\u00e1n hasta aproximadamente el 25 de diciembre del presente a\u00f1o.<br \/>\nDebido a la envergadura de estos trabajos, la empresa Bitumix anunci\u00f3 que el tr\u00e1nsito ser\u00e1 diferido y regulado por personal con banderines y que a trav\u00e9s de sistemas radiales regular\u00e1n el flujo vehicular, por lo que solicitaron a quienes habitualmente usan la Carretera E-71 para que reprogramen los tiempos de desplazamiento, pues sobre todo en las ma\u00f1anas existir\u00e1n retrasos, m\u00e1s a\u00fan en los tramos donde ya han comenzado las obras.<br \/>\nPatricio Gallardo M.<\/p>\n","protected":false},"excerpt":{"rendered":"<p>PUTAENDO.- En horas de la tarde de este martes, la empresa Bitumix S.A., mandatada por el Ministerio de Obras P\u00fablicas, comenz\u00f3 los trabajos de recarpeteo asf\u00e1ltico en la Carretera E-71 que une&#8230;<\/p>\n","protected":false},"author":482,"featured_media":52998,"comment_status":"open","ping_status":"closed","sticky":false,"template":"","format":"standard","meta":{"advanced_seo_description":"","jetpack_seo_html_title":"","jetpack_seo_noindex":false,"_jetpack_memberships_contains_paid_content":false,"footnotes":""},"categories":[15],"tags":[],"class_list":["post-52997","post","type-post","status-publish","format-standard","has-post-thumbnail","hentry","category-comunidad"],"jetpack_featured_media_url":"https:\/\/i0.wp.com\/eltrabajo.cl\/portal\/wp-content\/uploads\/2014\/11\/Trabajos1.jpg?fit=529%2C358&ssl=1","jetpack_sharing_enabled":true,"jetpack_likes_enabled":true,"jetpack-related-posts":[],"_links":{"self":[{"href":"https:\/\/eltrabajo.cl\/portal\/wp-json\/wp\/v2\/posts\/52997","targetHints":{"allow":["GET"]}}],"collection":[{"href":"https:\/\/eltrabajo.cl\/portal\/wp-json\/wp\/v2\/posts"}],"about":[{"href":"https:\/\/eltrabajo.cl\/portal\/wp-json\/wp\/v2\/types\/post"}],"author":[{"embeddable":true,"href":"https:\/\/eltrabajo.cl\/portal\/wp-json\/wp\/v2\/users\/482"}],"replies":[{"embeddable":true,"href":"https:\/\/eltrabajo.cl\/portal\/wp-json\/wp\/v2\/comments?post=52997"}],"version-history":[{"count":0,"href":"https:\/\/eltrabajo.cl\/portal\/wp-json\/wp\/v2\/posts\/52997\/revisions"}],"wp:featuredmedia":[{"embeddable":true,"href":"https:\/\/eltrabajo.cl\/portal\/wp-json\/wp\/v2\/media\/52998"}],"wp:attachment":[{"href":"https:\/\/eltrabajo.cl\/portal\/wp-json\/wp\/v2\/media?parent=52997"}],"wp:term":[{"taxonomy":"category","embeddable":true,"href":"https:\/\/eltrabajo.cl\/portal\/wp-json\/wp\/v2\/categories?post=52997"},{"taxonomy":"post_tag","embeddable":true,"href":"https:\/\/eltrabajo.cl\/portal\/wp-json\/wp\/v2\/tags?post=52997"}],"curies":[{"name":"wp","href":"https:\/\/api.w.org\/{rel}","templated":true}]}}