{"id":53013,"date":"2014-11-05T09:41:54","date_gmt":"2014-11-05T12:41:54","guid":{"rendered":"http:\/\/www.eltrabajo.cl\/portal\/?p=53013"},"modified":"2014-11-05T09:41:54","modified_gmt":"2014-11-05T12:41:54","slug":"faltando-2-meses-para-recobrar-libertad-reo-muere-jugando-futbol","status":"publish","type":"post","link":"https:\/\/eltrabajo.cl\/portal\/faltando-2-meses-para-recobrar-libertad-reo-muere-jugando-futbol\/","title":{"rendered":"Faltando 2 meses para recobrar libertad, reo muere jugando f\u00fatbol"},"content":{"rendered":"<figure id=\"attachment_53014\" aria-describedby=\"caption-attachment-53014\" style=\"width: 300px\" class=\"wp-caption alignleft\"><a href=\"https:\/\/i0.wp.com\/www.eltrabajo.cl\/portal\/wp-content\/uploads\/2014\/11\/Alcaide-Cristian-Valdes.jpg\"><img data-recalc-dims=\"1\" loading=\"lazy\" decoding=\"async\" class=\"wp-image-53014 size-medium\" src=\"https:\/\/i0.wp.com\/www.eltrabajo.cl\/portal\/wp-content\/uploads\/2014\/11\/Alcaide-Cristian-Valdes-300x273.jpg?resize=300%2C273\" alt=\"El Alcaide (S) del Centro de Cumplimiento Penitenciario de San Felipe, Capit\u00e1n Cristian Vald\u00e9s, indic\u00f3 que el interno falleci\u00f3 v\u00edctima de un infarto el pasado s\u00e1bado 01 de noviembre.    \" width=\"300\" height=\"273\" srcset=\"https:\/\/i0.wp.com\/eltrabajo.cl\/portal\/wp-content\/uploads\/2014\/11\/Alcaide-Cristian-Valdes.jpg?resize=300%2C273&amp;ssl=1 300w, https:\/\/i0.wp.com\/eltrabajo.cl\/portal\/wp-content\/uploads\/2014\/11\/Alcaide-Cristian-Valdes.jpg?resize=164%2C150&amp;ssl=1 164w, https:\/\/i0.wp.com\/eltrabajo.cl\/portal\/wp-content\/uploads\/2014\/11\/Alcaide-Cristian-Valdes.jpg?resize=150%2C136&amp;ssl=1 150w, https:\/\/i0.wp.com\/eltrabajo.cl\/portal\/wp-content\/uploads\/2014\/11\/Alcaide-Cristian-Valdes.jpg?resize=400%2C365&amp;ssl=1 400w, https:\/\/i0.wp.com\/eltrabajo.cl\/portal\/wp-content\/uploads\/2014\/11\/Alcaide-Cristian-Valdes.jpg?w=529&amp;ssl=1 529w\" sizes=\"auto, (max-width: 300px) 100vw, 300px\" \/><\/a><figcaption id=\"caption-attachment-53014\" class=\"wp-caption-text\">El Alcaide (S) del Centro de Cumplimiento Penitenciario de San Felipe, Capit\u00e1n Cristian Vald\u00e9s, indic\u00f3 que el interno falleci\u00f3 v\u00edctima de un infarto el pasado s\u00e1bado 01 de noviembre.<\/figcaption><\/figure>\n<p>V\u00edctima de un paro cardiorrespiratorio falleci\u00f3 al interior del Centro de Cumplimiento Penitenciario de San Felipe, Sergio Andr\u00e9s Olivares Gaete, de 28 a\u00f1os de edad, quien se encontraba cumpliendo una condena de 541 d\u00edas por el delito de Robo por sorpresa, cuyo deceso se produjo luego que el interno comenzaba a jugar un partido de baby-f\u00fatbol en el complejo penal, desplom\u00e1ndose en medio de todos sus compa\u00f1eros.<br \/>\nEl fallecimiento se produjo a eso de las 11:30 horas del pasado s\u00e1bado 01 de noviembre, en los momentos que Sergio Olivares participaba de un campeonato futbol\u00edstico organizado por dicho centro penitenciario. Luego de un precalentamiento, el interno comenz\u00f3 a desplazarse al interior de la cancha por cinco minutos al inicio del partido, ocasi\u00f3n en que sinti\u00f3 un fuerte dolor en su pecho que lo oblig\u00f3 a dirigirse hacia un costado de la cancha para sentarse.<br \/>\nSeg\u00fan testigos de estos hechos, Olivares perdi\u00f3 el conocimiento, comenzando a presentar convulsiones que hicieron pensar que se tratar\u00eda de un ataque de epilepsia. Al mismo tiempo otros reclusos requirieron en forma urgente en la unidad de guardia la atenci\u00f3n del personal del Samu que a los pocos minutos concurri\u00f3 hasta la c\u00e1rcel sanfelipe\u00f1a.<br \/>\nLos param\u00e9dicos le practicaron mecanismos de reanimaci\u00f3n para intentar estabilizar a Sergio Olivares, quien pr\u00e1cticamente de manera fulminante falleci\u00f3 precisamente de un paro card\u00edaco que conmovi\u00f3 a todos sus compa\u00f1eros que fueron testigos de su deceso.<br \/>\n\u201cPersonal del Samu concurre a esta unidad y con los conocimientos que ellos tienen se encontraron con la presencia de un paro card\u00edaco, por lo que pudimos apreciar estuvieron cerca de 30 minutos practicando la reanimaci\u00f3n y luego nos informan que esta persona no ten\u00eda signos vitales\u201d, as\u00ed lo confirm\u00f3 a Diario El Trabajo el Alcaide (S) del Centro de Cumplimiento de San Felipe, Capit\u00e1n Cristian Vald\u00e9s.<br \/>\nPor instrucci\u00f3n del Fiscal de Turno debi\u00f3 concurrir al lugar de los hechos, personal de la Brigada de Homicidios de la Polic\u00eda de Investigaciones de Los Andes, para realizar las primeras diligencias de acuerdo al protocolo establecido: \u201cLa causa probable de muerte es un paro cardio-respiratorio, por lo tanto se remite el cuerpo al Servicio M\u00e9dico Legal, no se observa alguna acci\u00f3n o lesiones atribuibles a terceras personas, se tiene que confirmar de acuerdo a lo que informe la autopsia de rigor\u201d, subray\u00f3 el Subcomisario de Investigaciones, Carlos Alegr\u00eda.<br \/>\nSeg\u00fan se pudo conocer, Sergio Olivares Gaete, domiciliado en la comuna de La Calera, inicialmente cumpl\u00eda su condena en la c\u00e1rcel de Quillota, en donde fue agredido en una ri\u00f1a entre internos, recibiendo una herida con arma blanca en la regi\u00f3n del t\u00f3rax, a la altura de su coraz\u00f3n, debiendo ser intervenido quir\u00fargicamente hace cuatro meses.<br \/>\nA ra\u00edz de esta compleja situaci\u00f3n en ese centro penitenciario, Olivares requiri\u00f3 su traslado hasta la c\u00e1rcel de San Felipe, ingresando el pasado 5 de septiembre, faltando dos meses para terminar de cumplir su condena. \u201cSe hicieron todos los esfuerzos, finalmente no se logr\u00f3 que siguiera con vida. Se le comunic\u00f3 a sus familiares para que posterior a las pericias policiales pudiesen retirar el cuerpo en el Servicio M\u00e9dico Legal. En la entrevista se le hace ver a su familia la forma del deceso, la que deber\u00e1 ser corroborada por la autopsia de rigor&#8230; La vida humana cada vez que se pierde es una terrible p\u00e9rdida y esperamos que la familia encuentre el consuelo divino porque no es f\u00e1cil perder a un familiar\u201d, indic\u00f3 el Alcaide Cristian Vald\u00e9s.<br \/>\nPablo Salinas Sald\u00edas<\/p>\n","protected":false},"excerpt":{"rendered":"<p>V\u00edctima de un paro cardiorrespiratorio falleci\u00f3 al interior del Centro de Cumplimiento Penitenciario de San Felipe, Sergio Andr\u00e9s Olivares Gaete, de 28 a\u00f1os de edad, quien se encontraba cumpliendo una condena de&#8230;<\/p>\n","protected":false},"author":482,"featured_media":53014,"comment_status":"open","ping_status":"closed","sticky":false,"template":"","format":"standard","meta":{"advanced_seo_description":"","jetpack_seo_html_title":"","jetpack_seo_noindex":false,"_jetpack_memberships_contains_paid_content":false,"footnotes":""},"categories":[21],"tags":[],"class_list":["post-53013","post","type-post","status-publish","format-standard","has-post-thumbnail","hentry","category-policial"],"jetpack_featured_media_url":"https:\/\/i0.wp.com\/eltrabajo.cl\/portal\/wp-content\/uploads\/2014\/11\/Alcaide-Cristian-Valdes.jpg?fit=529%2C483&ssl=1","jetpack_sharing_enabled":true,"jetpack_likes_enabled":true,"jetpack-related-posts":[],"_links":{"self":[{"href":"https:\/\/eltrabajo.cl\/portal\/wp-json\/wp\/v2\/posts\/53013","targetHints":{"allow":["GET"]}}],"collection":[{"href":"https:\/\/eltrabajo.cl\/portal\/wp-json\/wp\/v2\/posts"}],"about":[{"href":"https:\/\/eltrabajo.cl\/portal\/wp-json\/wp\/v2\/types\/post"}],"author":[{"embeddable":true,"href":"https:\/\/eltrabajo.cl\/portal\/wp-json\/wp\/v2\/users\/482"}],"replies":[{"embeddable":true,"href":"https:\/\/eltrabajo.cl\/portal\/wp-json\/wp\/v2\/comments?post=53013"}],"version-history":[{"count":0,"href":"https:\/\/eltrabajo.cl\/portal\/wp-json\/wp\/v2\/posts\/53013\/revisions"}],"wp:featuredmedia":[{"embeddable":true,"href":"https:\/\/eltrabajo.cl\/portal\/wp-json\/wp\/v2\/media\/53014"}],"wp:attachment":[{"href":"https:\/\/eltrabajo.cl\/portal\/wp-json\/wp\/v2\/media?parent=53013"}],"wp:term":[{"taxonomy":"category","embeddable":true,"href":"https:\/\/eltrabajo.cl\/portal\/wp-json\/wp\/v2\/categories?post=53013"},{"taxonomy":"post_tag","embeddable":true,"href":"https:\/\/eltrabajo.cl\/portal\/wp-json\/wp\/v2\/tags?post=53013"}],"curies":[{"name":"wp","href":"https:\/\/api.w.org\/{rel}","templated":true}]}}