{"id":53047,"date":"2014-11-06T09:43:14","date_gmt":"2014-11-06T12:43:14","guid":{"rendered":"http:\/\/www.eltrabajo.cl\/portal\/?p=53047"},"modified":"2014-11-06T09:43:14","modified_gmt":"2014-11-06T12:43:14","slug":"escuela-jose-manso-de-velasco-sobresale-en-seminario-de-integracion-cognitiva","status":"publish","type":"post","link":"https:\/\/eltrabajo.cl\/portal\/escuela-jose-manso-de-velasco-sobresale-en-seminario-de-integracion-cognitiva\/","title":{"rendered":"Escuela Jos\u00e9 Manso de Velasco sobresale en seminario de Integraci\u00f3n cognitiva"},"content":{"rendered":"<figure id=\"attachment_53048\" aria-describedby=\"caption-attachment-53048\" style=\"width: 529px\" class=\"wp-caption alignnone\"><a href=\"https:\/\/i0.wp.com\/www.eltrabajo.cl\/portal\/wp-content\/uploads\/2014\/11\/Peques1.jpg\"><img data-recalc-dims=\"1\" loading=\"lazy\" decoding=\"async\" class=\"size-full wp-image-53048\" src=\"https:\/\/i0.wp.com\/www.eltrabajo.cl\/portal\/wp-content\/uploads\/2014\/11\/Peques1.jpg?resize=529%2C335\" alt=\"Un gran proyecto educativo que aborda a ni\u00f1os desde edades muy tempranas, est\u00e1 siendo ejecutado en la Escuela Jos\u00e9 Manso de Velasco.\" width=\"529\" height=\"335\" srcset=\"https:\/\/i0.wp.com\/eltrabajo.cl\/portal\/wp-content\/uploads\/2014\/11\/Peques1.jpg?w=529&amp;ssl=1 529w, https:\/\/i0.wp.com\/eltrabajo.cl\/portal\/wp-content\/uploads\/2014\/11\/Peques1.jpg?resize=200%2C126&amp;ssl=1 200w, https:\/\/i0.wp.com\/eltrabajo.cl\/portal\/wp-content\/uploads\/2014\/11\/Peques1.jpg?resize=300%2C189&amp;ssl=1 300w, https:\/\/i0.wp.com\/eltrabajo.cl\/portal\/wp-content\/uploads\/2014\/11\/Peques1.jpg?resize=150%2C94&amp;ssl=1 150w, https:\/\/i0.wp.com\/eltrabajo.cl\/portal\/wp-content\/uploads\/2014\/11\/Peques1.jpg?resize=400%2C253&amp;ssl=1 400w\" sizes=\"auto, (max-width: 529px) 100vw, 529px\" \/><\/a><figcaption id=\"caption-attachment-53048\" class=\"wp-caption-text\">Un gran proyecto educativo que aborda a ni\u00f1os desde edades muy tempranas, est\u00e1 siendo ejecutado en la Escuela Jos\u00e9 Manso de Velasco.<\/figcaption><\/figure>\n<p>Un gran proyecto educativo que aborda a ni\u00f1os desde edades muy tempranas, est\u00e1 siendo ejecutado en la Escuela Jos\u00e9 Manso de Velasco, y que ha conseguido importantes avances en materias cognitivas con los alumnos y alumnas de pre k\u00ednder y k\u00ednder. El establecimiento, que particip\u00f3 de un seminario realizado en el Liceo Corina Urbina de nuestra ciudad, relacionado con la materia la semana reci\u00e9n pasada, destac\u00f3 por sobre tres establecimientos de Calle Larga, uno de Santa Mar\u00eda, resultando ser la escuela mejor preparada lo que le permiti\u00f3 obtener un importante reconocimiento en una actividad organizada por la Secretaria Ministerial de Educaci\u00f3n.<br \/>\nEl proyecto, que busca fundamentalmente desarrollar habilidades y estrategias en el \u00e1rea cognitiva, pero abordado desde edades tempranas, potencia los diferentes niveles de desarrollo de ni\u00f1os, contando con un trabajo enfocado en diferentes temas, los que son elegidos por los ni\u00f1os que se van adaptando a los diferentes niveles de desarrollo, siendo monitoreados bimensualmente por la educadoras.<br \/>\nPaola Rojas Fajardo, directora del establecimiento, destac\u00f3 la puesta en marcha de este proyecto, se\u00f1alando que existe un material espec\u00edfico y concreto con el que se trabaja, para potenciar las habilidades y estrategias de acuerdo a la evoluci\u00f3n y en ese proceso los ni\u00f1os van transitando de un nivel de desarrollo a otro desde la etapa inicial a la intermedia, hasta llegar al nivel avanzado.<br \/>\n\u00abLo anterior es desarrollado durante la etapa pre b\u00e1sica (pre-k\u00ednder y k\u00ednder) y busca que en una cuarta etapa, se vaya avanzando para establecer a\u00fan m\u00e1s estas habilidades, pero en redes, lo que genera un trabajo de experiencias directas vivenciales de los ni\u00f1os de su inter\u00e9s, en la resoluci\u00f3n de problemas pero aplicados bajo esa modalidad, tomando todas estas habilidades que est\u00e1n en un nivel de desarrollo importante, realizando un trabajo de aplicaci\u00f3n en resoluci\u00f3n\u00bb, concluy\u00f3 la docente.<br \/>\nEn tanto, Andrea Gonz\u00e1lez, educadora de p\u00e1rvulos del nivel transici\u00f3n del establecimiento, manifest\u00f3 que \u00abha sido un proceso muy largo, de mucho trabajo con los ni\u00f1os, pero la experiencia ha sido muy gratificante, lo que pudimos ver y expresar en el seminario. Hemos visto muy buenos resultados, generando autonom\u00eda entre nuestros alumnos y logrando desarrollar otras habilidades, mucho m\u00e1s complejas a como ingresaron en el mes de marzo, siendo tambi\u00e9n reconocido por las familias, y como todo en la vida cuesta, al principio ellos se ten\u00edan que adaptar, de todo lo que implicaba este trabajo, muchas etapas que asimilar, pero hoy ellos reconocen todo lo que se realiza en el aula, proyecto ideado por la directora, lo que nos ha involucrado a todos, junto con los 26 ni\u00f1os en etapa pre escolar del establecimiento\u00bb.<br \/>\nLas \u00e1reas potenciadas son las habilidades y estrategias en lenguaje, l\u00f3gico-matem\u00e1ticos, ciencias y particularmente ciertas funciones ejecutivas como la memoria, la concentraci\u00f3n, y tipos de razonamientos, abordando un espectro integral donde se logran importantes resultados desde que comienzan en el nivel inicial.<\/p>\n","protected":false},"excerpt":{"rendered":"<p>Un gran proyecto educativo que aborda a ni\u00f1os desde edades muy tempranas, est\u00e1 siendo ejecutado en la Escuela Jos\u00e9 Manso de Velasco, y que ha conseguido importantes avances en materias cognitivas con&#8230;<\/p>\n","protected":false},"author":482,"featured_media":53048,"comment_status":"open","ping_status":"closed","sticky":false,"template":"","format":"standard","meta":{"advanced_seo_description":"","jetpack_seo_html_title":"","jetpack_seo_noindex":false,"_jetpack_memberships_contains_paid_content":false,"footnotes":""},"categories":[15],"tags":[],"class_list":["post-53047","post","type-post","status-publish","format-standard","has-post-thumbnail","hentry","category-comunidad"],"jetpack_featured_media_url":"https:\/\/i0.wp.com\/eltrabajo.cl\/portal\/wp-content\/uploads\/2014\/11\/Peques1.jpg?fit=529%2C335&ssl=1","jetpack_sharing_enabled":true,"jetpack_likes_enabled":true,"jetpack-related-posts":[],"_links":{"self":[{"href":"https:\/\/eltrabajo.cl\/portal\/wp-json\/wp\/v2\/posts\/53047","targetHints":{"allow":["GET"]}}],"collection":[{"href":"https:\/\/eltrabajo.cl\/portal\/wp-json\/wp\/v2\/posts"}],"about":[{"href":"https:\/\/eltrabajo.cl\/portal\/wp-json\/wp\/v2\/types\/post"}],"author":[{"embeddable":true,"href":"https:\/\/eltrabajo.cl\/portal\/wp-json\/wp\/v2\/users\/482"}],"replies":[{"embeddable":true,"href":"https:\/\/eltrabajo.cl\/portal\/wp-json\/wp\/v2\/comments?post=53047"}],"version-history":[{"count":0,"href":"https:\/\/eltrabajo.cl\/portal\/wp-json\/wp\/v2\/posts\/53047\/revisions"}],"wp:featuredmedia":[{"embeddable":true,"href":"https:\/\/eltrabajo.cl\/portal\/wp-json\/wp\/v2\/media\/53048"}],"wp:attachment":[{"href":"https:\/\/eltrabajo.cl\/portal\/wp-json\/wp\/v2\/media?parent=53047"}],"wp:term":[{"taxonomy":"category","embeddable":true,"href":"https:\/\/eltrabajo.cl\/portal\/wp-json\/wp\/v2\/categories?post=53047"},{"taxonomy":"post_tag","embeddable":true,"href":"https:\/\/eltrabajo.cl\/portal\/wp-json\/wp\/v2\/tags?post=53047"}],"curies":[{"name":"wp","href":"https:\/\/api.w.org\/{rel}","templated":true}]}}