{"id":53050,"date":"2014-11-06T09:45:45","date_gmt":"2014-11-06T12:45:45","guid":{"rendered":"http:\/\/www.eltrabajo.cl\/portal\/?p=53050"},"modified":"2014-11-06T09:45:45","modified_gmt":"2014-11-06T12:45:45","slug":"gerente-de-buses-ahumada-sufre-grave-accidente-participando-de-rally-en-argentina","status":"publish","type":"post","link":"https:\/\/eltrabajo.cl\/portal\/gerente-de-buses-ahumada-sufre-grave-accidente-participando-de-rally-en-argentina\/","title":{"rendered":"Gerente de Buses Ahumada sufre grave accidente participando de Rally en Argentina"},"content":{"rendered":"<figure id=\"attachment_53051\" aria-describedby=\"caption-attachment-53051\" style=\"width: 239px\" class=\"wp-caption alignleft\"><a href=\"https:\/\/i0.wp.com\/www.eltrabajo.cl\/portal\/wp-content\/uploads\/2014\/11\/Ortiz1.jpg\"><img data-recalc-dims=\"1\" loading=\"lazy\" decoding=\"async\" class=\"wp-image-53051 size-medium\" src=\"https:\/\/i0.wp.com\/www.eltrabajo.cl\/portal\/wp-content\/uploads\/2014\/11\/Ortiz1-239x300.jpg?resize=239%2C300\" alt=\"Gerente General de Buses Ahumada, Juan Eduardo Quiroz. (Archivo)\" width=\"239\" height=\"300\" srcset=\"https:\/\/i0.wp.com\/eltrabajo.cl\/portal\/wp-content\/uploads\/2014\/11\/Ortiz1.jpg?resize=239%2C300&amp;ssl=1 239w, https:\/\/i0.wp.com\/eltrabajo.cl\/portal\/wp-content\/uploads\/2014\/11\/Ortiz1.jpg?resize=119%2C150&amp;ssl=1 119w, https:\/\/i0.wp.com\/eltrabajo.cl\/portal\/wp-content\/uploads\/2014\/11\/Ortiz1.jpg?resize=400%2C501&amp;ssl=1 400w, https:\/\/i0.wp.com\/eltrabajo.cl\/portal\/wp-content\/uploads\/2014\/11\/Ortiz1.jpg?w=529&amp;ssl=1 529w\" sizes=\"auto, (max-width: 239px) 100vw, 239px\" \/><\/a><figcaption id=\"caption-attachment-53051\" class=\"wp-caption-text\">Gerente General de Buses Ahumada, Juan Eduardo Quiroz. (Archivo)<\/figcaption><\/figure>\n<p><strong>LOS ANDES<\/strong>.- Con lesiones graves pero sin riesgo vital, permanece internado en la Cl\u00ednica Alemana el Gerente General de Buses Ahumada, Juan Eduardo Quiroz, quien el d\u00eda martes sufri\u00f3 un grave accidente cuando participaba de un rally de motos en la localidad de San Juan, Argentina.<br \/>\nEl accidente se produjo cuando Quiroz regresaba junto a su hijo Mauricio de la segunda etapa del Six Day de San Juan a bordo de una camioneta Toyota Hilux, la cual impact\u00f3 a un microb\u00fas que no respet\u00f3 una luz roja en una de las calles de esa ciudad.<br \/>\n\u00abFue un accidente tremendo. Cuando vimos que la micro no frenaba mi pap\u00e1 puso primera con tal de detener la camioneta, pero no fue suficiente. El golpe fue muy grande. Mi pap\u00e1 se afirm\u00f3 muy fuerte del volante, por lo que result\u00f3 con fracturas en sus manos, mientras que por mi lado qued\u00e9 encajonado entre la guantera y el asiento. Pens\u00e9 que me hab\u00eda quebrado. Por suerte result\u00e9 s\u00f3lo con contusiones, aunque en estos momentos tengo dolores muy fuertes\u00bb, relat\u00f3 Mauricio Quiroz a un medio digital.<br \/>\nComo consecuencia del impacto, Juan Eduardo Quiroz sufri\u00f3 fracturas en ambas mu\u00f1ecas, siendo trasladado en un puente a\u00e9reo hasta nuestro pa\u00eds y luego derivado a Cl\u00ednica Las Condes de Santiago, donde fue intervenido quir\u00fargicamente, encontr\u00e1ndose ahora en recuperaci\u00f3n.<\/p>\n<div class=\"tiled-gallery type-rectangular tiled-gallery-unresized\" data-original-width=\"640\" data-carousel-extra='null' itemscope itemtype=\"http:\/\/schema.org\/ImageGallery\" > <div class=\"gallery-row\" style=\"width: 640px; height: 256px;\" data-original-width=\"640\" data-original-height=\"256\" > <div class=\"gallery-group images-1\" style=\"width: 390px; height: 256px;\" data-original-width=\"390\" data-original-height=\"256\" > <div class=\"tiled-gallery-item tiled-gallery-item-large\" itemprop=\"associatedMedia\" itemscope itemtype=\"http:\/\/schema.org\/ImageObject\"> <a href=\"https:\/\/eltrabajo.cl\/portal\/gerente-de-buses-ahumada-sufre-grave-accidente-participando-de-rally-en-argentina\/destruido1\/\" border=\"0\" itemprop=\"url\"> <meta itemprop=\"width\" content=\"386\"> <meta itemprop=\"height\" content=\"252\"> <img decoding=\"async\" class=\"\" data-attachment-id=\"53053\" data-orig-file=\"https:\/\/eltrabajo.cl\/portal\/wp-content\/uploads\/2014\/11\/Destruido1.jpg\" data-orig-size=\"528,344\" data-comments-opened=\"1\" data-image-meta=\"{&quot;aperture&quot;:&quot;0&quot;,&quot;credit&quot;:&quot;&quot;,&quot;camera&quot;:&quot;&quot;,&quot;caption&quot;:&quot;&quot;,&quot;created_timestamp&quot;:&quot;0&quot;,&quot;copyright&quot;:&quot;&quot;,&quot;focal_length&quot;:&quot;0&quot;,&quot;iso&quot;:&quot;0&quot;,&quot;shutter_speed&quot;:&quot;0&quot;,&quot;title&quot;:&quot;&quot;,&quot;orientation&quot;:&quot;0&quot;}\" data-image-title=\"Destruido1\" data-image-description=\"&lt;p&gt;El accidente se produjo cuando Quiroz regresaba junto a su hijo Mauricio de la segunda etapa del Six Day de San Juan a bordo de una camioneta Toyota Hilux, la cual impact\u00f3 a un microb\u00fas que no respet\u00f3 una luz roja en una de las calles de esa ciudad.&lt;\/p&gt; \" data-medium-file=\"https:\/\/i0.wp.com\/eltrabajo.cl\/portal\/wp-content\/uploads\/2014\/11\/Destruido1.jpg?fit=300%2C195&#038;ssl=1\" data-large-file=\"https:\/\/i0.wp.com\/eltrabajo.cl\/portal\/wp-content\/uploads\/2014\/11\/Destruido1.jpg?fit=528%2C344&#038;ssl=1\" src=\"https:\/\/i0.wp.com\/eltrabajo.cl\/portal\/wp-content\/uploads\/2014\/11\/Destruido1.jpg?w=386&#038;h=252&#038;ssl=1\" srcset=\"https:\/\/i0.wp.com\/eltrabajo.cl\/portal\/wp-content\/uploads\/2014\/11\/Destruido1.jpg?w=528&amp;ssl=1 528w, https:\/\/i0.wp.com\/eltrabajo.cl\/portal\/wp-content\/uploads\/2014\/11\/Destruido1.jpg?resize=200%2C130&amp;ssl=1 200w, https:\/\/i0.wp.com\/eltrabajo.cl\/portal\/wp-content\/uploads\/2014\/11\/Destruido1.jpg?resize=300%2C195&amp;ssl=1 300w, https:\/\/i0.wp.com\/eltrabajo.cl\/portal\/wp-content\/uploads\/2014\/11\/Destruido1.jpg?resize=150%2C97&amp;ssl=1 150w, https:\/\/i0.wp.com\/eltrabajo.cl\/portal\/wp-content\/uploads\/2014\/11\/Destruido1.jpg?resize=400%2C260&amp;ssl=1 400w\" width=\"386\" height=\"252\" loading=\"lazy\" data-original-width=\"386\" data-original-height=\"252\" itemprop=\"http:\/\/schema.org\/image\" title=\"Destruido1\" alt=\"El accidente se produjo cuando Quiroz regresaba junto a su hijo Mauricio de la segunda etapa del Six Day de San Juan a bordo de una camioneta Toyota Hilux, la cual impact\u00f3 a un microb\u00fas que no respet\u00f3 una luz roja en una de las calles de esa ciudad.\" style=\"width: 386px; height: 252px;\" \/> <\/a> <div class=\"tiled-gallery-caption\" itemprop=\"caption description\"> El accidente se produjo cuando Quiroz regresaba junto a su hijo Mauricio de la segunda etapa del Six Day de San Juan a bordo de una camioneta Toyota Hilux, la cual impact\u00f3 a un microb\u00fas que no respet\u00f3 una luz roja en una de las calles de esa ciudad. <\/div> <\/div> <\/div> <!-- close group --> <div class=\"gallery-group images-1\" style=\"width: 250px; height: 256px;\" data-original-width=\"250\" data-original-height=\"256\" > <div class=\"tiled-gallery-item tiled-gallery-item-small\" itemprop=\"associatedMedia\" itemscope itemtype=\"http:\/\/schema.org\/ImageObject\"> <a href=\"https:\/\/eltrabajo.cl\/portal\/gerente-de-buses-ahumada-sufre-grave-accidente-participando-de-rally-en-argentina\/herido1-7\/\" border=\"0\" itemprop=\"url\"> <meta itemprop=\"width\" content=\"246\"> <meta itemprop=\"height\" content=\"252\"> <img decoding=\"async\" class=\"\" data-attachment-id=\"53054\" data-orig-file=\"https:\/\/eltrabajo.cl\/portal\/wp-content\/uploads\/2014\/11\/Herido1.jpg\" data-orig-size=\"529,542\" data-comments-opened=\"1\" data-image-meta=\"{&quot;aperture&quot;:&quot;0&quot;,&quot;credit&quot;:&quot;&quot;,&quot;camera&quot;:&quot;&quot;,&quot;caption&quot;:&quot;&quot;,&quot;created_timestamp&quot;:&quot;0&quot;,&quot;copyright&quot;:&quot;&quot;,&quot;focal_length&quot;:&quot;0&quot;,&quot;iso&quot;:&quot;0&quot;,&quot;shutter_speed&quot;:&quot;0&quot;,&quot;title&quot;:&quot;&quot;,&quot;orientation&quot;:&quot;0&quot;}\" data-image-title=\"Herido1\" data-image-description=\"&lt;p&gt;Mauricio Quiroz report\u00f3 a un medio digital que \u00e9l s\u00f3lo contusiones sufri\u00f3.&lt;\/p&gt; \" data-medium-file=\"https:\/\/i0.wp.com\/eltrabajo.cl\/portal\/wp-content\/uploads\/2014\/11\/Herido1.jpg?fit=292%2C300&#038;ssl=1\" data-large-file=\"https:\/\/i0.wp.com\/eltrabajo.cl\/portal\/wp-content\/uploads\/2014\/11\/Herido1.jpg?fit=529%2C542&#038;ssl=1\" src=\"https:\/\/i0.wp.com\/eltrabajo.cl\/portal\/wp-content\/uploads\/2014\/11\/Herido1.jpg?w=246&#038;h=252&#038;ssl=1\" srcset=\"https:\/\/i0.wp.com\/eltrabajo.cl\/portal\/wp-content\/uploads\/2014\/11\/Herido1.jpg?w=529&amp;ssl=1 529w, https:\/\/i0.wp.com\/eltrabajo.cl\/portal\/wp-content\/uploads\/2014\/11\/Herido1.jpg?resize=146%2C150&amp;ssl=1 146w, https:\/\/i0.wp.com\/eltrabajo.cl\/portal\/wp-content\/uploads\/2014\/11\/Herido1.jpg?resize=292%2C300&amp;ssl=1 292w, https:\/\/i0.wp.com\/eltrabajo.cl\/portal\/wp-content\/uploads\/2014\/11\/Herido1.jpg?resize=400%2C409&amp;ssl=1 400w\" width=\"246\" height=\"252\" loading=\"lazy\" data-original-width=\"246\" data-original-height=\"252\" itemprop=\"http:\/\/schema.org\/image\" title=\"Herido1\" alt=\"Mauricio Quiroz report\u00f3 a un medio digital que \u00e9l s\u00f3lo contusiones sufri\u00f3.\" style=\"width: 246px; height: 252px;\" \/> <\/a> <div class=\"tiled-gallery-caption\" itemprop=\"caption description\"> Mauricio Quiroz report\u00f3 a un medio digital que \u00e9l s\u00f3lo contusiones sufri\u00f3. <\/div> <\/div> <\/div> <!-- close group --> <\/div> <!-- close row --> <\/div>\n","protected":false},"excerpt":{"rendered":"<p>LOS ANDES.- Con lesiones graves pero sin riesgo vital, permanece internado en la Cl\u00ednica Alemana el Gerente General de Buses Ahumada, Juan Eduardo Quiroz, quien el d\u00eda martes sufri\u00f3 un grave accidente&#8230;<\/p>\n","protected":false},"author":482,"featured_media":53051,"comment_status":"open","ping_status":"closed","sticky":false,"template":"","format":"standard","meta":{"advanced_seo_description":"","jetpack_seo_html_title":"","jetpack_seo_noindex":false,"_jetpack_memberships_contains_paid_content":false,"footnotes":""},"categories":[21],"tags":[],"class_list":["post-53050","post","type-post","status-publish","format-standard","has-post-thumbnail","hentry","category-policial"],"jetpack_featured_media_url":"https:\/\/i0.wp.com\/eltrabajo.cl\/portal\/wp-content\/uploads\/2014\/11\/Ortiz1.jpg?fit=529%2C663&ssl=1","jetpack_sharing_enabled":true,"jetpack_likes_enabled":true,"jetpack-related-posts":[],"_links":{"self":[{"href":"https:\/\/eltrabajo.cl\/portal\/wp-json\/wp\/v2\/posts\/53050","targetHints":{"allow":["GET"]}}],"collection":[{"href":"https:\/\/eltrabajo.cl\/portal\/wp-json\/wp\/v2\/posts"}],"about":[{"href":"https:\/\/eltrabajo.cl\/portal\/wp-json\/wp\/v2\/types\/post"}],"author":[{"embeddable":true,"href":"https:\/\/eltrabajo.cl\/portal\/wp-json\/wp\/v2\/users\/482"}],"replies":[{"embeddable":true,"href":"https:\/\/eltrabajo.cl\/portal\/wp-json\/wp\/v2\/comments?post=53050"}],"version-history":[{"count":0,"href":"https:\/\/eltrabajo.cl\/portal\/wp-json\/wp\/v2\/posts\/53050\/revisions"}],"wp:featuredmedia":[{"embeddable":true,"href":"https:\/\/eltrabajo.cl\/portal\/wp-json\/wp\/v2\/media\/53051"}],"wp:attachment":[{"href":"https:\/\/eltrabajo.cl\/portal\/wp-json\/wp\/v2\/media?parent=53050"}],"wp:term":[{"taxonomy":"category","embeddable":true,"href":"https:\/\/eltrabajo.cl\/portal\/wp-json\/wp\/v2\/categories?post=53050"},{"taxonomy":"post_tag","embeddable":true,"href":"https:\/\/eltrabajo.cl\/portal\/wp-json\/wp\/v2\/tags?post=53050"}],"curies":[{"name":"wp","href":"https:\/\/api.w.org\/{rel}","templated":true}]}}