{"id":53056,"date":"2014-11-06T09:47:35","date_gmt":"2014-11-06T12:47:35","guid":{"rendered":"http:\/\/www.eltrabajo.cl\/portal\/?p=53056"},"modified":"2014-11-06T09:47:35","modified_gmt":"2014-11-06T12:47:35","slug":"quiebran-grueso-vidrio-de-relojeria-para-robar-en-mercado-central","status":"publish","type":"post","link":"https:\/\/eltrabajo.cl\/portal\/quiebran-grueso-vidrio-de-relojeria-para-robar-en-mercado-central\/","title":{"rendered":"Quiebran grueso vidrio de relojer\u00eda para robar en Mercado Central"},"content":{"rendered":"<figure id=\"attachment_53057\" aria-describedby=\"caption-attachment-53057\" style=\"width: 529px\" class=\"wp-caption alignnone\"><a href=\"https:\/\/i0.wp.com\/www.eltrabajo.cl\/portal\/wp-content\/uploads\/2014\/11\/Relojeria.jpg\"><img data-recalc-dims=\"1\" loading=\"lazy\" decoding=\"async\" class=\"size-full wp-image-53057\" src=\"https:\/\/i0.wp.com\/www.eltrabajo.cl\/portal\/wp-content\/uploads\/2014\/11\/Relojeria.jpg?resize=529%2C413\" alt=\"El delincuente rompi\u00f3 el grueso vidrio de esta vitrina para apoderarse de relojes, anillos y pulseras de oros avaluada en cerca de un mill\u00f3n de pesos.\" width=\"529\" height=\"413\" srcset=\"https:\/\/i0.wp.com\/eltrabajo.cl\/portal\/wp-content\/uploads\/2014\/11\/Relojeria.jpg?w=529&amp;ssl=1 529w, https:\/\/i0.wp.com\/eltrabajo.cl\/portal\/wp-content\/uploads\/2014\/11\/Relojeria.jpg?resize=192%2C150&amp;ssl=1 192w, https:\/\/i0.wp.com\/eltrabajo.cl\/portal\/wp-content\/uploads\/2014\/11\/Relojeria.jpg?resize=300%2C234&amp;ssl=1 300w, https:\/\/i0.wp.com\/eltrabajo.cl\/portal\/wp-content\/uploads\/2014\/11\/Relojeria.jpg?resize=150%2C117&amp;ssl=1 150w, https:\/\/i0.wp.com\/eltrabajo.cl\/portal\/wp-content\/uploads\/2014\/11\/Relojeria.jpg?resize=400%2C312&amp;ssl=1 400w\" sizes=\"auto, (max-width: 529px) 100vw, 529px\" \/><\/a><figcaption id=\"caption-attachment-53057\" class=\"wp-caption-text\">El delincuente rompi\u00f3 el grueso vidrio de esta vitrina para apoderarse de relojes, anillos y pulseras de oros avaluada en cerca de un mill\u00f3n de pesos.<\/figcaption><\/figure>\n<p>Cerca de $1 mill\u00f3n en relojes, anillos y pulseras de oro, fue el bot\u00edn que un sujeto sustrajo rompiendo un grueso vidrio de ocho mil\u00edmetros de la vitrina perteneciente a Relojer\u00eda Alex, ubicada al interior del Mercado Central de San Felipe. El delito se cometi\u00f3 a primeras horas del pasado martes, siendo descubierto por su propietario Alex Z\u00fa\u00f1iga, cuando concurr\u00eda a su lugar de trabajo encontr\u00e1ndose con la vitrina destruida convirti\u00e9ndose en una v\u00edctima m\u00e1s de robo a los comerciantes sanfelipe\u00f1os.<\/p>\n<figure id=\"attachment_53058\" aria-describedby=\"caption-attachment-53058\" style=\"width: 226px\" class=\"wp-caption alignright\"><a href=\"https:\/\/i0.wp.com\/www.eltrabajo.cl\/portal\/wp-content\/uploads\/2014\/11\/Alex-Zu%C3%B1iga.jpg\"><img data-recalc-dims=\"1\" loading=\"lazy\" decoding=\"async\" class=\"wp-image-53058 size-medium\" src=\"https:\/\/i0.wp.com\/www.eltrabajo.cl\/portal\/wp-content\/uploads\/2014\/11\/Alex-Zu%C3%B1iga-226x300.jpg?resize=226%2C300\" alt=\"El due\u00f1o de Relojer\u00eda Alex Z\u00fa\u00f1iga, lament\u00f3 este episodio del cual fue v\u00edctima de robo la ma\u00f1ana del pasado martes al interior del Mercado Central de la comuna de San Felipe.\" width=\"226\" height=\"300\" srcset=\"https:\/\/i0.wp.com\/eltrabajo.cl\/portal\/wp-content\/uploads\/2014\/11\/Alex-Zu%C3%B1iga.jpg?resize=226%2C300&amp;ssl=1 226w, https:\/\/i0.wp.com\/eltrabajo.cl\/portal\/wp-content\/uploads\/2014\/11\/Alex-Zu%C3%B1iga.jpg?resize=113%2C150&amp;ssl=1 113w, https:\/\/i0.wp.com\/eltrabajo.cl\/portal\/wp-content\/uploads\/2014\/11\/Alex-Zu%C3%B1iga.jpg?resize=400%2C530&amp;ssl=1 400w, https:\/\/i0.wp.com\/eltrabajo.cl\/portal\/wp-content\/uploads\/2014\/11\/Alex-Zu%C3%B1iga.jpg?w=529&amp;ssl=1 529w\" sizes=\"auto, (max-width: 226px) 100vw, 226px\" \/><\/a><figcaption id=\"caption-attachment-53058\" class=\"wp-caption-text\">El due\u00f1o de Relojer\u00eda Alex Z\u00fa\u00f1iga, lament\u00f3 este episodio del cual fue v\u00edctima de robo la ma\u00f1ana del pasado martes al interior del Mercado Central de la comuna de San Felipe.<\/figcaption><\/figure>\n<p>De acuerdo a las primeras investigaciones, un desconocido habr\u00eda accedido al interior del Mercado Central a eso de las 08:30 horas, tras un aparente descuido del guardia o del personal de aseo que habr\u00eda dejado la puerta del acceso principal semi-abierta en los momentos que los locales a\u00fan se encontraba cerrados.<br \/>\nEl delincuente aprovech\u00f3 la ocasi\u00f3n para ingresar para dirigirse hasta dicha relojer\u00eda, rompiendo en segundos el grueso cristal al parecer con un objeto contundente tras el grosor de esa vitrina que manten\u00eda en exhibici\u00f3n relojes y pulseras de oro, avaluadas en cifras cercanas al mill\u00f3n de pesos para luego darse a la fuga sin lograr ser descubierto.<br \/>\nNo obstante, a los pocos minutos fue el mismo propietario quien descubri\u00f3 el robo en su local denunciando los hechos a los carabineros, quienes realizaron las primeras diligencias. Sin embargo hasta el momento no existen evidencias del robo, toda vez que el antisocial escap\u00f3 por el acceso principal del mercado que conduce a Calle Traslavi\u00f1a, cuyos polic\u00edas indicaron que la c\u00e1mara de seguridad de Carabineros de esa intersecci\u00f3n con Calle Prat no estar\u00eda en funcionamiento.<br \/>\n\u00abMe rompieron una vitrina principal y me sustrajeron art\u00edculos de oro, principalmente se supone que el recinto estaba cerrado a esas horas, estamos investigando si fue un descuido del guardia, pero igual s\u00faper preocupados, porque no sientes seguridad, ahora hay que estar encerrados, hay que poner rejas y todo lo que el gasto implica en hacer reparaciones aparte que rompieron un vidrio de ocho mil\u00edmetros que es bastante grueso a los normales, me da la impresi\u00f3n que debe haber utilizado un martillo para poder quebrarlo. En cualquier momento puede pasar lo mismo hay que salir adelante. El primera vez que me pasa de esta manera me hab\u00eda ocurrido otros robos peque\u00f1os, creo poder identificar al sujeto que nos rob\u00f3 porque ya uno los reconoce por estos lados, porque vino precisamente a los art\u00edculos de oro\u00bb, indic\u00f3 a Diario El Trabajo el afectado Alex Z\u00fa\u00f1iga.<\/p>\n<p><strong>DESPROTEGIDOS<\/strong><br \/>\nEl comerciante asegur\u00f3 que como locatarios se sientes absolutamente desprotegidos, por lo que ya ha evaluado protegerse con un arma frente a estos hechos delictuales que le generaron una considerable p\u00e9rdida, adem\u00e1s de los costos en la reparaci\u00f3n de la vitrina para continuar con su funcionamiento, \u00abnos sentimos desprotegidos, yo he pensado tener un arma, porque de alguna manera hay que tomar represalia, porque anda mucha gente extra\u00f1a, gente de afuera y te queda esa inseguridad, hoy que ocurri\u00f3 este hecho han circulado tres veces Carabineros que en veces anteriores no lo hac\u00edan\u00bb, sostuvo Z\u00fa\u00f1iga.<br \/>\nPablo Salinas Sald\u00edas<\/p>\n","protected":false},"excerpt":{"rendered":"<p>Cerca de $1 mill\u00f3n en relojes, anillos y pulseras de oro, fue el bot\u00edn que un sujeto sustrajo rompiendo un grueso vidrio de ocho mil\u00edmetros de la vitrina perteneciente a Relojer\u00eda Alex,&#8230;<\/p>\n","protected":false},"author":482,"featured_media":53057,"comment_status":"open","ping_status":"closed","sticky":false,"template":"","format":"standard","meta":{"advanced_seo_description":"","jetpack_seo_html_title":"","jetpack_seo_noindex":false,"_jetpack_memberships_contains_paid_content":false,"footnotes":""},"categories":[21],"tags":[],"class_list":["post-53056","post","type-post","status-publish","format-standard","has-post-thumbnail","hentry","category-policial"],"jetpack_featured_media_url":"https:\/\/i0.wp.com\/eltrabajo.cl\/portal\/wp-content\/uploads\/2014\/11\/Relojeria.jpg?fit=529%2C413&ssl=1","jetpack_sharing_enabled":true,"jetpack_likes_enabled":true,"jetpack-related-posts":[],"_links":{"self":[{"href":"https:\/\/eltrabajo.cl\/portal\/wp-json\/wp\/v2\/posts\/53056","targetHints":{"allow":["GET"]}}],"collection":[{"href":"https:\/\/eltrabajo.cl\/portal\/wp-json\/wp\/v2\/posts"}],"about":[{"href":"https:\/\/eltrabajo.cl\/portal\/wp-json\/wp\/v2\/types\/post"}],"author":[{"embeddable":true,"href":"https:\/\/eltrabajo.cl\/portal\/wp-json\/wp\/v2\/users\/482"}],"replies":[{"embeddable":true,"href":"https:\/\/eltrabajo.cl\/portal\/wp-json\/wp\/v2\/comments?post=53056"}],"version-history":[{"count":0,"href":"https:\/\/eltrabajo.cl\/portal\/wp-json\/wp\/v2\/posts\/53056\/revisions"}],"wp:featuredmedia":[{"embeddable":true,"href":"https:\/\/eltrabajo.cl\/portal\/wp-json\/wp\/v2\/media\/53057"}],"wp:attachment":[{"href":"https:\/\/eltrabajo.cl\/portal\/wp-json\/wp\/v2\/media?parent=53056"}],"wp:term":[{"taxonomy":"category","embeddable":true,"href":"https:\/\/eltrabajo.cl\/portal\/wp-json\/wp\/v2\/categories?post=53056"},{"taxonomy":"post_tag","embeddable":true,"href":"https:\/\/eltrabajo.cl\/portal\/wp-json\/wp\/v2\/tags?post=53056"}],"curies":[{"name":"wp","href":"https:\/\/api.w.org\/{rel}","templated":true}]}}