{"id":53074,"date":"2014-11-07T09:36:28","date_gmt":"2014-11-07T12:36:28","guid":{"rendered":"http:\/\/www.eltrabajo.cl\/portal\/?p=53074"},"modified":"2014-11-07T09:36:28","modified_gmt":"2014-11-07T12:36:28","slug":"entregan-cheque-por-indemnizacion-a-profesores-jubilados","status":"publish","type":"post","link":"https:\/\/eltrabajo.cl\/portal\/entregan-cheque-por-indemnizacion-a-profesores-jubilados\/","title":{"rendered":"Entregan cheque por indemnizaci\u00f3n a profesores jubilados"},"content":{"rendered":"<figure id=\"attachment_53075\" aria-describedby=\"caption-attachment-53075\" style=\"width: 400px\" class=\"wp-caption alignleft\"><a href=\"https:\/\/i0.wp.com\/www.eltrabajo.cl\/portal\/wp-content\/uploads\/2014\/11\/Cheque1.jpg\"><img data-recalc-dims=\"1\" loading=\"lazy\" decoding=\"async\" class=\"wp-image-53075\" src=\"https:\/\/i0.wp.com\/www.eltrabajo.cl\/portal\/wp-content\/uploads\/2014\/11\/Cheque1.jpg?resize=400%2C290\" alt=\"Este mi\u00e9rcoles el Alcalde Patricio Freire hizo entrega del cuarto cheque correspondiente a la indemnizaci\u00f3n a profesores que se acogieron a jubilaci\u00f3n.\" width=\"400\" height=\"290\" srcset=\"https:\/\/i0.wp.com\/eltrabajo.cl\/portal\/wp-content\/uploads\/2014\/11\/Cheque1.jpg?w=529&amp;ssl=1 529w, https:\/\/i0.wp.com\/eltrabajo.cl\/portal\/wp-content\/uploads\/2014\/11\/Cheque1.jpg?resize=200%2C145&amp;ssl=1 200w, https:\/\/i0.wp.com\/eltrabajo.cl\/portal\/wp-content\/uploads\/2014\/11\/Cheque1.jpg?resize=300%2C217&amp;ssl=1 300w, https:\/\/i0.wp.com\/eltrabajo.cl\/portal\/wp-content\/uploads\/2014\/11\/Cheque1.jpg?resize=150%2C108&amp;ssl=1 150w, https:\/\/i0.wp.com\/eltrabajo.cl\/portal\/wp-content\/uploads\/2014\/11\/Cheque1.jpg?resize=400%2C290&amp;ssl=1 400w\" sizes=\"auto, (max-width: 400px) 100vw, 400px\" \/><\/a><figcaption id=\"caption-attachment-53075\" class=\"wp-caption-text\">Este mi\u00e9rcoles el Alcalde Patricio Freire hizo entrega del cuarto cheque correspondiente a la indemnizaci\u00f3n a profesores que se acogieron a jubilaci\u00f3n.<\/figcaption><\/figure>\n<p>Este mi\u00e9rcoles el Alcalde Patricio Freire hizo entrega del cuarto cheque correspondiente a la indemnizaci\u00f3n a profesores que se acogieron a jubilaci\u00f3n, cumpliendo as\u00ed el compromiso que asumi\u00f3 el jefe comunal durante su gesti\u00f3n alcaldicia. Esta es la \u00faltima de cuatro cuotas que el Alcalde Freire hab\u00eda comprometido pagar como indemnizaci\u00f3n a los docentes que se acogieron a retiro.<br \/>\n\u201cEstamos cumpliendo con este compromiso con los profesores, que es lo m\u00e1s importante porque ellos entregaron toda una vida de sacrificio y esfuerzo a la educaci\u00f3n p\u00fablica y por ello estamos cumpliendo con alrededor de 50 beneficiarios. As\u00ed empezamos a cerrar un cap\u00edtulo con lo que se adeudaba a los docentes, cuando paguemos la \u00faltima cuota del Bono SAE en los pr\u00f3ximos d\u00edas\u201d, dijo el jefe comunal.<br \/>\nEduardo Herrera, abogado de los profesores, valor\u00f3 la entrega de los recursos y manifest\u00f3 la confianza de los docentes por el cumplimiento de este compromiso de parte del Alcalde Freire. \u201cLo que guarda relaci\u00f3n con esta administraci\u00f3n en particular, nosotros queremos agradecer la gesti\u00f3n del Alcalde, porque se puso siempre a disposici\u00f3n de pagar, entonces no tuvimos ning\u00fan temor, por lo menos en la administraci\u00f3n del Alcalde Freire, de que no se fuera a pagar\u201d, dijo el abogado.<\/p>\n","protected":false},"excerpt":{"rendered":"<p>Este mi\u00e9rcoles el Alcalde Patricio Freire hizo entrega del cuarto cheque correspondiente a la indemnizaci\u00f3n a profesores que se acogieron a jubilaci\u00f3n, cumpliendo as\u00ed el compromiso que asumi\u00f3 el jefe comunal durante&#8230;<\/p>\n","protected":false},"author":482,"featured_media":53075,"comment_status":"open","ping_status":"closed","sticky":false,"template":"","format":"standard","meta":{"advanced_seo_description":"","jetpack_seo_html_title":"","jetpack_seo_noindex":false,"_jetpack_memberships_contains_paid_content":false,"footnotes":""},"categories":[15],"tags":[],"class_list":["post-53074","post","type-post","status-publish","format-standard","has-post-thumbnail","hentry","category-comunidad"],"jetpack_featured_media_url":"https:\/\/i0.wp.com\/eltrabajo.cl\/portal\/wp-content\/uploads\/2014\/11\/Cheque1.jpg?fit=529%2C384&ssl=1","jetpack_sharing_enabled":true,"jetpack_likes_enabled":true,"jetpack-related-posts":[],"_links":{"self":[{"href":"https:\/\/eltrabajo.cl\/portal\/wp-json\/wp\/v2\/posts\/53074","targetHints":{"allow":["GET"]}}],"collection":[{"href":"https:\/\/eltrabajo.cl\/portal\/wp-json\/wp\/v2\/posts"}],"about":[{"href":"https:\/\/eltrabajo.cl\/portal\/wp-json\/wp\/v2\/types\/post"}],"author":[{"embeddable":true,"href":"https:\/\/eltrabajo.cl\/portal\/wp-json\/wp\/v2\/users\/482"}],"replies":[{"embeddable":true,"href":"https:\/\/eltrabajo.cl\/portal\/wp-json\/wp\/v2\/comments?post=53074"}],"version-history":[{"count":0,"href":"https:\/\/eltrabajo.cl\/portal\/wp-json\/wp\/v2\/posts\/53074\/revisions"}],"wp:featuredmedia":[{"embeddable":true,"href":"https:\/\/eltrabajo.cl\/portal\/wp-json\/wp\/v2\/media\/53075"}],"wp:attachment":[{"href":"https:\/\/eltrabajo.cl\/portal\/wp-json\/wp\/v2\/media?parent=53074"}],"wp:term":[{"taxonomy":"category","embeddable":true,"href":"https:\/\/eltrabajo.cl\/portal\/wp-json\/wp\/v2\/categories?post=53074"},{"taxonomy":"post_tag","embeddable":true,"href":"https:\/\/eltrabajo.cl\/portal\/wp-json\/wp\/v2\/tags?post=53074"}],"curies":[{"name":"wp","href":"https:\/\/api.w.org\/{rel}","templated":true}]}}