{"id":53077,"date":"2014-11-07T09:37:49","date_gmt":"2014-11-07T12:37:49","guid":{"rendered":"http:\/\/www.eltrabajo.cl\/portal\/?p=53077"},"modified":"2014-11-07T09:37:49","modified_gmt":"2014-11-07T12:37:49","slug":"sanfelipenas-desfilan-con-prendas-tejidas-al-alero-de-la-oficina-de-la-mujer","status":"publish","type":"post","link":"https:\/\/eltrabajo.cl\/portal\/sanfelipenas-desfilan-con-prendas-tejidas-al-alero-de-la-oficina-de-la-mujer\/","title":{"rendered":"Sanfelipe\u00f1as desfilan con prendas tejidas al alero de la Oficina de la Mujer"},"content":{"rendered":"<figure id=\"attachment_53079\" aria-describedby=\"caption-attachment-53079\" style=\"width: 529px\" class=\"wp-caption alignnone\"><a href=\"https:\/\/i0.wp.com\/www.eltrabajo.cl\/portal\/wp-content\/uploads\/2014\/11\/Monitoras1.jpg\"><img data-recalc-dims=\"1\" loading=\"lazy\" decoding=\"async\" class=\"size-full wp-image-53079\" src=\"https:\/\/i0.wp.com\/www.eltrabajo.cl\/portal\/wp-content\/uploads\/2014\/11\/Monitoras1.jpg?resize=529%2C305\" alt=\"El Director de Desarrollo Comunitario de la municipalidad, Pablo Silva, junto a uno de los grupos de mujeres que participaron de los talleres de telar.\" width=\"529\" height=\"305\" srcset=\"https:\/\/i0.wp.com\/eltrabajo.cl\/portal\/wp-content\/uploads\/2014\/11\/Monitoras1.jpg?w=529&amp;ssl=1 529w, https:\/\/i0.wp.com\/eltrabajo.cl\/portal\/wp-content\/uploads\/2014\/11\/Monitoras1.jpg?resize=200%2C115&amp;ssl=1 200w, https:\/\/i0.wp.com\/eltrabajo.cl\/portal\/wp-content\/uploads\/2014\/11\/Monitoras1.jpg?resize=300%2C172&amp;ssl=1 300w, https:\/\/i0.wp.com\/eltrabajo.cl\/portal\/wp-content\/uploads\/2014\/11\/Monitoras1.jpg?resize=150%2C86&amp;ssl=1 150w, https:\/\/i0.wp.com\/eltrabajo.cl\/portal\/wp-content\/uploads\/2014\/11\/Monitoras1.jpg?resize=400%2C230&amp;ssl=1 400w\" sizes=\"auto, (max-width: 529px) 100vw, 529px\" \/><\/a><figcaption id=\"caption-attachment-53079\" class=\"wp-caption-text\">El Director de Desarrollo Comunitario de la municipalidad, Pablo Silva, junto a uno de los grupos de mujeres que participaron de los talleres de telar.<\/figcaption><\/figure>\n<p>Enmarcado en un verdadero desfile de modas, mismo que permiti\u00f3 conocer y apreciar las hermosas prendas que confeccionan, las integrantes de cuatro organizaciones femeninas de la comuna de San Felipe recibieron los certificados tras participar en talleres de telar dictados durante este 2014, por la monitora de la Oficina de la Mujer, Agueda Salas.<br \/>\nA lo largo de este a\u00f1o, esta monitora sanfelipe\u00f1a trabajo arduamente con mujeres de la comuna, a fin de instruirlas y capacitarlas en la confecci\u00f3n de prendas en telar, logrando excelentes resultados, ya que las integrantes de estos cuatro talleres femeninos, pudieron elaborar hermosas prendas, como ponchos, poleras en hilo y otras. Seg\u00fan explic\u00f3 la encargada de la Oficina Municipal de la Mujer, Asistente Social Silvana Vera, fueron cuatro grupos de mujeres que participaron del taller de telar y que decidieron realizar en conjunto su certificaci\u00f3n, lo que les permiti\u00f3 unirse, conocerse y retroalimentarse, dando un plus especial a su certificaci\u00f3n con este desfile de modas.<br \/>\nDe estos cuatro grupos, tres fueron favorecidos con el Fondo Municipal destinado a organizaciones femeninas de la comuna, que pudieron con estos recursos adquirir lana para la elaboraci\u00f3n de estas hermosas prendas.<br \/>\nEstos grupos, as\u00ed como otra cantidad importante de organizaciones de mujeres de la comuna, recibieron el apoyo de una monitora, quien es contratada por la municipalidad para que semana a semana, acuda a sus sedes a realizarles clases.<br \/>\nAgueda en este sentido, dijo que la posibilidad de realizar este curso es motivo de mucha satisfacci\u00f3n, no s\u00f3lo porque las alumnas que tuvo este a\u00f1o respondieron de manera incre\u00edble sino tambi\u00e9n porque ella disfruta realizando esta actividad. \u201cEllas trabajaron muy bien, se motivaron y en realidad, para mi ir a hacer este curso, es sin\u00f3nimo de ir a relajarme, a pasarlo bien y a disfrutar con mujeres que reciben con much\u00edsimas ganas los conocimientos que yo deseo traspasarles\u201d, se\u00f1al\u00f3.<br \/>\nEl trabajo de estos grupos de mujeres, as\u00ed como de otros tantos que funcionan al alero de la municipalidad de San Felipe, se podr\u00e1 conocer en todo caso este jueves, cuando a partir de las 09.30 horas y hasta pasadas las 13.00, se realice una nueva versi\u00f3n de la Expo-Mujer, actividad que comienza a poner fin al programa 2014, de la Oficina de la Mujer que dirige Silvana Vera.<\/p>\n","protected":false},"excerpt":{"rendered":"<p>Enmarcado en un verdadero desfile de modas, mismo que permiti\u00f3 conocer y apreciar las hermosas prendas que confeccionan, las integrantes de cuatro organizaciones femeninas de la comuna de San Felipe recibieron los&#8230;<\/p>\n","protected":false},"author":482,"featured_media":53079,"comment_status":"open","ping_status":"closed","sticky":false,"template":"","format":"standard","meta":{"advanced_seo_description":"","jetpack_seo_html_title":"","jetpack_seo_noindex":false,"_jetpack_memberships_contains_paid_content":false,"footnotes":""},"categories":[15],"tags":[],"class_list":["post-53077","post","type-post","status-publish","format-standard","has-post-thumbnail","hentry","category-comunidad"],"jetpack_featured_media_url":"https:\/\/i0.wp.com\/eltrabajo.cl\/portal\/wp-content\/uploads\/2014\/11\/Monitoras1.jpg?fit=529%2C305&ssl=1","jetpack_sharing_enabled":true,"jetpack_likes_enabled":true,"jetpack-related-posts":[],"_links":{"self":[{"href":"https:\/\/eltrabajo.cl\/portal\/wp-json\/wp\/v2\/posts\/53077","targetHints":{"allow":["GET"]}}],"collection":[{"href":"https:\/\/eltrabajo.cl\/portal\/wp-json\/wp\/v2\/posts"}],"about":[{"href":"https:\/\/eltrabajo.cl\/portal\/wp-json\/wp\/v2\/types\/post"}],"author":[{"embeddable":true,"href":"https:\/\/eltrabajo.cl\/portal\/wp-json\/wp\/v2\/users\/482"}],"replies":[{"embeddable":true,"href":"https:\/\/eltrabajo.cl\/portal\/wp-json\/wp\/v2\/comments?post=53077"}],"version-history":[{"count":0,"href":"https:\/\/eltrabajo.cl\/portal\/wp-json\/wp\/v2\/posts\/53077\/revisions"}],"wp:featuredmedia":[{"embeddable":true,"href":"https:\/\/eltrabajo.cl\/portal\/wp-json\/wp\/v2\/media\/53079"}],"wp:attachment":[{"href":"https:\/\/eltrabajo.cl\/portal\/wp-json\/wp\/v2\/media?parent=53077"}],"wp:term":[{"taxonomy":"category","embeddable":true,"href":"https:\/\/eltrabajo.cl\/portal\/wp-json\/wp\/v2\/categories?post=53077"},{"taxonomy":"post_tag","embeddable":true,"href":"https:\/\/eltrabajo.cl\/portal\/wp-json\/wp\/v2\/tags?post=53077"}],"curies":[{"name":"wp","href":"https:\/\/api.w.org\/{rel}","templated":true}]}}