{"id":53092,"date":"2014-11-07T09:44:15","date_gmt":"2014-11-07T12:44:15","guid":{"rendered":"http:\/\/www.eltrabajo.cl\/portal\/?p=53092"},"modified":"2014-11-07T09:44:15","modified_gmt":"2014-11-07T12:44:15","slug":"jueces-emiten-hoy-veredicto-por-homicidio-calificado-de-manuel-basso","status":"publish","type":"post","link":"https:\/\/eltrabajo.cl\/portal\/jueces-emiten-hoy-veredicto-por-homicidio-calificado-de-manuel-basso\/","title":{"rendered":"Jueces emiten hoy veredicto por Homicidio Calificado de Manuel Basso"},"content":{"rendered":"<figure id=\"attachment_53093\" aria-describedby=\"caption-attachment-53093\" style=\"width: 400px\" class=\"wp-caption alignleft\"><a href=\"https:\/\/i0.wp.com\/www.eltrabajo.cl\/portal\/wp-content\/uploads\/2014\/11\/Coautor-del-Homicidio.jpg\"><img data-recalc-dims=\"1\" loading=\"lazy\" decoding=\"async\" class=\"wp-image-53093\" src=\"https:\/\/i0.wp.com\/www.eltrabajo.cl\/portal\/wp-content\/uploads\/2014\/11\/Coautor-del-Homicidio-275x300.jpg?resize=400%2C436\" alt=\"Manuel Gallardo P\u00e1ez junto a su padre est\u00e1n siendo sometidos a juicio en el Tribunal Oral en Lo Penal de San Felipe. El d\u00eda de hoy la terna de jueces emitir\u00e1 su veredicto de absoluci\u00f3n o culpabilidad por este crimen. \" width=\"400\" height=\"436\" srcset=\"https:\/\/i0.wp.com\/eltrabajo.cl\/portal\/wp-content\/uploads\/2014\/11\/Coautor-del-Homicidio.jpg?resize=275%2C300&amp;ssl=1 275w, https:\/\/i0.wp.com\/eltrabajo.cl\/portal\/wp-content\/uploads\/2014\/11\/Coautor-del-Homicidio.jpg?resize=137%2C150&amp;ssl=1 137w, https:\/\/i0.wp.com\/eltrabajo.cl\/portal\/wp-content\/uploads\/2014\/11\/Coautor-del-Homicidio.jpg?resize=400%2C435&amp;ssl=1 400w, https:\/\/i0.wp.com\/eltrabajo.cl\/portal\/wp-content\/uploads\/2014\/11\/Coautor-del-Homicidio.jpg?w=529&amp;ssl=1 529w\" sizes=\"auto, (max-width: 400px) 100vw, 400px\" \/><\/a><figcaption id=\"caption-attachment-53093\" class=\"wp-caption-text\">Manuel Gallardo P\u00e1ez junto a su padre est\u00e1n siendo sometidos a juicio en el Tribunal Oral en Lo Penal de San Felipe. El d\u00eda de hoy la terna de jueces emitir\u00e1 su veredicto de absoluci\u00f3n o culpabilidad por este crimen.<\/figcaption><\/figure>\n<p>A partir de las 10:30 horas de hoy viernes, el Tribunal Oral en Lo Penal de San Felipe emitir\u00e1 su veredicto luego de los alegatos de clausura de los intervinientes para resolver la absoluci\u00f3n o culpabilidad del delito de Homicidio Calificado de Manuel Basso Fuenzalida, cuyos imputados identificados como Manuel Gallardo Aranda y su hijo Manuel Gallardo P\u00e1ez, podr\u00edan ser condenados a una pena de 15 a\u00f1os y un d\u00eda requeridos por la fiscal\u00eda.<br \/>\nDurante esta semana se ha desarrollado el juicio en contra de los imputados, donde las acusaciones del Fiscal Basso pretenden esclarecer la muerte de Manuel Basso Fuenzalida, a quien los imputados habr\u00edan dado muerte con alevos\u00eda de una certera estocada con un cuchillo en el t\u00f3rax de la v\u00edctima, tras sostener una discusi\u00f3n en Villa Departamental de San Felipe.<br \/>\nLos hechos ocurrieron cerca de las 21:00 horas del pasado domingo 26 de enero de este a\u00f1o en dicha poblaci\u00f3n, donde los acusados concurrieron hasta el departamento de Manuel Basso de 27 a\u00f1os de edad, para arreglar su conflicto en la v\u00eda p\u00fablica, lugar en que la v\u00edctima fue reducido por uno de los acusados que lo tom\u00f3 de sus brazos mientras que Manuel Gallardo (padre), aprovechando esta debilidad, procedi\u00f3 a propinarle sobre seguro una certera estocada con un cuchillo directo en el pecho que atraves\u00f3 hacia su coraz\u00f3n y el pulm\u00f3n caus\u00e1ndole la muerte.<br \/>\nPor estos hechos los imputados fueron formalizados por Homicidio Simple, manteni\u00e9ndose hasta la fecha en prisi\u00f3n preventiva.<br \/>\nEl pasado 23 de julio, el Ministerio P\u00fablico reformul\u00f3 la causa asignando cargos por Homicidio Calificado, llegando a juicio en el Tribunal Oral esta semana, persiguiendo una condena de 15 a\u00f1os y un d\u00eda por este crimen. La fiscal\u00eda pretende convencer a los magistrados tras la declaraci\u00f3n de tres testigos claves de este caso, que acusan directamente a Gallardo Aranda de actuar sobre seguro, cuando la v\u00edctima fue reducida y aprovech\u00f3 las circunstancias para actuar con clara alevos\u00eda.<br \/>\nEmitido el veredicto por los jueces el d\u00eda de hoy, el tribunal deber\u00e1 resolver el quantum de la pena que le asignar\u00e1 a los imputados dentro de un plazo de cinco d\u00edas.<br \/>\nPablo Salinas Sald\u00edas<\/p>\n","protected":false},"excerpt":{"rendered":"<p>A partir de las 10:30 horas de hoy viernes, el Tribunal Oral en Lo Penal de San Felipe emitir\u00e1 su veredicto luego de los alegatos de clausura de los intervinientes para resolver&#8230;<\/p>\n","protected":false},"author":482,"featured_media":53093,"comment_status":"open","ping_status":"closed","sticky":false,"template":"","format":"standard","meta":{"advanced_seo_description":"","jetpack_seo_html_title":"","jetpack_seo_noindex":false,"_jetpack_memberships_contains_paid_content":false,"footnotes":""},"categories":[21],"tags":[],"class_list":["post-53092","post","type-post","status-publish","format-standard","has-post-thumbnail","hentry","category-policial"],"jetpack_featured_media_url":"https:\/\/i0.wp.com\/eltrabajo.cl\/portal\/wp-content\/uploads\/2014\/11\/Coautor-del-Homicidio.jpg?fit=529%2C576&ssl=1","jetpack_sharing_enabled":true,"jetpack_likes_enabled":true,"jetpack-related-posts":[],"_links":{"self":[{"href":"https:\/\/eltrabajo.cl\/portal\/wp-json\/wp\/v2\/posts\/53092","targetHints":{"allow":["GET"]}}],"collection":[{"href":"https:\/\/eltrabajo.cl\/portal\/wp-json\/wp\/v2\/posts"}],"about":[{"href":"https:\/\/eltrabajo.cl\/portal\/wp-json\/wp\/v2\/types\/post"}],"author":[{"embeddable":true,"href":"https:\/\/eltrabajo.cl\/portal\/wp-json\/wp\/v2\/users\/482"}],"replies":[{"embeddable":true,"href":"https:\/\/eltrabajo.cl\/portal\/wp-json\/wp\/v2\/comments?post=53092"}],"version-history":[{"count":0,"href":"https:\/\/eltrabajo.cl\/portal\/wp-json\/wp\/v2\/posts\/53092\/revisions"}],"wp:featuredmedia":[{"embeddable":true,"href":"https:\/\/eltrabajo.cl\/portal\/wp-json\/wp\/v2\/media\/53093"}],"wp:attachment":[{"href":"https:\/\/eltrabajo.cl\/portal\/wp-json\/wp\/v2\/media?parent=53092"}],"wp:term":[{"taxonomy":"category","embeddable":true,"href":"https:\/\/eltrabajo.cl\/portal\/wp-json\/wp\/v2\/categories?post=53092"},{"taxonomy":"post_tag","embeddable":true,"href":"https:\/\/eltrabajo.cl\/portal\/wp-json\/wp\/v2\/tags?post=53092"}],"curies":[{"name":"wp","href":"https:\/\/api.w.org\/{rel}","templated":true}]}}