{"id":53096,"date":"2014-11-07T09:47:07","date_gmt":"2014-11-07T12:47:07","guid":{"rendered":"http:\/\/www.eltrabajo.cl\/portal\/?p=53096"},"modified":"2014-11-07T09:47:07","modified_gmt":"2014-11-07T12:47:07","slug":"tres-anos-a-violento-agresor-que-fracturo-pierna-de-nino","status":"publish","type":"post","link":"https:\/\/eltrabajo.cl\/portal\/tres-anos-a-violento-agresor-que-fracturo-pierna-de-nino\/","title":{"rendered":"Tres a\u00f1os a violento agresor que fractur\u00f3 pierna de ni\u00f1o"},"content":{"rendered":"<figure id=\"attachment_53097\" aria-describedby=\"caption-attachment-53097\" style=\"width: 300px\" class=\"wp-caption alignleft\"><a href=\"https:\/\/i0.wp.com\/www.eltrabajo.cl\/portal\/wp-content\/uploads\/2014\/11\/Condenado-agresor.jpg\"><img data-recalc-dims=\"1\" loading=\"lazy\" decoding=\"async\" class=\"wp-image-53097\" src=\"https:\/\/i0.wp.com\/www.eltrabajo.cl\/portal\/wp-content\/uploads\/2014\/11\/Condenado-agresor-265x300.jpg?resize=300%2C339\" alt=\"Patricio Quiroz Torres de 20 a\u00f1os de edad, fue condenado a la pena de tres a\u00f1os de c\u00e1rcel por Violaci\u00f3n de morada y Lesiones graves, tras fracturar el f\u00e9mur de la pierna de un menor, quien es sobrino de su ex-pareja en la comuna de Llay Llay.\" width=\"300\" height=\"339\" srcset=\"https:\/\/i0.wp.com\/eltrabajo.cl\/portal\/wp-content\/uploads\/2014\/11\/Condenado-agresor.jpg?resize=265%2C300&amp;ssl=1 265w, https:\/\/i0.wp.com\/eltrabajo.cl\/portal\/wp-content\/uploads\/2014\/11\/Condenado-agresor.jpg?resize=132%2C150&amp;ssl=1 132w, https:\/\/i0.wp.com\/eltrabajo.cl\/portal\/wp-content\/uploads\/2014\/11\/Condenado-agresor.jpg?resize=400%2C451&amp;ssl=1 400w, https:\/\/i0.wp.com\/eltrabajo.cl\/portal\/wp-content\/uploads\/2014\/11\/Condenado-agresor.jpg?w=529&amp;ssl=1 529w\" sizes=\"auto, (max-width: 300px) 100vw, 300px\" \/><\/a><figcaption id=\"caption-attachment-53097\" class=\"wp-caption-text\">Patricio Quiroz Torres de 20 a\u00f1os de edad, fue condenado a la pena de tres a\u00f1os de c\u00e1rcel por Violaci\u00f3n de morada y Lesiones graves, tras fracturar el f\u00e9mur de la pierna de un menor, quien es sobrino de su ex-pareja en la comuna de Llay Llay.<\/figcaption><\/figure>\n<p>Una pena privativa de libertad por tres a\u00f1os fue la sentencia que impusieron los jueces del Tribunal Oral en Lo Penal de San Felipe, contra Patricio Alexis Quiroz Torres, por los delitos de Violaci\u00f3n de morada y la m\u00e1s gravosa, Lesiones graves, luego que, por venganza, golpeara y fracturara el f\u00e9mur de la pierna izquierda de un peque\u00f1o de dos a\u00f1os que es sobrino de su ex pareja.<br \/>\nEn el juicio se debati\u00f3 durante cinco d\u00edas la participaci\u00f3n de Quiroz Torres como autor ejecutor del delito de lesiones graves en contra del menor en la comuna de Llay Llay, donde participaron m\u00e1s de 20 testigos y peritos que en definitiva aclararon toda duda razonable al tribunal por parte de la Fiscal\u00eda de San Felipe, tras una acuciosa investigaci\u00f3n.<br \/>\nComo se recordar\u00e1, el caso corresponde al lamentable episodio ocurrido el d\u00eda 3 de diciembre del 2013, cuando Patricio Quiroz manten\u00eda una relaci\u00f3n sentimental con la madre del hijo en com\u00fan de 2 a\u00f1os, a quienes maltrataba f\u00edsica y psicol\u00f3gicamente, cuyo testimonio de la misma mujer indic\u00f3 que este sujeto intent\u00f3 en una ocasi\u00f3n ahorcar a su propio hijo, con lo que reflejaba desde ese entonces ser un hombre abusador y extremadamente violento.<\/p>\n<figure id=\"attachment_53099\" aria-describedby=\"caption-attachment-53099\" style=\"width: 250px\" class=\"wp-caption alignright\"><a href=\"https:\/\/i0.wp.com\/www.eltrabajo.cl\/portal\/wp-content\/uploads\/2014\/11\/Fiscal-Basso.jpg\"><img data-recalc-dims=\"1\" loading=\"lazy\" decoding=\"async\" class=\"wp-image-53099\" src=\"https:\/\/i0.wp.com\/www.eltrabajo.cl\/portal\/wp-content\/uploads\/2014\/11\/Fiscal-Basso-295x300.jpg?resize=250%2C254\" alt=\"El Fiscal Osvaldo Basso, funcionario a cargo del caso.\" width=\"250\" height=\"254\" srcset=\"https:\/\/i0.wp.com\/eltrabajo.cl\/portal\/wp-content\/uploads\/2014\/11\/Fiscal-Basso.jpg?resize=295%2C300&amp;ssl=1 295w, https:\/\/i0.wp.com\/eltrabajo.cl\/portal\/wp-content\/uploads\/2014\/11\/Fiscal-Basso.jpg?resize=147%2C150&amp;ssl=1 147w, https:\/\/i0.wp.com\/eltrabajo.cl\/portal\/wp-content\/uploads\/2014\/11\/Fiscal-Basso.jpg?resize=400%2C406&amp;ssl=1 400w, https:\/\/i0.wp.com\/eltrabajo.cl\/portal\/wp-content\/uploads\/2014\/11\/Fiscal-Basso.jpg?w=529&amp;ssl=1 529w\" sizes=\"auto, (max-width: 250px) 100vw, 250px\" \/><\/a><figcaption id=\"caption-attachment-53099\" class=\"wp-caption-text\">El Fiscal Osvaldo Basso, funcionario a cargo del caso.<\/figcaption><\/figure>\n<p>La mujer, que se encontraba completamente sometida a sus maltratos y amenazas de muerte, nunca quiso denunciar estos agravios a la Polic\u00eda por temor a que sus intimidaciones se concretaran tras los constantes episodios de violencia intrafamiliar. Sin embargo, cuando la mujer decidi\u00f3 acabar con estos maltratos e intentar terminar su convivencia, Patricio Quiroz le prometi\u00f3 a la madre de su hijo que atentar\u00eda contra la integridad de ella o de cualquiera de sus familiares residentes en la comuna de Llay Llay.<\/p>\n<p><strong>LA VENGANZA<\/strong><br \/>\nFue as\u00ed que aquel d\u00eda, Patricio Quiroz se dirigi\u00f3 hasta la casa de su cu\u00f1ada en Villa El Sauce de Llay Llay, a la espera que \u00e9sta abandonara su domicilio, para ingresar clandestinamente cuando el peque\u00f1o de dos a\u00f1os se encontraba completamente s\u00f3lo en la vivienda.<br \/>\nSus anuncios se concretaron de tal forma que de una manera irracional e inhumana comenz\u00f3 a golpear a este peque\u00f1o, sobrino de su pareja, para luego fracturarle el f\u00e9mur de su pierna izquierda y provocarle cobardemente el dolor f\u00edsico a un ni\u00f1o que no pudo defenderse de este violeto ataque al que Quiroz calific\u00f3 como venganza contra su mujer y toda su familia.<br \/>\nEste gravoso da\u00f1o f\u00edsico y psicol\u00f3gico a\u00fan mantiene afectado al grupo familiar que particip\u00f3 durante el juicio oral en contra del hoy condenado Patricio Quiroz, por sus crueles actos. Las secuelas vigentes en el menor han causado que deber\u00e1 someterse a nuevas intervenciones quir\u00fargicas para soldar el hueso tras la grave fractura.<br \/>\nEl fiscal a cargo de este caso, Osvaldo Basso, indic\u00f3 a Diario El Trabajo que Patricio Quiroz Torres deber\u00e1 pagar con c\u00e1rcel sus delitos, tras la sentencia del Tribunal Oral de San Felipe, quien no le otorg\u00f3 ning\u00fan tipo de beneficios y deber\u00e1 pagar adem\u00e1s las costas del juicio.<br \/>\n\u201cLuego de 5 d\u00edas de juicio oral e intenso debate, el Tribunal Oral de San Felipe decidi\u00f3 condenar al acusado a tres a\u00f1os de presidio menor en su grado m\u00e1ximo, sin derecho a beneficio alguno, desestimando su prueba de coartada y teniendo por acreditado el hecho punible y la participaci\u00f3n de Quiroz Torres sobradamente y m\u00e1s all\u00e1 de toda duda razonable. Durante el juicio la fiscal\u00eda logr\u00f3 la convicci\u00f3n del tribunal por unanimidad con sendas pruebas consistentes en casi 20 testigos y peritos, llegando incluso el tribunal a condenar en costas al imputado por estimar que fue completamente vencido.<br \/>\n\u201cCabe agregar que el tribunal impuso la m\u00e1xima pena de tres a\u00f1os, que nuestro C\u00f3digo Penal estipula para el delito de lesiones graves\u201d, subray\u00f3 el persecutor.<br \/>\nBasso agreg\u00f3 que la familia afectada siempre estuvo dispuesta a colaborar al esclarecimiento de los hechos, en actitud comprometida para hacer justicia denunciando responsablemente dentro de sus declaraciones ante la fiscal\u00eda, \u201cLos afectados han debido asistir regularmente a las terapias psicol\u00f3gicas, siempre han estado unidos, ellos quer\u00edan justicia y entiendo que se las hemos podido otorgar\u201d, concluy\u00f3 el representante del Ministerio P\u00fablico.<br \/>\nEn tanto la defensa de Quiroz Torres, tiene un plazo de diez d\u00edas para presentar un eventual recurso de nulidad del juicio ante la Corte de Apelaciones de Valpara\u00edso, de no hacerlo el condenado deber\u00e1 cumplir su pena en la c\u00e1rcel.<br \/>\nPablo Salinas Sald\u00edas<\/p>\n","protected":false},"excerpt":{"rendered":"<p>Una pena privativa de libertad por tres a\u00f1os fue la sentencia que impusieron los jueces del Tribunal Oral en Lo Penal de San Felipe, contra Patricio Alexis Quiroz Torres, por los delitos&#8230;<\/p>\n","protected":false},"author":482,"featured_media":53097,"comment_status":"open","ping_status":"closed","sticky":false,"template":"","format":"standard","meta":{"advanced_seo_description":"","jetpack_seo_html_title":"","jetpack_seo_noindex":false,"_jetpack_memberships_contains_paid_content":false,"footnotes":""},"categories":[21],"tags":[],"class_list":["post-53096","post","type-post","status-publish","format-standard","has-post-thumbnail","hentry","category-policial"],"jetpack_featured_media_url":"https:\/\/i0.wp.com\/eltrabajo.cl\/portal\/wp-content\/uploads\/2014\/11\/Condenado-agresor.jpg?fit=529%2C597&ssl=1","jetpack_sharing_enabled":true,"jetpack_likes_enabled":true,"jetpack-related-posts":[],"_links":{"self":[{"href":"https:\/\/eltrabajo.cl\/portal\/wp-json\/wp\/v2\/posts\/53096","targetHints":{"allow":["GET"]}}],"collection":[{"href":"https:\/\/eltrabajo.cl\/portal\/wp-json\/wp\/v2\/posts"}],"about":[{"href":"https:\/\/eltrabajo.cl\/portal\/wp-json\/wp\/v2\/types\/post"}],"author":[{"embeddable":true,"href":"https:\/\/eltrabajo.cl\/portal\/wp-json\/wp\/v2\/users\/482"}],"replies":[{"embeddable":true,"href":"https:\/\/eltrabajo.cl\/portal\/wp-json\/wp\/v2\/comments?post=53096"}],"version-history":[{"count":0,"href":"https:\/\/eltrabajo.cl\/portal\/wp-json\/wp\/v2\/posts\/53096\/revisions"}],"wp:featuredmedia":[{"embeddable":true,"href":"https:\/\/eltrabajo.cl\/portal\/wp-json\/wp\/v2\/media\/53097"}],"wp:attachment":[{"href":"https:\/\/eltrabajo.cl\/portal\/wp-json\/wp\/v2\/media?parent=53096"}],"wp:term":[{"taxonomy":"category","embeddable":true,"href":"https:\/\/eltrabajo.cl\/portal\/wp-json\/wp\/v2\/categories?post=53096"},{"taxonomy":"post_tag","embeddable":true,"href":"https:\/\/eltrabajo.cl\/portal\/wp-json\/wp\/v2\/tags?post=53096"}],"curies":[{"name":"wp","href":"https:\/\/api.w.org\/{rel}","templated":true}]}}