{"id":53121,"date":"2014-11-10T09:34:33","date_gmt":"2014-11-10T12:34:33","guid":{"rendered":"http:\/\/www.eltrabajo.cl\/portal\/?p=53121"},"modified":"2014-11-10T09:34:33","modified_gmt":"2014-11-10T12:34:33","slug":"pavimentaran-69-calles-y-pasajes-de-san-felipe-panquehue-llay-llay-y-catemu","status":"publish","type":"post","link":"https:\/\/eltrabajo.cl\/portal\/pavimentaran-69-calles-y-pasajes-de-san-felipe-panquehue-llay-llay-y-catemu\/","title":{"rendered":"Pavimentar\u00e1n 69 calles y pasajes de San Felipe, Panquehue, Llay Llay y Catemu"},"content":{"rendered":"<figure id=\"attachment_53122\" aria-describedby=\"caption-attachment-53122\" style=\"width: 528px\" class=\"wp-caption alignnone\"><a href=\"https:\/\/i0.wp.com\/www.eltrabajo.cl\/portal\/wp-content\/uploads\/2014\/11\/Calles1.jpg\"><img data-recalc-dims=\"1\" loading=\"lazy\" decoding=\"async\" class=\"size-full wp-image-53122\" src=\"https:\/\/i0.wp.com\/www.eltrabajo.cl\/portal\/wp-content\/uploads\/2014\/11\/Calles1.jpg?resize=528%2C401\" alt=\"La iniciativa se enmarca en el Llamado Adicional n\u00b023 del Programa de Pavimentaci\u00f3n Participativa del Minvu- (Foto: Calle Mina, del sector El Algarrobal de San Felipe)\" width=\"528\" height=\"401\" srcset=\"https:\/\/i0.wp.com\/eltrabajo.cl\/portal\/wp-content\/uploads\/2014\/11\/Calles1.jpg?w=528&amp;ssl=1 528w, https:\/\/i0.wp.com\/eltrabajo.cl\/portal\/wp-content\/uploads\/2014\/11\/Calles1.jpg?resize=197%2C150&amp;ssl=1 197w, https:\/\/i0.wp.com\/eltrabajo.cl\/portal\/wp-content\/uploads\/2014\/11\/Calles1.jpg?resize=300%2C227&amp;ssl=1 300w, https:\/\/i0.wp.com\/eltrabajo.cl\/portal\/wp-content\/uploads\/2014\/11\/Calles1.jpg?resize=150%2C113&amp;ssl=1 150w, https:\/\/i0.wp.com\/eltrabajo.cl\/portal\/wp-content\/uploads\/2014\/11\/Calles1.jpg?resize=400%2C303&amp;ssl=1 400w\" sizes=\"auto, (max-width: 528px) 100vw, 528px\" \/><\/a><figcaption id=\"caption-attachment-53122\" class=\"wp-caption-text\">La iniciativa se enmarca en el Llamado Adicional n\u00b023 del Programa de Pavimentaci\u00f3n Participativa del Minvu- (Foto: Calle Mina, del sector El Algarrobal de San Felipe)<\/figcaption><\/figure>\n<p>El Ministerio de Vivienda y Urbanismo anunci\u00f3 una gran noticia para las comunas de San Felipe, Panquehue, Llay Llay y Catemu, al se\u00f1alar que con el Llamado 23\u00b0 Adicional del Programa de Pavimentaci\u00f3n Participativa (Pavipart), se mejorar\u00e1 la condici\u00f3n de 69 calles y pasajes de estas comunas. La iniciativa involucrar\u00e1 una inversi\u00f3n de m\u00e1s de $2.800 millones y permitir\u00e1 mejorar m\u00e1s de 8 km entre calles y pasajes de estas ciudades, optimizando la conectividad entre las viviendas de cada sector intervenido, con el resto de la ciudad.<br \/>\nAl respecto, el Director Regional (P y T) de Serviu, Nelson Basaes, destac\u00f3 la importancia que tiene el programa en cada barrio beneficiado, ya que esto \u201cpermite a las familias que viven allegadas a esas calles y pasajes poder tener una mejor calidad de vida. Esto porque las calles y pasajes que hoy son de tierra o de ripio constituyen un gran problema en el invierno por el barro que se produce y en el verano producto del calor y la sequedad que crea mucha poluci\u00f3n, lo que hace que finalmente la habitabilidad de esos sectores se transforma en algo inh\u00f3spita\u201d.<br \/>\nCon este llamado adicional, la comuna m\u00e1s beneficiada de esta provincia fue San Felipe, ciudad en la que 51 calles y pasajes ser\u00e1n pavimentados. Los sectores a intervenir son Curim\u00f3n (calles 1, 2, 3, 4, A y Pasaje 1), Los Ciruelos (calles Uno, Dos, Tres y Cuatro), Bucalemu (calles 1, Jos\u00e9 Molina, Vallemar, Callej\u00f3n Lo Hern\u00e1ndez y Pasaje 1), Villa Las Acacias (pasajes Los Espinos, Los Maitenes, Las Encinas, Clemente Larrondo, Juan Bautista Ferrari, Guillermo Robles, Francisco Viveros, Salustiano Narv\u00e1ez y Juan Casas, y las calles Los Acacios, Juan XXIII, Abd\u00f3n Cifuentes y Beata Teresa de Jes\u00fas), El Trigal La Troya (Calle Los Abetos), Nueva Esperanza La Troya (Calle Principal, Pasaje Uno, Calle Dos y Calle Tres), El Bosque 21 de Mayo (Pasajes Uno e Interior y Calle Uno), Pedro Aguirre Cerda (Pasaje Emiliano Castro), Villa Bernardo Cruz (Pasaje Plegaria), Villa Las Gardenias (1 Oriente, 2 Oriente y 1 Norte), Algarrobal (calles La Mina, Los Enamorados, La Plazuela, Sor Teresa, El Pimiento, La Copa, y los pasajes 1, 2 y 3, e Interior El Pimiento).<br \/>\nEn Panquehue, en tanto, se ejecutar\u00e1n pavimentos en los sectores Villa Santa Adela (calles Los Pimientos y Los Aromos) y Villa Colunquen (calle Los Sauces). Mientras que en Llay Llay, en la Poblaci\u00f3n Eliecer Estay (Calle 3 Poniente, Calle 5 y Pasaje 7) y en la Villa Dorada (calle Carlos Cruz y pasajes Estero, Los Pinos y Llay Llay). Y en Catemu, en el sector urbano (Pasajes Las Palmeras, Los Alerces, Talhuen, Los Olivos y Los Eucaliptus, y las calles Central 2 Oriente, Central 2 Poniente y Esmeralda).<\/p>\n","protected":false},"excerpt":{"rendered":"<p>El Ministerio de Vivienda y Urbanismo anunci\u00f3 una gran noticia para las comunas de San Felipe, Panquehue, Llay Llay y Catemu, al se\u00f1alar que con el Llamado 23\u00b0 Adicional del Programa de&#8230;<\/p>\n","protected":false},"author":482,"featured_media":53122,"comment_status":"open","ping_status":"closed","sticky":false,"template":"","format":"standard","meta":{"advanced_seo_description":"","jetpack_seo_html_title":"","jetpack_seo_noindex":false,"_jetpack_memberships_contains_paid_content":false,"footnotes":""},"categories":[15],"tags":[],"class_list":["post-53121","post","type-post","status-publish","format-standard","has-post-thumbnail","hentry","category-comunidad"],"jetpack_featured_media_url":"https:\/\/i0.wp.com\/eltrabajo.cl\/portal\/wp-content\/uploads\/2014\/11\/Calles1.jpg?fit=528%2C401&ssl=1","jetpack_sharing_enabled":true,"jetpack_likes_enabled":true,"jetpack-related-posts":[],"_links":{"self":[{"href":"https:\/\/eltrabajo.cl\/portal\/wp-json\/wp\/v2\/posts\/53121","targetHints":{"allow":["GET"]}}],"collection":[{"href":"https:\/\/eltrabajo.cl\/portal\/wp-json\/wp\/v2\/posts"}],"about":[{"href":"https:\/\/eltrabajo.cl\/portal\/wp-json\/wp\/v2\/types\/post"}],"author":[{"embeddable":true,"href":"https:\/\/eltrabajo.cl\/portal\/wp-json\/wp\/v2\/users\/482"}],"replies":[{"embeddable":true,"href":"https:\/\/eltrabajo.cl\/portal\/wp-json\/wp\/v2\/comments?post=53121"}],"version-history":[{"count":0,"href":"https:\/\/eltrabajo.cl\/portal\/wp-json\/wp\/v2\/posts\/53121\/revisions"}],"wp:featuredmedia":[{"embeddable":true,"href":"https:\/\/eltrabajo.cl\/portal\/wp-json\/wp\/v2\/media\/53122"}],"wp:attachment":[{"href":"https:\/\/eltrabajo.cl\/portal\/wp-json\/wp\/v2\/media?parent=53121"}],"wp:term":[{"taxonomy":"category","embeddable":true,"href":"https:\/\/eltrabajo.cl\/portal\/wp-json\/wp\/v2\/categories?post=53121"},{"taxonomy":"post_tag","embeddable":true,"href":"https:\/\/eltrabajo.cl\/portal\/wp-json\/wp\/v2\/tags?post=53121"}],"curies":[{"name":"wp","href":"https:\/\/api.w.org\/{rel}","templated":true}]}}