{"id":53128,"date":"2014-11-10T09:40:15","date_gmt":"2014-11-10T12:40:15","guid":{"rendered":"http:\/\/www.eltrabajo.cl\/portal\/?p=53128"},"modified":"2014-11-10T09:40:15","modified_gmt":"2014-11-10T12:40:15","slug":"inauguran-escuela-de-futbol-franco-letelier-del-colegio-renacer","status":"publish","type":"post","link":"https:\/\/eltrabajo.cl\/portal\/inauguran-escuela-de-futbol-franco-letelier-del-colegio-renacer\/","title":{"rendered":"Inauguran Escuela de F\u00fatbol Franco Letelier del Colegio Renacer"},"content":{"rendered":"<figure id=\"attachment_53129\" aria-describedby=\"caption-attachment-53129\" style=\"width: 242px\" class=\"wp-caption alignleft\"><a href=\"https:\/\/i0.wp.com\/www.eltrabajo.cl\/portal\/wp-content\/uploads\/2014\/11\/Franco-Letelier.jpg\"><img data-recalc-dims=\"1\" loading=\"lazy\" decoding=\"async\" class=\"wp-image-53129 size-medium\" src=\"https:\/\/i0.wp.com\/www.eltrabajo.cl\/portal\/wp-content\/uploads\/2014\/11\/Franco-Letelier-242x300.jpg?resize=242%2C300\" alt=\"Franco Letelier, estudiante del Colegio Renacer, falleci\u00f3 de un paro cardio respiratorio mientras se aprestaba a realizar clases de educaci\u00f3n f\u00edsica en marzo del a\u00f1o pasado.\" width=\"242\" height=\"300\" srcset=\"https:\/\/i0.wp.com\/eltrabajo.cl\/portal\/wp-content\/uploads\/2014\/11\/Franco-Letelier.jpg?resize=242%2C300&amp;ssl=1 242w, https:\/\/i0.wp.com\/eltrabajo.cl\/portal\/wp-content\/uploads\/2014\/11\/Franco-Letelier.jpg?resize=121%2C150&amp;ssl=1 121w, https:\/\/i0.wp.com\/eltrabajo.cl\/portal\/wp-content\/uploads\/2014\/11\/Franco-Letelier.jpg?resize=400%2C495&amp;ssl=1 400w, https:\/\/i0.wp.com\/eltrabajo.cl\/portal\/wp-content\/uploads\/2014\/11\/Franco-Letelier.jpg?w=529&amp;ssl=1 529w\" sizes=\"auto, (max-width: 242px) 100vw, 242px\" \/><\/a><figcaption id=\"caption-attachment-53129\" class=\"wp-caption-text\">Franco Letelier, estudiante del Colegio Renacer, falleci\u00f3 de un paro cardio respiratorio mientras se aprestaba a realizar clases de educaci\u00f3n f\u00edsica en marzo del a\u00f1o pasado.<\/figcaption><\/figure>\n<p><strong>PUTAENDO<\/strong>.- Un ambiente de alegr\u00eda se vivi\u00f3 en el estadio del Club Deportivo Centro Chile de Quebrada Herrera, donde fue inaugurada la Escuela de F\u00fatbol Franco Letelier, que depende del Colegio Renacer. Carlos Calder\u00f3n Garrido, conocido profesor de educaci\u00f3n f\u00edsica y encargado de la escuela de f\u00fatbol, indic\u00f3 que hoy se da inicio a un tremendo sue\u00f1o de dar vida a esta escuela de f\u00fatbol, misma que albergar\u00e1 a j\u00f3venes de hasta 17 a\u00f1os, hombres y mujeres y tambi\u00e9n recibir\u00e1 a peque\u00f1itos desde los tres a\u00f1os en adelante.<br \/>\nEn este proyecto se contar\u00e1 con el importante apoyo de los encargados Carlos Calder\u00f3n, Nicol\u00e1s Peralta y tambi\u00e9n con el apoyo de los ex-futbolistas profesionales Luis Castro y el destacado ex-seleccionado nacional. Guillermo \u2018Hallulla\u2019 Mu\u00f1oz.<br \/>\nCalder\u00f3n Garrido sostuvo que el apoyo de la Municipalidad de Putaendo tambi\u00e9n ha sido importante para dar vida a esta escuela de f\u00fatbol, por lo que fue enf\u00e1tico en asegurar que trabajar\u00e1n todos las semanas con estos ni\u00f1os y j\u00f3venes que s\u00f3lo pagar\u00e1n $1.000 mensuales, con el objetivo que el f\u00fatbol sea una alternativa para evitar los flagelos que a diario enfrentan ni\u00f1os y j\u00f3venes.<br \/>\nEsta escuela de f\u00fatbol llevar\u00e1 el nombre de Franco Letelier, estudiante del Colegio Renacer, quien falleci\u00f3 de un paro cardio-respiratorio mientras se aprestaba a realizar clases de educaci\u00f3n f\u00edsica en marzo del a\u00f1o pasado. Por aquello, la Escuela Renacer de Quebrada Herrera quiso homenajear la memoria de Franco, quien en vida fue un activo deportista y un amante del f\u00fatbol.<br \/>\nEn la ceremonia estuvieron presentes el Administrador Municipal Fabi\u00e1n Mu\u00f1oz; el Concejal Luis Sandoval; dirigentes del Club Deportivo Centro Chile, profesores y junto a los ex-jugadores nacionales tambi\u00e9n estuvo presente Fernando \u2018Zorro\u2019 Martel, destacado ex-jugador profesional.<br \/>\nLuego de los entrenamientos en el campo deportivo y la fotograf\u00eda oficial, se desarroll\u00f3 un emotivo momento en el galp\u00f3n de la Escuela Renacer, donde el Cura Ricardo G\u00f3mez bendijo a los ni\u00f1os y la indumentaria, en donde con mucha emoci\u00f3n los padres del peque\u00f1o Franco Letelier fueron especialmente invitados a esta importante ceremonia de esta escuela de f\u00fatbol que llevar\u00e1 el nombre de su hijo.<br \/>\nPatricio Gallardo M.<\/p>\n<div class=\"tiled-gallery type-rectangular tiled-gallery-unresized\" data-original-width=\"640\" data-carousel-extra='null' itemscope itemtype=\"http:\/\/schema.org\/ImageGallery\" > <div class=\"gallery-row\" style=\"width: 640px; height: 156px;\" data-original-width=\"640\" data-original-height=\"156\" > <div class=\"gallery-group images-1\" style=\"width: 228px; height: 156px;\" data-original-width=\"228\" data-original-height=\"156\" > <div class=\"tiled-gallery-item tiled-gallery-item-small\" itemprop=\"associatedMedia\" itemscope itemtype=\"http:\/\/schema.org\/ImageObject\"> <a href=\"https:\/\/eltrabajo.cl\/portal\/inauguran-escuela-de-futbol-franco-letelier-del-colegio-renacer\/futbo2\/\" border=\"0\" itemprop=\"url\"> <meta itemprop=\"width\" content=\"224\"> <meta itemprop=\"height\" content=\"152\"> <img decoding=\"async\" class=\"\" data-attachment-id=\"53130\" data-orig-file=\"https:\/\/eltrabajo.cl\/portal\/wp-content\/uploads\/2014\/11\/Futbo2.jpg\" data-orig-size=\"529,358\" data-comments-opened=\"1\" data-image-meta=\"{&quot;aperture&quot;:&quot;0&quot;,&quot;credit&quot;:&quot;&quot;,&quot;camera&quot;:&quot;&quot;,&quot;caption&quot;:&quot;&quot;,&quot;created_timestamp&quot;:&quot;0&quot;,&quot;copyright&quot;:&quot;[wopmind]&quot;,&quot;focal_length&quot;:&quot;0&quot;,&quot;iso&quot;:&quot;0&quot;,&quot;shutter_speed&quot;:&quot;0&quot;,&quot;title&quot;:&quot;&quot;,&quot;orientation&quot;:&quot;0&quot;}\" data-image-title=\"Futbo2\" data-image-description=\"&lt;p&gt;Esta escuela de f\u00fatbol albergar\u00e1 a j\u00f3venes de hasta 17 a\u00f1os, hombres y mujeres y tambi\u00e9n recibir\u00e1 a peque\u00f1itos desde los tres a\u00f1os en adelante.&lt;\/p&gt; \" data-medium-file=\"https:\/\/i0.wp.com\/eltrabajo.cl\/portal\/wp-content\/uploads\/2014\/11\/Futbo2.jpg?fit=300%2C203&#038;ssl=1\" data-large-file=\"https:\/\/i0.wp.com\/eltrabajo.cl\/portal\/wp-content\/uploads\/2014\/11\/Futbo2.jpg?fit=529%2C358&#038;ssl=1\" src=\"https:\/\/i0.wp.com\/eltrabajo.cl\/portal\/wp-content\/uploads\/2014\/11\/Futbo2.jpg?w=224&#038;h=152&#038;ssl=1\" srcset=\"https:\/\/i0.wp.com\/eltrabajo.cl\/portal\/wp-content\/uploads\/2014\/11\/Futbo2.jpg?w=529&amp;ssl=1 529w, https:\/\/i0.wp.com\/eltrabajo.cl\/portal\/wp-content\/uploads\/2014\/11\/Futbo2.jpg?resize=200%2C135&amp;ssl=1 200w, https:\/\/i0.wp.com\/eltrabajo.cl\/portal\/wp-content\/uploads\/2014\/11\/Futbo2.jpg?resize=300%2C203&amp;ssl=1 300w, https:\/\/i0.wp.com\/eltrabajo.cl\/portal\/wp-content\/uploads\/2014\/11\/Futbo2.jpg?resize=150%2C101&amp;ssl=1 150w, https:\/\/i0.wp.com\/eltrabajo.cl\/portal\/wp-content\/uploads\/2014\/11\/Futbo2.jpg?resize=400%2C270&amp;ssl=1 400w\" width=\"224\" height=\"152\" loading=\"lazy\" data-original-width=\"224\" data-original-height=\"152\" itemprop=\"http:\/\/schema.org\/image\" title=\"Futbo2\" alt=\"Esta escuela de f\u00fatbol albergar\u00e1 a j\u00f3venes de hasta 17 a\u00f1os, hombres y mujeres y tambi\u00e9n recibir\u00e1 a peque\u00f1itos desde los tres a\u00f1os en adelante.\" style=\"width: 224px; height: 152px;\" \/> <\/a> <div class=\"tiled-gallery-caption\" itemprop=\"caption description\"> Esta escuela de f\u00fatbol albergar\u00e1 a j\u00f3venes de hasta 17 a\u00f1os, hombres y mujeres y tambi\u00e9n recibir\u00e1 a peque\u00f1itos desde los tres a\u00f1os en adelante. <\/div> <\/div> <\/div> <!-- close group --> <div class=\"gallery-group images-1\" style=\"width: 412px; height: 156px;\" data-original-width=\"412\" data-original-height=\"156\" > <div class=\"tiled-gallery-item tiled-gallery-item-large\" itemprop=\"associatedMedia\" itemscope itemtype=\"http:\/\/schema.org\/ImageObject\"> <a href=\"https:\/\/eltrabajo.cl\/portal\/inauguran-escuela-de-futbol-franco-letelier-del-colegio-renacer\/futbol1-2\/\" border=\"0\" itemprop=\"url\"> <meta itemprop=\"width\" content=\"408\"> <meta itemprop=\"height\" content=\"152\"> <img decoding=\"async\" class=\"\" data-attachment-id=\"53131\" data-orig-file=\"https:\/\/eltrabajo.cl\/portal\/wp-content\/uploads\/2014\/11\/Futbol1.jpg\" data-orig-size=\"528,196\" data-comments-opened=\"1\" data-image-meta=\"{&quot;aperture&quot;:&quot;0&quot;,&quot;credit&quot;:&quot;&quot;,&quot;camera&quot;:&quot;&quot;,&quot;caption&quot;:&quot;&quot;,&quot;created_timestamp&quot;:&quot;0&quot;,&quot;copyright&quot;:&quot;[wopmind]&quot;,&quot;focal_length&quot;:&quot;0&quot;,&quot;iso&quot;:&quot;0&quot;,&quot;shutter_speed&quot;:&quot;0&quot;,&quot;title&quot;:&quot;&quot;,&quot;orientation&quot;:&quot;0&quot;}\" data-image-title=\"Futbol1\" data-image-description=\"&lt;p&gt;Un ambiente de alegr\u00eda se vivi\u00f3 en el estadio del Club Deportivo Centro Chile de Quebrada Herrera, donde fue inaugurada la Escuela de F\u00fatbol Franco Letelier, que depende del Colegio Renacer.&lt;\/p&gt; \" data-medium-file=\"https:\/\/i0.wp.com\/eltrabajo.cl\/portal\/wp-content\/uploads\/2014\/11\/Futbol1.jpg?fit=300%2C111&#038;ssl=1\" data-large-file=\"https:\/\/i0.wp.com\/eltrabajo.cl\/portal\/wp-content\/uploads\/2014\/11\/Futbol1.jpg?fit=528%2C196&#038;ssl=1\" src=\"https:\/\/i0.wp.com\/eltrabajo.cl\/portal\/wp-content\/uploads\/2014\/11\/Futbol1.jpg?w=408&#038;h=152&#038;ssl=1\" srcset=\"https:\/\/i0.wp.com\/eltrabajo.cl\/portal\/wp-content\/uploads\/2014\/11\/Futbol1.jpg?w=528&amp;ssl=1 528w, https:\/\/i0.wp.com\/eltrabajo.cl\/portal\/wp-content\/uploads\/2014\/11\/Futbol1.jpg?resize=200%2C74&amp;ssl=1 200w, https:\/\/i0.wp.com\/eltrabajo.cl\/portal\/wp-content\/uploads\/2014\/11\/Futbol1.jpg?resize=300%2C111&amp;ssl=1 300w, https:\/\/i0.wp.com\/eltrabajo.cl\/portal\/wp-content\/uploads\/2014\/11\/Futbol1.jpg?resize=150%2C55&amp;ssl=1 150w, https:\/\/i0.wp.com\/eltrabajo.cl\/portal\/wp-content\/uploads\/2014\/11\/Futbol1.jpg?resize=400%2C148&amp;ssl=1 400w\" width=\"408\" height=\"152\" loading=\"lazy\" data-original-width=\"408\" data-original-height=\"152\" itemprop=\"http:\/\/schema.org\/image\" title=\"Futbol1\" alt=\"Un ambiente de alegr\u00eda se vivi\u00f3 en el estadio del Club Deportivo Centro Chile de Quebrada Herrera, donde fue inaugurada la Escuela de F\u00fatbol Franco Letelier, que depende del Colegio Renacer.\" style=\"width: 408px; height: 152px;\" \/> <\/a> <div class=\"tiled-gallery-caption\" itemprop=\"caption description\"> Un ambiente de alegr\u00eda se vivi\u00f3 en el estadio del Club Deportivo Centro Chile de Quebrada Herrera, donde fue inaugurada la Escuela de F\u00fatbol Franco Letelier, que depende del Colegio Renacer. <\/div> <\/div> <\/div> <!-- close group --> <\/div> <!-- close row --> <\/div>\n","protected":false},"excerpt":{"rendered":"<p>PUTAENDO.- Un ambiente de alegr\u00eda se vivi\u00f3 en el estadio del Club Deportivo Centro Chile de Quebrada Herrera, donde fue inaugurada la Escuela de F\u00fatbol Franco Letelier, que depende del Colegio Renacer&#8230;.<\/p>\n","protected":false},"author":482,"featured_media":53129,"comment_status":"open","ping_status":"closed","sticky":false,"template":"","format":"standard","meta":{"advanced_seo_description":"","jetpack_seo_html_title":"","jetpack_seo_noindex":false,"_jetpack_memberships_contains_paid_content":false,"footnotes":""},"categories":[15],"tags":[],"class_list":["post-53128","post","type-post","status-publish","format-standard","has-post-thumbnail","hentry","category-comunidad"],"jetpack_featured_media_url":"https:\/\/i0.wp.com\/eltrabajo.cl\/portal\/wp-content\/uploads\/2014\/11\/Franco-Letelier.jpg?fit=529%2C655&ssl=1","jetpack_sharing_enabled":true,"jetpack_likes_enabled":true,"jetpack-related-posts":[],"_links":{"self":[{"href":"https:\/\/eltrabajo.cl\/portal\/wp-json\/wp\/v2\/posts\/53128","targetHints":{"allow":["GET"]}}],"collection":[{"href":"https:\/\/eltrabajo.cl\/portal\/wp-json\/wp\/v2\/posts"}],"about":[{"href":"https:\/\/eltrabajo.cl\/portal\/wp-json\/wp\/v2\/types\/post"}],"author":[{"embeddable":true,"href":"https:\/\/eltrabajo.cl\/portal\/wp-json\/wp\/v2\/users\/482"}],"replies":[{"embeddable":true,"href":"https:\/\/eltrabajo.cl\/portal\/wp-json\/wp\/v2\/comments?post=53128"}],"version-history":[{"count":0,"href":"https:\/\/eltrabajo.cl\/portal\/wp-json\/wp\/v2\/posts\/53128\/revisions"}],"wp:featuredmedia":[{"embeddable":true,"href":"https:\/\/eltrabajo.cl\/portal\/wp-json\/wp\/v2\/media\/53129"}],"wp:attachment":[{"href":"https:\/\/eltrabajo.cl\/portal\/wp-json\/wp\/v2\/media?parent=53128"}],"wp:term":[{"taxonomy":"category","embeddable":true,"href":"https:\/\/eltrabajo.cl\/portal\/wp-json\/wp\/v2\/categories?post=53128"},{"taxonomy":"post_tag","embeddable":true,"href":"https:\/\/eltrabajo.cl\/portal\/wp-json\/wp\/v2\/tags?post=53128"}],"curies":[{"name":"wp","href":"https:\/\/api.w.org\/{rel}","templated":true}]}}