{"id":53142,"date":"2014-11-10T09:45:13","date_gmt":"2014-11-10T12:45:13","guid":{"rendered":"http:\/\/www.eltrabajo.cl\/portal\/?p=53142"},"modified":"2014-11-10T09:49:55","modified_gmt":"2014-11-10T12:49:55","slug":"manteles-al-pasto-nuevamente-en-alameda-chacabuco","status":"publish","type":"post","link":"https:\/\/eltrabajo.cl\/portal\/manteles-al-pasto-nuevamente-en-alameda-chacabuco\/","title":{"rendered":"Manteles al pasto nuevamente en Alameda Chacabuco"},"content":{"rendered":"<figure id=\"attachment_53143\" aria-describedby=\"caption-attachment-53143\" style=\"width: 529px\" class=\"wp-caption alignnone\"><a href=\"https:\/\/i0.wp.com\/www.eltrabajo.cl\/portal\/wp-content\/uploads\/2014\/11\/Manteles-al-pasto-4.jpg\"><img data-recalc-dims=\"1\" loading=\"lazy\" decoding=\"async\" class=\"size-full wp-image-53143\" src=\"https:\/\/i0.wp.com\/www.eltrabajo.cl\/portal\/wp-content\/uploads\/2014\/11\/Manteles-al-pasto-4.jpg?resize=529%2C341\" alt=\"Familias completas llegaron a Chacabuco para disfrutar de esta segunda versi\u00f3n de Manteles al Pasto. Diversas expresiones culturales fue posible apreciar, no solo en el escenario, sino tambi\u00e9n en diferentes puntos el bandej\u00f3n central.\" width=\"529\" height=\"341\" srcset=\"https:\/\/i0.wp.com\/eltrabajo.cl\/portal\/wp-content\/uploads\/2014\/11\/Manteles-al-pasto-4.jpg?w=529&amp;ssl=1 529w, https:\/\/i0.wp.com\/eltrabajo.cl\/portal\/wp-content\/uploads\/2014\/11\/Manteles-al-pasto-4.jpg?resize=200%2C128&amp;ssl=1 200w, https:\/\/i0.wp.com\/eltrabajo.cl\/portal\/wp-content\/uploads\/2014\/11\/Manteles-al-pasto-4.jpg?resize=300%2C193&amp;ssl=1 300w, https:\/\/i0.wp.com\/eltrabajo.cl\/portal\/wp-content\/uploads\/2014\/11\/Manteles-al-pasto-4.jpg?resize=150%2C96&amp;ssl=1 150w, https:\/\/i0.wp.com\/eltrabajo.cl\/portal\/wp-content\/uploads\/2014\/11\/Manteles-al-pasto-4.jpg?resize=400%2C257&amp;ssl=1 400w\" sizes=\"auto, (max-width: 529px) 100vw, 529px\" \/><\/a><figcaption id=\"caption-attachment-53143\" class=\"wp-caption-text\">Familias completas llegaron a Chacabuco para disfrutar de esta segunda versi\u00f3n de Manteles al Pasto. Diversas expresiones culturales fue posible apreciar, no solo en el escenario, sino tambi\u00e9n en diferentes puntos el bandej\u00f3n central.<\/figcaption><\/figure>\n<p>No s\u00f3lo capear el calor bajo los frondosos \u00e1rboles de Alameda Chacabuco. La Feria cultural Manteles al pasto en su segunda edici\u00f3n, permiti\u00f3 confirmar que la intenci\u00f3n del Alcalde Patricio Freire se orienta a fomentar el desarrollo de distintas disciplinas culturales, as\u00ed como descentralizar la oferta cultural y por cierto, favorecer la recuperaci\u00f3n de espacios p\u00fablicos para toda la familia.<br \/>\nEste s\u00e1bado, un gran marco de p\u00fablico a lo largo de toda la jornada particip\u00f3 de esta actividad organizada por el Departamento de Cultura de la municipalidad, en conjunto con diversos gestores culturales entre los que se cuenta la agrupaci\u00f3n en ciernes denominada precisamente Manteles al pasto. Fue precisamente una de sus integrantes, Kathy Galaz, quien manifest\u00f3 la importancia de recuperar y generar espacios para que los artistas puedan mostrar su trabajo, destacando en este plano la fusi\u00f3n con el municipio para fortalecer cada vez m\u00e1s esta iniciativa.<br \/>\n\u201cYo estoy s\u00faper contenta, porque se nos ha dado una oportunidad. Antes est\u00e1bamos en veredas distintas, paralelas, queriendo hacer cultura unos de un lado y otros desde otro lado; pero la fusi\u00f3n que hay ahora, con este municipio, lo encuentro s\u00faper positivo. Todo esto se auto-gestiona de una manera s\u00faper linda, con gestores culturales, agrupaciones, gente que viene a exponer, y con el enorme respaldo del municipio\u201d, se\u00f1al\u00f3 Kathy Galaz.<br \/>\nEn la oportunidad, el p\u00fablico que asisti\u00f3 pudo disfrutar en un entorno natural del arte culinario, el trabajo artesanal y otras expresiones, permitiendo por ejemplo generar una suerte de feria cultural donde todo lo que se ofrec\u00eda era confeccionado por los propios expositores; en tanto que en el escenario se presentaron diversas agrupaciones art\u00edsticas.<br \/>\nUn elemento que resalt\u00f3 en esta actividad y que se espera mantener a lo largo del tiempo, es el hecho que Manteles al pasto no tiene un p\u00fablico objetivo espec\u00edfico, ya que en la alameda era posible encontrar familias completas, todas valorando esta oportunidad de disfrutar del arte y la cultura sin distinci\u00f3n de edad. Ricardo Ruiz Herrera, coordinador comunal de cultura, se mostr\u00f3 muy conforme con esta segunda edici\u00f3n de Manteles al pasto, se\u00f1alando que hubo un n\u00famero mayor de expositores que particip\u00f3, as\u00ed como de familias que asistieron, reconociendo que se est\u00e1n generando las instancias de recuperaci\u00f3n de espacios p\u00fablicos, para el encuentro inter-generacional de los sanfelipe\u00f1os.<br \/>\n\u201cEstamos felices con esta segunda versi\u00f3n, porque se sigue fortaleciendo este trabajo conjunto con gestores culturales de los mismos grupos culturales que funcionan al alero de la municipalidad de San Felipe y eso es muy importante, porque el Alcalde Patricio Freire nos pidi\u00f3 lograr un v\u00ednculo con ellos\u201d, se\u00f1al\u00f3 Ruiz Herrera. El Director de Desarrollo Comunitario de la municipalidad, Pablo Silva, rescat\u00f3 que la idea del Alcalde Freire es mantener y potenciar esta l\u00ednea de trabajo, donde es posible generar las instancias para la entretenci\u00f3n y el fomento de la cultura y el arte; pero adem\u00e1s, aprovechando espacios que son de todos los sanfelipe\u00f1os, sin ninguna distinci\u00f3n.<\/p>\n","protected":false},"excerpt":{"rendered":"<p>No s\u00f3lo capear el calor bajo los frondosos \u00e1rboles de Alameda Chacabuco. La Feria cultural Manteles al pasto en su segunda edici\u00f3n, permiti\u00f3 confirmar que la intenci\u00f3n del Alcalde Patricio Freire se&#8230;<\/p>\n","protected":false},"author":482,"featured_media":53143,"comment_status":"open","ping_status":"closed","sticky":false,"template":"","format":"standard","meta":{"advanced_seo_description":"","jetpack_seo_html_title":"","jetpack_seo_noindex":false,"_jetpack_memberships_contains_paid_content":false,"footnotes":""},"categories":[15],"tags":[],"class_list":["post-53142","post","type-post","status-publish","format-standard","has-post-thumbnail","hentry","category-comunidad"],"jetpack_featured_media_url":"https:\/\/i0.wp.com\/eltrabajo.cl\/portal\/wp-content\/uploads\/2014\/11\/Manteles-al-pasto-4.jpg?fit=529%2C341&ssl=1","jetpack_sharing_enabled":true,"jetpack_likes_enabled":true,"jetpack-related-posts":[],"_links":{"self":[{"href":"https:\/\/eltrabajo.cl\/portal\/wp-json\/wp\/v2\/posts\/53142","targetHints":{"allow":["GET"]}}],"collection":[{"href":"https:\/\/eltrabajo.cl\/portal\/wp-json\/wp\/v2\/posts"}],"about":[{"href":"https:\/\/eltrabajo.cl\/portal\/wp-json\/wp\/v2\/types\/post"}],"author":[{"embeddable":true,"href":"https:\/\/eltrabajo.cl\/portal\/wp-json\/wp\/v2\/users\/482"}],"replies":[{"embeddable":true,"href":"https:\/\/eltrabajo.cl\/portal\/wp-json\/wp\/v2\/comments?post=53142"}],"version-history":[{"count":0,"href":"https:\/\/eltrabajo.cl\/portal\/wp-json\/wp\/v2\/posts\/53142\/revisions"}],"wp:featuredmedia":[{"embeddable":true,"href":"https:\/\/eltrabajo.cl\/portal\/wp-json\/wp\/v2\/media\/53143"}],"wp:attachment":[{"href":"https:\/\/eltrabajo.cl\/portal\/wp-json\/wp\/v2\/media?parent=53142"}],"wp:term":[{"taxonomy":"category","embeddable":true,"href":"https:\/\/eltrabajo.cl\/portal\/wp-json\/wp\/v2\/categories?post=53142"},{"taxonomy":"post_tag","embeddable":true,"href":"https:\/\/eltrabajo.cl\/portal\/wp-json\/wp\/v2\/tags?post=53142"}],"curies":[{"name":"wp","href":"https:\/\/api.w.org\/{rel}","templated":true}]}}