{"id":53158,"date":"2014-11-11T09:25:47","date_gmt":"2014-11-11T12:25:47","guid":{"rendered":"http:\/\/www.eltrabajo.cl\/portal\/?p=53158"},"modified":"2014-11-11T09:25:47","modified_gmt":"2014-11-11T12:25:47","slug":"campesinos-ecuatorianos-denuncian-a-codelco-por-proyecto-minero-en-imbabura","status":"publish","type":"post","link":"https:\/\/eltrabajo.cl\/portal\/campesinos-ecuatorianos-denuncian-a-codelco-por-proyecto-minero-en-imbabura\/","title":{"rendered":"Campesinos ecuatorianos denuncian a Codelco por proyecto minero en Imbabura"},"content":{"rendered":"<figure id=\"attachment_53159\" aria-describedby=\"caption-attachment-53159\" style=\"width: 529px\" class=\"wp-caption alignnone\"><a href=\"https:\/\/i0.wp.com\/www.eltrabajo.cl\/portal\/wp-content\/uploads\/2014\/11\/Ecuador1.jpg\"><img data-recalc-dims=\"1\" loading=\"lazy\" decoding=\"async\" class=\"size-full wp-image-53159\" src=\"https:\/\/i0.wp.com\/www.eltrabajo.cl\/portal\/wp-content\/uploads\/2014\/11\/Ecuador1.jpg?resize=529%2C355\" alt=\"Jomar Ceballos, Alcalde de Catacachi, Lauro Lucero, presidente encargado de la comunidad de Jun\u00edn, Sabina Castro, Presidente de la Coordinadora por la Defensa de Aconcagua y el Concejal Ricardo Covarrubias.  \" width=\"529\" height=\"355\" srcset=\"https:\/\/i0.wp.com\/eltrabajo.cl\/portal\/wp-content\/uploads\/2014\/11\/Ecuador1.jpg?w=529&amp;ssl=1 529w, https:\/\/i0.wp.com\/eltrabajo.cl\/portal\/wp-content\/uploads\/2014\/11\/Ecuador1.jpg?resize=200%2C134&amp;ssl=1 200w, https:\/\/i0.wp.com\/eltrabajo.cl\/portal\/wp-content\/uploads\/2014\/11\/Ecuador1.jpg?resize=300%2C201&amp;ssl=1 300w, https:\/\/i0.wp.com\/eltrabajo.cl\/portal\/wp-content\/uploads\/2014\/11\/Ecuador1.jpg?resize=150%2C100&amp;ssl=1 150w, https:\/\/i0.wp.com\/eltrabajo.cl\/portal\/wp-content\/uploads\/2014\/11\/Ecuador1.jpg?resize=400%2C268&amp;ssl=1 400w\" sizes=\"auto, (max-width: 529px) 100vw, 529px\" \/><\/a><figcaption id=\"caption-attachment-53159\" class=\"wp-caption-text\">Jomar Ceballos, Alcalde de Catacachi, Lauro Lucero, presidente encargado de la comunidad de Jun\u00edn, Sabina Castro, Presidente de la Coordinadora por la Defensa de Aconcagua y el Concejal Ricardo Covarrubias.<\/figcaption><\/figure>\n<p>Una delegaci\u00f3n de campesinos acompa\u00f1ados por el Alcalde de Catacachi de la provincia de Imbabura de Ecuador, Jomar Ceballos, visitaron la ciudad de San Felipe este s\u00e1bado para denunciar el proyecto minero que se encuentra desarrollando Codelco en dicha localidad. En San Felipe fueron recibidos por el Concejal Ricardo Covarrubias y la Presidente de la Coordinadora por la defensa de Aconcagua, Sabina Castro, despu\u00e9s de haber participado ante la Comisi\u00f3n Derechos Humanos de la C\u00e1mara de Diputados en Valpara\u00edso, para denunciar la amenaza de destrucci\u00f3n del medio ambiente por una futura explotaci\u00f3n minera de Codelco.<br \/>\nAl ser consultado el Alcalde Jomar Ceballos sobre el problema que podr\u00eda generar esta explotaci\u00f3n, coment\u00f3 que \u201cse trata de los puntos calientes para la protecci\u00f3n de la biodiversidad a nivel mundial, un \u00e1rea absolutamente selv\u00e1tica donde se ver\u00e1n m\u00e1s de 15.000 personas afectadas, siendo una zona agr\u00edcola y tur\u00edstica, un \u00e1rea tropical, y esto lo destruir\u00e1 el futuro yacimiento minero\u201d, asegur\u00f3.<br \/>\nAsimismo, el alcalde acompa\u00f1ado por el presidente encargado de la comunidad de Jun\u00edn, Lauro Lucero, dijo que fueron recibidos por el diputado DC, Sergio Ojeda, quien recibi\u00f3 la informaci\u00f3n y todos los antecedentes para ponerlos a disposici\u00f3n de la comisi\u00f3n que representa para su posterior consulta ante el ejecutivo. Por su parte Lauro Lucero, denunci\u00f3 toda una labor de hostigamiento a la poblaci\u00f3n a quienes se resisten al proyecto minero \u201ceste proyecto surgi\u00f3 en 2009 entre Codelco y el Gobierno de Ecuador, el que inicialmente involucraba la parte Centro Sur del Ecuador y luego se ampli\u00f3 el a\u00f1o 2011, agreg\u00e1ndose la zona de Catacachi\u201d, indic\u00f3.<br \/>\nLa delegaci\u00f3n ecuatoriana est\u00e1n solicitando tanto a la Comisi\u00f3n de Derechos Humanos de la C\u00e1mara de Diputados como a los representantes de San Felipe, quienes est\u00e1n involucrados por la defensa del agua, ayuda para impedir que se concrete el proyecto \u201cdado que ello significar\u00eda perder un \u00e1rea importante de la naturaleza, es un \u00e1rea que le pertenece al mundo, y por ello lo defendemos en nombre de todo el universo, donde el diputado Sergio Ojeda acord\u00f3 oficiar a Codelco y al Ministerio de Relaciones Exteriores para tener mayor informaci\u00f3n respecto del tema\u201d, manifest\u00f3 Lauro Lucero.<\/p>\n","protected":false},"excerpt":{"rendered":"<p>Una delegaci\u00f3n de campesinos acompa\u00f1ados por el Alcalde de Catacachi de la provincia de Imbabura de Ecuador, Jomar Ceballos, visitaron la ciudad de San Felipe este s\u00e1bado para denunciar el proyecto minero&#8230;<\/p>\n","protected":false},"author":482,"featured_media":53159,"comment_status":"open","ping_status":"closed","sticky":false,"template":"","format":"standard","meta":{"advanced_seo_description":"","jetpack_seo_html_title":"","jetpack_seo_noindex":false,"_jetpack_memberships_contains_paid_content":false,"footnotes":""},"categories":[15],"tags":[],"class_list":["post-53158","post","type-post","status-publish","format-standard","has-post-thumbnail","hentry","category-comunidad"],"jetpack_featured_media_url":"https:\/\/i0.wp.com\/eltrabajo.cl\/portal\/wp-content\/uploads\/2014\/11\/Ecuador1.jpg?fit=529%2C355&ssl=1","jetpack_sharing_enabled":true,"jetpack_likes_enabled":true,"jetpack-related-posts":[],"_links":{"self":[{"href":"https:\/\/eltrabajo.cl\/portal\/wp-json\/wp\/v2\/posts\/53158","targetHints":{"allow":["GET"]}}],"collection":[{"href":"https:\/\/eltrabajo.cl\/portal\/wp-json\/wp\/v2\/posts"}],"about":[{"href":"https:\/\/eltrabajo.cl\/portal\/wp-json\/wp\/v2\/types\/post"}],"author":[{"embeddable":true,"href":"https:\/\/eltrabajo.cl\/portal\/wp-json\/wp\/v2\/users\/482"}],"replies":[{"embeddable":true,"href":"https:\/\/eltrabajo.cl\/portal\/wp-json\/wp\/v2\/comments?post=53158"}],"version-history":[{"count":0,"href":"https:\/\/eltrabajo.cl\/portal\/wp-json\/wp\/v2\/posts\/53158\/revisions"}],"wp:featuredmedia":[{"embeddable":true,"href":"https:\/\/eltrabajo.cl\/portal\/wp-json\/wp\/v2\/media\/53159"}],"wp:attachment":[{"href":"https:\/\/eltrabajo.cl\/portal\/wp-json\/wp\/v2\/media?parent=53158"}],"wp:term":[{"taxonomy":"category","embeddable":true,"href":"https:\/\/eltrabajo.cl\/portal\/wp-json\/wp\/v2\/categories?post=53158"},{"taxonomy":"post_tag","embeddable":true,"href":"https:\/\/eltrabajo.cl\/portal\/wp-json\/wp\/v2\/tags?post=53158"}],"curies":[{"name":"wp","href":"https:\/\/api.w.org\/{rel}","templated":true}]}}