{"id":53161,"date":"2014-11-11T09:33:48","date_gmt":"2014-11-11T12:33:48","guid":{"rendered":"http:\/\/www.eltrabajo.cl\/portal\/?p=53161"},"modified":"2014-11-11T09:33:48","modified_gmt":"2014-11-11T12:33:48","slug":"ninos-de-agrupacion-folclorica-dan-paseo-educativo-turistico-y-cultural","status":"publish","type":"post","link":"https:\/\/eltrabajo.cl\/portal\/ninos-de-agrupacion-folclorica-dan-paseo-educativo-turistico-y-cultural\/","title":{"rendered":"Ni\u00f1os de agrupaci\u00f3n folcl\u00f3rica dan paseo educativo, tur\u00edstico y cultural"},"content":{"rendered":"<figure id=\"attachment_53162\" aria-describedby=\"caption-attachment-53162\" style=\"width: 529px\" class=\"wp-caption alignnone\"><a href=\"https:\/\/i0.wp.com\/www.eltrabajo.cl\/portal\/wp-content\/uploads\/2014\/11\/Grupal1.jpg\"><img data-recalc-dims=\"1\" loading=\"lazy\" decoding=\"async\" class=\"size-full wp-image-53162\" src=\"https:\/\/i0.wp.com\/www.eltrabajo.cl\/portal\/wp-content\/uploads\/2014\/11\/Grupal1.jpg?resize=529%2C378\" alt=\"Los peque\u00f1os visitaron la pisicultura de R\u00edo Blanco, la Eco-granja del Parque Cordillera y el Centro Cultural Pedro Aguirre Cerda de Calle Larga.\" width=\"529\" height=\"378\" srcset=\"https:\/\/i0.wp.com\/eltrabajo.cl\/portal\/wp-content\/uploads\/2014\/11\/Grupal1.jpg?w=529&amp;ssl=1 529w, https:\/\/i0.wp.com\/eltrabajo.cl\/portal\/wp-content\/uploads\/2014\/11\/Grupal1.jpg?resize=200%2C142&amp;ssl=1 200w, https:\/\/i0.wp.com\/eltrabajo.cl\/portal\/wp-content\/uploads\/2014\/11\/Grupal1.jpg?resize=300%2C214&amp;ssl=1 300w, https:\/\/i0.wp.com\/eltrabajo.cl\/portal\/wp-content\/uploads\/2014\/11\/Grupal1.jpg?resize=150%2C107&amp;ssl=1 150w, https:\/\/i0.wp.com\/eltrabajo.cl\/portal\/wp-content\/uploads\/2014\/11\/Grupal1.jpg?resize=400%2C285&amp;ssl=1 400w\" sizes=\"auto, (max-width: 529px) 100vw, 529px\" \/><\/a><figcaption id=\"caption-attachment-53162\" class=\"wp-caption-text\">Los peque\u00f1os visitaron la pisicultura de R\u00edo Blanco, la Eco-granja del Parque Cordillera y el Centro Cultural Pedro Aguirre Cerda de Calle Larga.<\/figcaption><\/figure>\n<p><strong>LOS ANDES.<\/strong>&#8211; Gracias a gestiones del Sindicato Industrial de Integraci\u00f3n Laboral SIIL de Codelco Andina, pudieron conocer y disfrutar de lugares que no muchas veces pueden visitar como la pisicultura de R\u00edo Blanco, la Eco-granja del Parque Cordillera y el Centro Cultural Pedro Aguirre Cerda de Calle Larga.<\/p>\n<figure id=\"attachment_53163\" aria-describedby=\"caption-attachment-53163\" style=\"width: 400px\" class=\"wp-caption alignright\"><a href=\"https:\/\/i0.wp.com\/www.eltrabajo.cl\/portal\/wp-content\/uploads\/2014\/11\/Charla1.jpg\"><img data-recalc-dims=\"1\" loading=\"lazy\" decoding=\"async\" class=\"wp-image-53163\" src=\"https:\/\/i0.wp.com\/www.eltrabajo.cl\/portal\/wp-content\/uploads\/2014\/11\/Charla1.jpg?resize=400%2C277\" alt=\"Finalmente se particip\u00f3 y conocieron la historia del ex-presidente Pedro Aguirre Cerda, en su Centro Cultural de Calle Larga, donde con gran interacci\u00f3n, conocieron la historia del lugar y del ex mandatario.\" width=\"400\" height=\"277\" srcset=\"https:\/\/i0.wp.com\/eltrabajo.cl\/portal\/wp-content\/uploads\/2014\/11\/Charla1.jpg?w=529&amp;ssl=1 529w, https:\/\/i0.wp.com\/eltrabajo.cl\/portal\/wp-content\/uploads\/2014\/11\/Charla1.jpg?resize=200%2C138&amp;ssl=1 200w, https:\/\/i0.wp.com\/eltrabajo.cl\/portal\/wp-content\/uploads\/2014\/11\/Charla1.jpg?resize=300%2C207&amp;ssl=1 300w, https:\/\/i0.wp.com\/eltrabajo.cl\/portal\/wp-content\/uploads\/2014\/11\/Charla1.jpg?resize=150%2C103&amp;ssl=1 150w, https:\/\/i0.wp.com\/eltrabajo.cl\/portal\/wp-content\/uploads\/2014\/11\/Charla1.jpg?resize=400%2C276&amp;ssl=1 400w\" sizes=\"auto, (max-width: 400px) 100vw, 400px\" \/><\/a><figcaption id=\"caption-attachment-53163\" class=\"wp-caption-text\">Finalmente se particip\u00f3 y conocieron la historia del ex-presidente Pedro Aguirre Cerda, en su Centro Cultural de Calle Larga, donde con gran interacci\u00f3n, conocieron la historia del lugar y del ex mandatario.<\/figcaption><\/figure>\n<p>Enmarcado en la pol\u00edtica social del sindicato Industrial de Integraci\u00f3n Laboral SIIL de Codelco Andina, es que se organiz\u00f3 un paseo educativo-tur\u00edstico-cultural, para m\u00e1s de 20 ni\u00f1os de la Agrupaci\u00f3n Folcl\u00f3rica Los Girasoles de Poblaci\u00f3n Gabriela Mistral, quienes disfrutaron de una ma\u00f1ana diversa en cuanto a que pudieron disfrutar de lugares que est\u00e1n en la zona y que tienen pocas posibilidades de ir.<br \/>\nEn este sentido, se les llev\u00f3 a visitar la pisicultura de R\u00edo Blanco \u2018Federico Albert Taupp\u2019, donde conocieron todo el proceso de crecimiento y crianza de truchas y donde incluso pudieron alimentarlos tras una visita guiada. Posteriormente se visit\u00f3 la eco-granja de Parque Cordillera, donde se explic\u00f3 tambi\u00e9n mediante una visita todo el proceso que se hace en el lugar, junto con el motivo sobre el cual est\u00e1n los animales en el lugar.<br \/>\nFinalmente se particip\u00f3 y conocieron la historia del ex-presidente Pedro Aguirre Cerda, en su Centro Cultural de Calle Larga, donde con gran interacci\u00f3n conocieron la historia del lugar y del ex mandatario. Estos ni\u00f1os est\u00e1n inmersos en un sector de alto riesgo social, y un matrimonio del lugar empez\u00f3 hace cinco a\u00f1os con el proyecto, que mediante los bailes y el folclor, los saca de flagelos como la delincuencia y la drogadicci\u00f3n, llegando incluso a tener m\u00e1s de 40 integrantes de la agrupaci\u00f3n.<br \/>\nSeg\u00fan comenta H\u00e9ctor Lizana, Tesorero del Sindicato SIIL, \u00abcomo agrupaci\u00f3n de trabajadores, debemos ser participes de la sociedad, por lo cual para nosotros es gratificante aportar en este sentido, entregando una jornada distinta a estos ni\u00f1os y que adem\u00e1s de conocer se eduquen y culturicen\u00bb.<br \/>\nPara el Sindicato, este tipo de actividades de solidaridad es vital, dado que no s\u00f3lo debemos ser actores laborales, sino que preocuparnos del entorno y del \u00e1mbito social, por lo cual debemos seguir trabajando en esta l\u00ednea de incorporar a la comunidad a estas actividades sociales, ya que no s\u00f3lo permiten alegrarles un d\u00eda y que tengan una actividad distinta, sino que como agrupaci\u00f3n de trabajadores nos llena de alegr\u00eda poder aportar socialmente a la comunidad.<\/p>\n","protected":false},"excerpt":{"rendered":"<p>LOS ANDES.&#8211; Gracias a gestiones del Sindicato Industrial de Integraci\u00f3n Laboral SIIL de Codelco Andina, pudieron conocer y disfrutar de lugares que no muchas veces pueden visitar como la pisicultura de R\u00edo&#8230;<\/p>\n","protected":false},"author":482,"featured_media":53162,"comment_status":"open","ping_status":"closed","sticky":false,"template":"","format":"standard","meta":{"advanced_seo_description":"","jetpack_seo_html_title":"","jetpack_seo_noindex":false,"_jetpack_memberships_contains_paid_content":false,"footnotes":""},"categories":[15],"tags":[],"class_list":["post-53161","post","type-post","status-publish","format-standard","has-post-thumbnail","hentry","category-comunidad"],"jetpack_featured_media_url":"https:\/\/i0.wp.com\/eltrabajo.cl\/portal\/wp-content\/uploads\/2014\/11\/Grupal1.jpg?fit=529%2C378&ssl=1","jetpack_sharing_enabled":true,"jetpack_likes_enabled":true,"jetpack-related-posts":[],"_links":{"self":[{"href":"https:\/\/eltrabajo.cl\/portal\/wp-json\/wp\/v2\/posts\/53161","targetHints":{"allow":["GET"]}}],"collection":[{"href":"https:\/\/eltrabajo.cl\/portal\/wp-json\/wp\/v2\/posts"}],"about":[{"href":"https:\/\/eltrabajo.cl\/portal\/wp-json\/wp\/v2\/types\/post"}],"author":[{"embeddable":true,"href":"https:\/\/eltrabajo.cl\/portal\/wp-json\/wp\/v2\/users\/482"}],"replies":[{"embeddable":true,"href":"https:\/\/eltrabajo.cl\/portal\/wp-json\/wp\/v2\/comments?post=53161"}],"version-history":[{"count":0,"href":"https:\/\/eltrabajo.cl\/portal\/wp-json\/wp\/v2\/posts\/53161\/revisions"}],"wp:featuredmedia":[{"embeddable":true,"href":"https:\/\/eltrabajo.cl\/portal\/wp-json\/wp\/v2\/media\/53162"}],"wp:attachment":[{"href":"https:\/\/eltrabajo.cl\/portal\/wp-json\/wp\/v2\/media?parent=53161"}],"wp:term":[{"taxonomy":"category","embeddable":true,"href":"https:\/\/eltrabajo.cl\/portal\/wp-json\/wp\/v2\/categories?post=53161"},{"taxonomy":"post_tag","embeddable":true,"href":"https:\/\/eltrabajo.cl\/portal\/wp-json\/wp\/v2\/tags?post=53161"}],"curies":[{"name":"wp","href":"https:\/\/api.w.org\/{rel}","templated":true}]}}