{"id":53175,"date":"2014-11-11T09:42:07","date_gmt":"2014-11-11T12:42:07","guid":{"rendered":"http:\/\/www.eltrabajo.cl\/portal\/?p=53175"},"modified":"2014-11-11T09:42:07","modified_gmt":"2014-11-11T12:42:07","slug":"municipio-promete-recuperar-plazoleta-de-villa-alto-miraflores","status":"publish","type":"post","link":"https:\/\/eltrabajo.cl\/portal\/municipio-promete-recuperar-plazoleta-de-villa-alto-miraflores\/","title":{"rendered":"Municipio promete recuperar plazoleta de Villa Alto Miraflores"},"content":{"rendered":"<figure id=\"attachment_53176\" aria-describedby=\"caption-attachment-53176\" style=\"width: 529px\" class=\"wp-caption alignnone\"><a href=\"https:\/\/i0.wp.com\/www.eltrabajo.cl\/portal\/wp-content\/uploads\/2014\/11\/Reu1.jpg\"><img data-recalc-dims=\"1\" loading=\"lazy\" decoding=\"async\" class=\"size-full wp-image-53176\" src=\"https:\/\/i0.wp.com\/www.eltrabajo.cl\/portal\/wp-content\/uploads\/2014\/11\/Reu1.jpg?resize=529%2C346\" alt=\"Profesionales de la Municipalidad de San Felipe, encabezados por Pablo Silva y Carabineros, se reunieron con los vecinos de Miraflores, para comprometer acciones en su beneficio.\" width=\"529\" height=\"346\" srcset=\"https:\/\/i0.wp.com\/eltrabajo.cl\/portal\/wp-content\/uploads\/2014\/11\/Reu1.jpg?w=529&amp;ssl=1 529w, https:\/\/i0.wp.com\/eltrabajo.cl\/portal\/wp-content\/uploads\/2014\/11\/Reu1.jpg?resize=200%2C130&amp;ssl=1 200w, https:\/\/i0.wp.com\/eltrabajo.cl\/portal\/wp-content\/uploads\/2014\/11\/Reu1.jpg?resize=300%2C196&amp;ssl=1 300w, https:\/\/i0.wp.com\/eltrabajo.cl\/portal\/wp-content\/uploads\/2014\/11\/Reu1.jpg?resize=150%2C98&amp;ssl=1 150w, https:\/\/i0.wp.com\/eltrabajo.cl\/portal\/wp-content\/uploads\/2014\/11\/Reu1.jpg?resize=400%2C261&amp;ssl=1 400w\" sizes=\"auto, (max-width: 529px) 100vw, 529px\" \/><\/a><figcaption id=\"caption-attachment-53176\" class=\"wp-caption-text\">Profesionales de la Municipalidad de San Felipe, encabezados por Pablo Silva y Carabineros, se reunieron con los vecinos de Miraflores, para comprometer acciones en su beneficio.<\/figcaption><\/figure>\n<p>Una productiva reuni\u00f3n con vecinos de Villa Alto Miraflores, sostuvieron profesionales de la Municipalidad de San Felipe, encabezados por el Director de Desarrollo Comunitario, Pablo Silva, oportunidad en la que se analizaron alternativas para resolver las inquietudes que tienen en materia de recuperaci\u00f3n y seguridad de la plaza del sector.<br \/>\nA la cita tambi\u00e9n asistieron funcionarios de Carabineros, a objeto de conocer las problem\u00e1ticas que plantean los vecinos en materia de orden y seguridad, por lo que a juicio del director de Dideco, el encuentro permiti\u00f3 despejar dudas y avanzar para as\u00ed trabajar de manera coordinada hacia una mejor calidad de vida. Pablo Silva destac\u00f3 que esta reuni\u00f3n surge a prop\u00f3sito de una solicitud que formul\u00f3 el presidente de la Junta de Vecinos Cristian Gallegos, quien se acerc\u00f3 al municipio para pedir una reuni\u00f3n de trabajo y en terreno, recibiendo r\u00e1pida respuesta.<br \/>\n\u201cSe acerc\u00f3 a nosotros porque tienen muchos problemas de iluminaci\u00f3n, de mantenci\u00f3n de \u00e1reas verdes y la mala utilizaci\u00f3n de la plaza de Villa Alto Miraflores, por lo que generamos una reuni\u00f3n de trabajo con Carabineros y profesionales municipales, tanto de gesti\u00f3n territorial, como del \u00e1rea de seguridad p\u00fablica\u201d, se\u00f1al\u00f3 Silva.<br \/>\nA\u00f1adi\u00f3 que \u201chemos acordado l\u00edneas de trabajo de diversa \u00edndole, tanto en la parte de control por parte de Carabineros, como de parte nuestra en la articulaci\u00f3n de acciones para dar vida y recuperar este lugar a trav\u00e9s de la cultura y el deporte, as\u00ed como de proyectos en torno al recambio de luminarias y mejoramiento de la plaza misma\u201d.<br \/>\nEl director de Desarrollo Comunitario asever\u00f3 que a trav\u00e9s del Programa de Gesti\u00f3n Territorial, se ha efectuado un arduo trabajo en estos casi dos a\u00f1os de gesti\u00f3n del Alcalde Patricio Freire, que se ha traducido en acciones concretas como la recuperaci\u00f3n y proyectos aprobados para sedes comunitarias, mejoramiento de \u00e1reas verdes.<br \/>\n\u201cHemos trabajado en distintos lugares, recuperando juntas de vecinos, sedes comunitarias, talleres femeninos, clubes del Adulto Mayor, con gran \u00e9xito, porque tenemos vecinos que se preocupan, que colaboran y se ponen la camiseta para hacer de esta, como dice nuestro Alcalde Patricio Freire, la comuna de todas y de todos\u201d, puntualiz\u00f3 Pablo Silva.<\/p>\n","protected":false},"excerpt":{"rendered":"<p>Una productiva reuni\u00f3n con vecinos de Villa Alto Miraflores, sostuvieron profesionales de la Municipalidad de San Felipe, encabezados por el Director de Desarrollo Comunitario, Pablo Silva, oportunidad en la que se analizaron&#8230;<\/p>\n","protected":false},"author":482,"featured_media":53176,"comment_status":"open","ping_status":"closed","sticky":false,"template":"","format":"standard","meta":{"advanced_seo_description":"","jetpack_seo_html_title":"","jetpack_seo_noindex":false,"_jetpack_memberships_contains_paid_content":false,"footnotes":""},"categories":[15],"tags":[],"class_list":["post-53175","post","type-post","status-publish","format-standard","has-post-thumbnail","hentry","category-comunidad"],"jetpack_featured_media_url":"https:\/\/i0.wp.com\/eltrabajo.cl\/portal\/wp-content\/uploads\/2014\/11\/Reu1.jpg?fit=529%2C346&ssl=1","jetpack_sharing_enabled":true,"jetpack_likes_enabled":true,"jetpack-related-posts":[],"_links":{"self":[{"href":"https:\/\/eltrabajo.cl\/portal\/wp-json\/wp\/v2\/posts\/53175","targetHints":{"allow":["GET"]}}],"collection":[{"href":"https:\/\/eltrabajo.cl\/portal\/wp-json\/wp\/v2\/posts"}],"about":[{"href":"https:\/\/eltrabajo.cl\/portal\/wp-json\/wp\/v2\/types\/post"}],"author":[{"embeddable":true,"href":"https:\/\/eltrabajo.cl\/portal\/wp-json\/wp\/v2\/users\/482"}],"replies":[{"embeddable":true,"href":"https:\/\/eltrabajo.cl\/portal\/wp-json\/wp\/v2\/comments?post=53175"}],"version-history":[{"count":0,"href":"https:\/\/eltrabajo.cl\/portal\/wp-json\/wp\/v2\/posts\/53175\/revisions"}],"wp:featuredmedia":[{"embeddable":true,"href":"https:\/\/eltrabajo.cl\/portal\/wp-json\/wp\/v2\/media\/53176"}],"wp:attachment":[{"href":"https:\/\/eltrabajo.cl\/portal\/wp-json\/wp\/v2\/media?parent=53175"}],"wp:term":[{"taxonomy":"category","embeddable":true,"href":"https:\/\/eltrabajo.cl\/portal\/wp-json\/wp\/v2\/categories?post=53175"},{"taxonomy":"post_tag","embeddable":true,"href":"https:\/\/eltrabajo.cl\/portal\/wp-json\/wp\/v2\/tags?post=53175"}],"curies":[{"name":"wp","href":"https:\/\/api.w.org\/{rel}","templated":true}]}}