{"id":53178,"date":"2014-11-11T09:43:32","date_gmt":"2014-11-11T12:43:32","guid":{"rendered":"http:\/\/www.eltrabajo.cl\/portal\/?p=53178"},"modified":"2014-11-11T09:43:32","modified_gmt":"2014-11-11T12:43:32","slug":"escuela-john-kennedy-cumplio-49-anos-al-servicio-de-la-educacion-municipal","status":"publish","type":"post","link":"https:\/\/eltrabajo.cl\/portal\/escuela-john-kennedy-cumplio-49-anos-al-servicio-de-la-educacion-municipal\/","title":{"rendered":"Escuela John Kennedy cumpli\u00f3 49 a\u00f1os al servicio de la educaci\u00f3n municipal"},"content":{"rendered":"<figure id=\"attachment_53179\" aria-describedby=\"caption-attachment-53179\" style=\"width: 528px\" class=\"wp-caption alignnone\"><a href=\"https:\/\/i0.wp.com\/www.eltrabajo.cl\/portal\/wp-content\/uploads\/2014\/11\/Escuela1.jpg\"><img data-recalc-dims=\"1\" loading=\"lazy\" decoding=\"async\" class=\"size-full wp-image-53179\" src=\"https:\/\/i0.wp.com\/www.eltrabajo.cl\/portal\/wp-content\/uploads\/2014\/11\/Escuela1.jpg?resize=528%2C334\" alt=\"Un a\u00f1o m\u00e1s de existencia celebr\u00f3 uno de los establecimientos m\u00e1s emblem\u00e1ticos de nuestra comuna, la Escuela John Kennedy.\" width=\"528\" height=\"334\" srcset=\"https:\/\/i0.wp.com\/eltrabajo.cl\/portal\/wp-content\/uploads\/2014\/11\/Escuela1.jpg?w=528&amp;ssl=1 528w, https:\/\/i0.wp.com\/eltrabajo.cl\/portal\/wp-content\/uploads\/2014\/11\/Escuela1.jpg?resize=200%2C126&amp;ssl=1 200w, https:\/\/i0.wp.com\/eltrabajo.cl\/portal\/wp-content\/uploads\/2014\/11\/Escuela1.jpg?resize=300%2C189&amp;ssl=1 300w, https:\/\/i0.wp.com\/eltrabajo.cl\/portal\/wp-content\/uploads\/2014\/11\/Escuela1.jpg?resize=150%2C94&amp;ssl=1 150w, https:\/\/i0.wp.com\/eltrabajo.cl\/portal\/wp-content\/uploads\/2014\/11\/Escuela1.jpg?resize=400%2C253&amp;ssl=1 400w\" sizes=\"auto, (max-width: 528px) 100vw, 528px\" \/><\/a><figcaption id=\"caption-attachment-53179\" class=\"wp-caption-text\">Un a\u00f1o m\u00e1s de existencia celebr\u00f3 uno de los establecimientos m\u00e1s emblem\u00e1ticos de nuestra comuna, la Escuela John Kennedy.<\/figcaption><\/figure>\n<p>Al hablar de este establecimiento educacional, inevitablemente se retrocede en el tiempo, al recordar la destacada y querida imagen del ex alcalde Juan Fuentes Gallardo, quien en el a\u00f1o 1966, vio la creciente necesidad de una demandante y floreciente comuna de San Felipe, en una tambi\u00e9n naciente poblaci\u00f3n Pedro Aguirre Cerda, lugar que concentraba a una gran cantidad de familias, quienes comenzaban a construir sus sue\u00f1os e ilusiones, junto a sus hijos, y para eso, se necesitaba cubrir las necesidades educacionales.<br \/>\nA paso firme, el establecimiento se fue adecuando a la alta demanda por el conocimiento de las familias, no s\u00f3lo de nuestra comuna, porque la calidad de su ense\u00f1anza le permiti\u00f3 consagrarse como una de las m\u00e1s importantes de la provincia, entregando educaci\u00f3n a tantas generaciones de Aconcag\u00fcinos, quienes agradecidos, hoy se suman a esta importante celebraci\u00f3n.<br \/>\nDe pre k\u00ednder a octavo b\u00e1sico, sus cerca de 250 alumnos, reciben el cari\u00f1o y dedicaci\u00f3n de un grupo de profesores, liderados por la docente Silvia Olgu\u00edn, quien a trav\u00e9s de una destacada gesti\u00f3n, ha dejado un sello importante, en la manera de entregar principios y valores, mismo que ha llevado al establecimiento a la consolidaci\u00f3n en materia educacional.<br \/>\nUbicado en la calle que lleva el nombre de la poetisa aconcag\u00fcina Alejandrina Carvajal Aspee, recibe cari\u00f1osamente a las incesantes generaciones de estudiantes, quienes por generaciones han encontrado en sus aulas las respuestas a sus constantes inquietudes. Hoy, la modernidad exige cambios a medida que avanzan los a\u00f1os, y as\u00ed lo ha hecho el establecimiento, que cuenta con laboratorios de computaci\u00f3n con tecnolog\u00eda de punta, con profesores preparados para entregar una respuesta r\u00e1pida y eficiente, con atenci\u00f3n personalizada y apropiada para tales requerimientos.<br \/>\nIv\u00e1n Silva Padilla, Director de Educaci\u00f3n Municipal, se refiri\u00f3 a esta importante celebraci\u00f3n, se\u00f1alando que \u201cen esta nueva administraci\u00f3n del Alcalde Patricio Freire, es una constante preocupaci\u00f3n, la mejora y el bienestar de nuestros establecimientos, de su personal y alumnos, manteniendo una relaci\u00f3n arm\u00f3nica y cordial, base fundamental de una sociedad amable y respetuosa, esa que tenemos la obligaci\u00f3n de mantener, con ni\u00f1os y ni\u00f1as preparados, conscientes de sus valores e historia, vibrantes, inquietos, dignos miembros de nuestra comuna, integrantes de familias esforzadas que anhelan un futuro feliz y exitoso, para estas alegres generaciones\u201d concluyo Silva.<br \/>\nPor su parte, Silvia Olgu\u00edn, directora del establecimiento, destac\u00f3 la participaci\u00f3n y compromiso de toda la comunidad en la obtenci\u00f3n de buenos resultados, manifestando que \u201csin ese importante factor que se llama compromiso, cualquier trabajo puede ser en vano, el que nuestros padres y apoderados est\u00e9n siempre interesados en saber lo que pasa con sus hijos, m\u00e1s el trabajo compartido en las responsabilidades con nosotros como establecimiento, nos garantiza que la probabilidad de \u00e9xito ser\u00e1 mayor, as\u00ed que estamos muy conformes con los resultados, pero a\u00fan falta mucho, y para eso estamos trabajando\u201d.<\/p>\n","protected":false},"excerpt":{"rendered":"<p>Al hablar de este establecimiento educacional, inevitablemente se retrocede en el tiempo, al recordar la destacada y querida imagen del ex alcalde Juan Fuentes Gallardo, quien en el a\u00f1o 1966, vio la&#8230;<\/p>\n","protected":false},"author":482,"featured_media":53179,"comment_status":"open","ping_status":"closed","sticky":false,"template":"","format":"standard","meta":{"advanced_seo_description":"","jetpack_seo_html_title":"","jetpack_seo_noindex":false,"_jetpack_memberships_contains_paid_content":false,"footnotes":""},"categories":[15],"tags":[],"class_list":["post-53178","post","type-post","status-publish","format-standard","has-post-thumbnail","hentry","category-comunidad"],"jetpack_featured_media_url":"https:\/\/i0.wp.com\/eltrabajo.cl\/portal\/wp-content\/uploads\/2014\/11\/Escuela1.jpg?fit=528%2C334&ssl=1","jetpack_sharing_enabled":true,"jetpack_likes_enabled":true,"jetpack-related-posts":[],"_links":{"self":[{"href":"https:\/\/eltrabajo.cl\/portal\/wp-json\/wp\/v2\/posts\/53178","targetHints":{"allow":["GET"]}}],"collection":[{"href":"https:\/\/eltrabajo.cl\/portal\/wp-json\/wp\/v2\/posts"}],"about":[{"href":"https:\/\/eltrabajo.cl\/portal\/wp-json\/wp\/v2\/types\/post"}],"author":[{"embeddable":true,"href":"https:\/\/eltrabajo.cl\/portal\/wp-json\/wp\/v2\/users\/482"}],"replies":[{"embeddable":true,"href":"https:\/\/eltrabajo.cl\/portal\/wp-json\/wp\/v2\/comments?post=53178"}],"version-history":[{"count":0,"href":"https:\/\/eltrabajo.cl\/portal\/wp-json\/wp\/v2\/posts\/53178\/revisions"}],"wp:featuredmedia":[{"embeddable":true,"href":"https:\/\/eltrabajo.cl\/portal\/wp-json\/wp\/v2\/media\/53179"}],"wp:attachment":[{"href":"https:\/\/eltrabajo.cl\/portal\/wp-json\/wp\/v2\/media?parent=53178"}],"wp:term":[{"taxonomy":"category","embeddable":true,"href":"https:\/\/eltrabajo.cl\/portal\/wp-json\/wp\/v2\/categories?post=53178"},{"taxonomy":"post_tag","embeddable":true,"href":"https:\/\/eltrabajo.cl\/portal\/wp-json\/wp\/v2\/tags?post=53178"}],"curies":[{"name":"wp","href":"https:\/\/api.w.org\/{rel}","templated":true}]}}