{"id":53181,"date":"2014-11-11T09:48:48","date_gmt":"2014-11-11T12:48:48","guid":{"rendered":"http:\/\/www.eltrabajo.cl\/portal\/?p=53181"},"modified":"2014-11-11T09:48:48","modified_gmt":"2014-11-11T12:48:48","slug":"cuatro-forados-abrieron-delincuentes-que-ingresaron-a-carnes-kar","status":"publish","type":"post","link":"https:\/\/eltrabajo.cl\/portal\/cuatro-forados-abrieron-delincuentes-que-ingresaron-a-carnes-kar\/","title":{"rendered":"Cuatro forados abrieron delincuentes que ingresaron a Carnes Kar"},"content":{"rendered":"<figure id=\"attachment_53182\" aria-describedby=\"caption-attachment-53182\" style=\"width: 300px\" class=\"wp-caption alignleft\"><a href=\"https:\/\/i0.wp.com\/www.eltrabajo.cl\/portal\/wp-content\/uploads\/2014\/11\/Kar1.jpg\"><img data-recalc-dims=\"1\" loading=\"lazy\" decoding=\"async\" class=\"wp-image-53182 size-medium\" src=\"https:\/\/i0.wp.com\/www.eltrabajo.cl\/portal\/wp-content\/uploads\/2014\/11\/Kar1-300x280.jpg?resize=300%2C280\" alt=\"Cuatro fueron finalmente los forados que abrieron en el techo los delincuentes que la madrugada de este lunes, ingresaron a robar al local de Carnes Kar ubicado en Calle Tres Carrera.\" width=\"300\" height=\"280\" srcset=\"https:\/\/i0.wp.com\/eltrabajo.cl\/portal\/wp-content\/uploads\/2014\/11\/Kar1.jpg?resize=300%2C280&amp;ssl=1 300w, https:\/\/i0.wp.com\/eltrabajo.cl\/portal\/wp-content\/uploads\/2014\/11\/Kar1.jpg?resize=160%2C150&amp;ssl=1 160w, https:\/\/i0.wp.com\/eltrabajo.cl\/portal\/wp-content\/uploads\/2014\/11\/Kar1.jpg?resize=150%2C140&amp;ssl=1 150w, https:\/\/i0.wp.com\/eltrabajo.cl\/portal\/wp-content\/uploads\/2014\/11\/Kar1.jpg?resize=400%2C374&amp;ssl=1 400w, https:\/\/i0.wp.com\/eltrabajo.cl\/portal\/wp-content\/uploads\/2014\/11\/Kar1.jpg?w=529&amp;ssl=1 529w\" sizes=\"auto, (max-width: 300px) 100vw, 300px\" \/><\/a><figcaption id=\"caption-attachment-53182\" class=\"wp-caption-text\">Cuatro fueron finalmente los forados que abrieron en el techo los delincuentes que la madrugada de este lunes, ingresaron a robar al local de Carnes Kar ubicado en Calle Tres Carrera.<\/figcaption><\/figure>\n<p><strong>LOS ANDES<\/strong>.- Cuatro fueron finalmente los forados que abrieron en el techo los delincuentes que la madrugada de este lunes, ingresaron a robar al local de Carnes Kar ubicado en Calle Tres Carrera.<\/p>\n<p>As\u00ed lo confirm\u00f3 el Inspector de la Brigada de Robos de la PDI, Jorge Romero Lepe, quien manifest\u00f3 que a\u00fan no est\u00e1 del todo claro el monto del dinero sustra\u00eddo, toda vez que los delincuentes fracturaron por un costado la caja fuerte, logrando hacer un peque\u00f1o forado por donde apenas cabe una mano delgada y desde all\u00ed sustrajeron documentos bancarios y eventualmente dinero.<br \/>\n\u201cEllos tienen una llave de la caja fuerte en el local comercial que es usada por el personal y la otra llave la tiene la empresa de valores que en este caso es Prosegur, por lo que necesariamente para poder abrir la caja fuerte tienen que insertarse las dos llaves al mismo tiempo\u201d, detall\u00f3 el inspector Romero.<\/p>\n<figure id=\"attachment_53183\" aria-describedby=\"caption-attachment-53183\" style=\"width: 400px\" class=\"wp-caption alignright\"><a href=\"https:\/\/i0.wp.com\/www.eltrabajo.cl\/portal\/wp-content\/uploads\/2014\/11\/Kar2.jpg\"><img data-recalc-dims=\"1\" loading=\"lazy\" decoding=\"async\" class=\"wp-image-53183\" src=\"https:\/\/i0.wp.com\/www.eltrabajo.cl\/portal\/wp-content\/uploads\/2014\/11\/Kar2.jpg?resize=400%2C271\" alt=\"El local no contaba con c\u00e1maras de seguridad, pero si con sensores de movimiento.\" width=\"400\" height=\"271\" srcset=\"https:\/\/i0.wp.com\/eltrabajo.cl\/portal\/wp-content\/uploads\/2014\/11\/Kar2.jpg?w=529&amp;ssl=1 529w, https:\/\/i0.wp.com\/eltrabajo.cl\/portal\/wp-content\/uploads\/2014\/11\/Kar2.jpg?resize=200%2C135&amp;ssl=1 200w, https:\/\/i0.wp.com\/eltrabajo.cl\/portal\/wp-content\/uploads\/2014\/11\/Kar2.jpg?resize=300%2C203&amp;ssl=1 300w, https:\/\/i0.wp.com\/eltrabajo.cl\/portal\/wp-content\/uploads\/2014\/11\/Kar2.jpg?resize=150%2C101&amp;ssl=1 150w, https:\/\/i0.wp.com\/eltrabajo.cl\/portal\/wp-content\/uploads\/2014\/11\/Kar2.jpg?resize=400%2C270&amp;ssl=1 400w\" sizes=\"auto, (max-width: 400px) 100vw, 400px\" \/><\/a><figcaption id=\"caption-attachment-53183\" class=\"wp-caption-text\">El local no contaba con c\u00e1maras de seguridad, pero si con sensores de movimiento.<\/figcaption><\/figure>\n<p>El oficial dijo que el local no contaba con c\u00e1maras de seguridad, pero si con sensores de movimiento, \u201cpor lo que los delincuentes para poder ingresar local, primero que todo rompen este sistema de seguridad cortando los cables e inhabilitando las alarmas, toda vez que por lo dicho por el administrador los sensores quedaron activados cuando el local cerr\u00f3 el d\u00eda domingo en la tarde\u201d.<br \/>\nEl inspector sostuvo que se est\u00e1 trabajando en el posible levantamiento de algunas huellas, \u201cpero hay que analizarlas y ver si existe la factibilidad de ser cotejadas posteriormente\u201d.<br \/>\nComent\u00f3 que lo ideal es que es tipo de locales comerciales puedan contar con c\u00e1maras de seguridad, ya que ello ayuda a poder identificar a los ladrones en caso de la ocurrencia de un robo y el modus operandi utilizado.<\/p>\n","protected":false},"excerpt":{"rendered":"<p>LOS ANDES.- Cuatro fueron finalmente los forados que abrieron en el techo los delincuentes que la madrugada de este lunes, ingresaron a robar al local de Carnes Kar ubicado en Calle Tres&#8230;<\/p>\n","protected":false},"author":482,"featured_media":53182,"comment_status":"open","ping_status":"closed","sticky":false,"template":"","format":"standard","meta":{"advanced_seo_description":"","jetpack_seo_html_title":"","jetpack_seo_noindex":false,"_jetpack_memberships_contains_paid_content":false,"footnotes":""},"categories":[21],"tags":[],"class_list":["post-53181","post","type-post","status-publish","format-standard","has-post-thumbnail","hentry","category-policial"],"jetpack_featured_media_url":"https:\/\/i0.wp.com\/eltrabajo.cl\/portal\/wp-content\/uploads\/2014\/11\/Kar1.jpg?fit=529%2C495&ssl=1","jetpack_sharing_enabled":true,"jetpack_likes_enabled":true,"jetpack-related-posts":[],"_links":{"self":[{"href":"https:\/\/eltrabajo.cl\/portal\/wp-json\/wp\/v2\/posts\/53181","targetHints":{"allow":["GET"]}}],"collection":[{"href":"https:\/\/eltrabajo.cl\/portal\/wp-json\/wp\/v2\/posts"}],"about":[{"href":"https:\/\/eltrabajo.cl\/portal\/wp-json\/wp\/v2\/types\/post"}],"author":[{"embeddable":true,"href":"https:\/\/eltrabajo.cl\/portal\/wp-json\/wp\/v2\/users\/482"}],"replies":[{"embeddable":true,"href":"https:\/\/eltrabajo.cl\/portal\/wp-json\/wp\/v2\/comments?post=53181"}],"version-history":[{"count":0,"href":"https:\/\/eltrabajo.cl\/portal\/wp-json\/wp\/v2\/posts\/53181\/revisions"}],"wp:featuredmedia":[{"embeddable":true,"href":"https:\/\/eltrabajo.cl\/portal\/wp-json\/wp\/v2\/media\/53182"}],"wp:attachment":[{"href":"https:\/\/eltrabajo.cl\/portal\/wp-json\/wp\/v2\/media?parent=53181"}],"wp:term":[{"taxonomy":"category","embeddable":true,"href":"https:\/\/eltrabajo.cl\/portal\/wp-json\/wp\/v2\/categories?post=53181"},{"taxonomy":"post_tag","embeddable":true,"href":"https:\/\/eltrabajo.cl\/portal\/wp-json\/wp\/v2\/tags?post=53181"}],"curies":[{"name":"wp","href":"https:\/\/api.w.org\/{rel}","templated":true}]}}