{"id":53192,"date":"2014-11-11T10:00:59","date_gmt":"2014-11-11T13:00:59","guid":{"rendered":"http:\/\/www.eltrabajo.cl\/portal\/?p=53192"},"modified":"2014-11-11T10:00:59","modified_gmt":"2014-11-11T13:00:59","slug":"comerciantes-deciden-enfrentar-a-las-autoridades-por-ola-de-robos","status":"publish","type":"post","link":"https:\/\/eltrabajo.cl\/portal\/comerciantes-deciden-enfrentar-a-las-autoridades-por-ola-de-robos\/","title":{"rendered":"Comerciantes deciden enfrentar a las autoridades por ola de robos"},"content":{"rendered":"<figure id=\"attachment_53193\" aria-describedby=\"caption-attachment-53193\" style=\"width: 226px\" class=\"wp-caption alignleft\"><a href=\"https:\/\/i0.wp.com\/www.eltrabajo.cl\/portal\/wp-content\/uploads\/2014\/11\/rosa-collao1.jpg\"><img data-recalc-dims=\"1\" loading=\"lazy\" decoding=\"async\" class=\"wp-image-53193 size-medium\" src=\"https:\/\/i0.wp.com\/www.eltrabajo.cl\/portal\/wp-content\/uploads\/2014\/11\/rosa-collao1-226x300.jpg?resize=226%2C300\" alt=\"La propietaria del local Danivi\u00b4s, Rosa Collao, tras ser nuevamente v\u00edctima de dos robos durante el fin de semana pasado encabez\u00f3 la recolecci\u00f3n de firmas en protesta contra las autoridades para exigir en concreto medidas de seguridad para los locatarios del centro de la comuna de San Felipe.\" width=\"226\" height=\"300\" srcset=\"https:\/\/i0.wp.com\/eltrabajo.cl\/portal\/wp-content\/uploads\/2014\/11\/rosa-collao1.jpg?resize=226%2C300&amp;ssl=1 226w, https:\/\/i0.wp.com\/eltrabajo.cl\/portal\/wp-content\/uploads\/2014\/11\/rosa-collao1.jpg?resize=113%2C150&amp;ssl=1 113w, https:\/\/i0.wp.com\/eltrabajo.cl\/portal\/wp-content\/uploads\/2014\/11\/rosa-collao1.jpg?resize=400%2C530&amp;ssl=1 400w, https:\/\/i0.wp.com\/eltrabajo.cl\/portal\/wp-content\/uploads\/2014\/11\/rosa-collao1.jpg?w=529&amp;ssl=1 529w\" sizes=\"auto, (max-width: 226px) 100vw, 226px\" \/><\/a><figcaption id=\"caption-attachment-53193\" class=\"wp-caption-text\">La propietaria del local Danivi\u00b4s, Rosa Collao, tras ser nuevamente v\u00edctima de dos robos durante el fin de semana pasado encabez\u00f3 la recolecci\u00f3n de firmas en protesta contra las autoridades para exigir en concreto medidas de seguridad para los locatarios del centro de la comuna de San Felipe.<\/figcaption><\/figure>\n<p>Definitivamente la delincuencia ya no da tregua ni descanso a los comerciantes de calles Salinas y Santo Domingo en San Felipe. Esto queda en evidencia luego que la ma\u00f1ana de ayer lunes quedara al descubierto un nuevo delito de robo, siendo la m\u00e1s afectada Tienda Danivi\u00b4s, en donde los antisociales ingresaron mediante el conocido m\u00e9todo del forado durante la madrugada de s\u00e1bado y el lunes reci\u00e9n pasado, para apoderarse de m\u00e1s de $1.200.000 en ropa y accesorios femeninos.<br \/>\nSeg\u00fan se pudo conocer, los antisociales adem\u00e1s ingresaron a robar especies nuevamente hasta Librer\u00eda Comercial e intentaron llegar hasta Helader\u00eda Olgu\u00edn de calle Salinas, utilizando la misma t\u00e9cnica de acceso de otros casos, a trav\u00e9s de la techumbre y realizando forados para irrumpir hacia los locales afectados, cuyas medidas de seguridad han sido absolutamente sobrepasadas y hoy exigen soluciones de las polic\u00edas y las autoridades pertinentes.<\/p>\n<p><strong>FIRMAN CARTA<\/strong><br \/>\nEn ese sentido los comerciantes realizaron una recolecci\u00f3n de firmas para ser enviadas directamente al alcalde de la comuna de San Felipe, Patricio Freire, adem\u00e1s de la gobernaci\u00f3n provincial, Carabineros y Polic\u00eda de Investigaciones, en protesta y para exigir respuestas concretas en lo que se refiere a las medidas de seguridad para el centro de la comuna, donde los delincuentes contin\u00faan haciendo de las suyas sin poner un atajo que en definitiva frene esta tormentosa ola de robos.<br \/>\nDurante la tarde de ayer lunes, la propietaria del local Danivi\u00b4s recientemente afectada en Santo Domingo 220, comenz\u00f3 una recolecci\u00f3n de firmas entre los locatarios de la manzana comprendida entre Salinas, Prat, Traslavi\u00f1a y Santo Domingo, que han sido v\u00edctimas de robos por la techumbre de sus locales, acusando directamente a los estacionamientos de veh\u00edculos en esa misma arteria en Santo Domingo, donde los comerciantes sostienen que se encontraron varias escaleras utilizadas por los antisociales para cometer los delitos.<br \/>\n\u201cEfectivamente me volvieron a robar de viernes para s\u00e1bado y de domingo para lunes, o sea dos d\u00edas en un mismo fin de semana, entonces nosotros ten\u00edamos una reuni\u00f3n no pactada con el alcalde, para poner un poco de presi\u00f3n con los locatarios de San Felipe, porque nos sentimos desprotegidos. Hablamos con el Alcalde Patricio Freire y con varios locatarios m\u00e1s, porque la impotencia que siento es de llorar, a m\u00ed me robaron todo de la vitrina, todo lo nuevo que tra\u00eda para fin de a\u00f1o, rompieron la estructura del local que no es m\u00edo, yo no puedo seguir atendiendo as\u00ed. Este local yo lo arrend\u00e9, pero no est\u00e1 con ninguna seguridad; tenemos un sitio eriazo atr\u00e1s que hace que los ladrones hagan y deshagan en todo nuestro sector de Salinas, Santo Domingo, Prat y Traslavi\u00f1a, que han sido los locales m\u00e1s robados y si ustedes ven, hay un estacionamiento que est\u00e1 s\u00f3lo, y encontramos seis escaleras que dan hacia nuestros techos\u201d, relat\u00f3 a Diario El Trabajo la comerciante Rosa Collao.<br \/>\nEl Alcalde Patricio Freire junto al Comisario de Carabineros, Mayor V\u00edctor Del Valle, se trasladaron hasta el sector para conocer en terreno sobre los tan cuestionados estacionamientos por parte de los comerciantes, para que en definitiva se puedan concretar resultados en materia de seguridad para estos locatarios como para la misma ciudadan\u00eda.<br \/>\nPor su parte Rosa Collao, visiblemente afectada, ha decidido incluso emigrar de la comuna de San Felipe tras estos lamentables sucesos que la afectan como empresaria del rubro de vestuario: \u201cEstos tipos tienen todas las facilidades para entrar gratis y tranquilamente en la noche. Nadie los escucha, lo hacen sabiendo que no hay nadie en el estacionamiento, que no hay c\u00e1maras. No podemos seguir trabajando para ellos\u201d, subray\u00f3.<br \/>\nLa afectada concluy\u00f3 argumentando que encabeza la recolecci\u00f3n de firmas para agruparse como v\u00edctimas de incesantes robos llegando incluso a conversar directamente con el Comisario de Carabineros de San Felipe, Mayor V\u00edctor Del Valle para tomar acciones sobre esta problem\u00e1tica.<br \/>\n\u201cLe hice saber al Mayor de Carabineros y a todos los entes que podemos recurrir ac\u00e1, no se ha hecho todo lo posible porque siguen robando, deber\u00edan poner c\u00e1maras desde el Liceo de Hombres hacia las techumbres, quiero saber si las c\u00e1maras instaladas en las calles del centro \u00bfest\u00e1n funcionando?, nosotros queremos seguridad\u201d.<br \/>\nPablo Salinas Sald\u00edas<\/p>\n<div class=\"tiled-gallery type-rectangular tiled-gallery-unresized\" data-original-width=\"640\" data-carousel-extra='null' itemscope itemtype=\"http:\/\/schema.org\/ImageGallery\" > <div class=\"gallery-row\" style=\"width: 640px; height: 325px;\" data-original-width=\"640\" data-original-height=\"325\" > <div class=\"gallery-group images-1\" style=\"width: 427px; height: 325px;\" data-original-width=\"427\" data-original-height=\"325\" > <div class=\"tiled-gallery-item tiled-gallery-item-large\" itemprop=\"associatedMedia\" itemscope itemtype=\"http:\/\/schema.org\/ImageObject\"> <a href=\"https:\/\/eltrabajo.cl\/portal\/comerciantes-deciden-enfrentar-a-las-autoridades-por-ola-de-robos\/frontis-danivis\/\" border=\"0\" itemprop=\"url\"> <meta itemprop=\"width\" content=\"423\"> <meta itemprop=\"height\" content=\"321\"> <img decoding=\"async\" class=\"\" data-attachment-id=\"53196\" data-orig-file=\"https:\/\/eltrabajo.cl\/portal\/wp-content\/uploads\/2014\/11\/frontis-danivis.jpg\" data-orig-size=\"528,401\" data-comments-opened=\"1\" data-image-meta=\"{&quot;aperture&quot;:&quot;0&quot;,&quot;credit&quot;:&quot;Picasa&quot;,&quot;camera&quot;:&quot;&quot;,&quot;caption&quot;:&quot;&quot;,&quot;created_timestamp&quot;:&quot;0&quot;,&quot;copyright&quot;:&quot;&quot;,&quot;focal_length&quot;:&quot;0&quot;,&quot;iso&quot;:&quot;0&quot;,&quot;shutter_speed&quot;:&quot;0&quot;,&quot;title&quot;:&quot;&quot;,&quot;orientation&quot;:&quot;0&quot;}\" data-image-title=\"frontis danivis\" data-image-description=\"&lt;p&gt;El local Danivi\u00b4s fue nuevamente afectado por la delincuencia.&lt;\/p&gt; \" data-medium-file=\"https:\/\/i0.wp.com\/eltrabajo.cl\/portal\/wp-content\/uploads\/2014\/11\/frontis-danivis.jpg?fit=300%2C227&#038;ssl=1\" data-large-file=\"https:\/\/i0.wp.com\/eltrabajo.cl\/portal\/wp-content\/uploads\/2014\/11\/frontis-danivis.jpg?fit=528%2C401&#038;ssl=1\" src=\"https:\/\/i0.wp.com\/eltrabajo.cl\/portal\/wp-content\/uploads\/2014\/11\/frontis-danivis.jpg?w=423&#038;h=321&#038;ssl=1\" srcset=\"https:\/\/i0.wp.com\/eltrabajo.cl\/portal\/wp-content\/uploads\/2014\/11\/frontis-danivis.jpg?w=528&amp;ssl=1 528w, https:\/\/i0.wp.com\/eltrabajo.cl\/portal\/wp-content\/uploads\/2014\/11\/frontis-danivis.jpg?resize=197%2C150&amp;ssl=1 197w, https:\/\/i0.wp.com\/eltrabajo.cl\/portal\/wp-content\/uploads\/2014\/11\/frontis-danivis.jpg?resize=300%2C227&amp;ssl=1 300w, https:\/\/i0.wp.com\/eltrabajo.cl\/portal\/wp-content\/uploads\/2014\/11\/frontis-danivis.jpg?resize=150%2C113&amp;ssl=1 150w, https:\/\/i0.wp.com\/eltrabajo.cl\/portal\/wp-content\/uploads\/2014\/11\/frontis-danivis.jpg?resize=400%2C303&amp;ssl=1 400w\" width=\"423\" height=\"321\" loading=\"lazy\" data-original-width=\"423\" data-original-height=\"321\" itemprop=\"http:\/\/schema.org\/image\" title=\"frontis danivis\" alt=\"El local Danivi\u00b4s fue nuevamente afectado por la delincuencia.\" style=\"width: 423px; height: 321px;\" \/> <\/a> <div class=\"tiled-gallery-caption\" itemprop=\"caption description\"> El local Danivi\u00b4s fue nuevamente afectado por la delincuencia. <\/div> <\/div> <\/div> <!-- close group --> <div class=\"gallery-group images-2\" style=\"width: 213px; height: 325px;\" data-original-width=\"213\" data-original-height=\"325\" > <div class=\"tiled-gallery-item tiled-gallery-item-small\" itemprop=\"associatedMedia\" itemscope itemtype=\"http:\/\/schema.org\/ImageObject\"> <a href=\"https:\/\/eltrabajo.cl\/portal\/comerciantes-deciden-enfrentar-a-las-autoridades-por-ola-de-robos\/forado-4\/\" border=\"0\" itemprop=\"url\"> <meta itemprop=\"width\" content=\"209\"> <meta itemprop=\"height\" content=\"159\"> <img decoding=\"async\" class=\"\" data-attachment-id=\"53195\" data-orig-file=\"https:\/\/eltrabajo.cl\/portal\/wp-content\/uploads\/2014\/11\/forado.jpg\" data-orig-size=\"529,401\" data-comments-opened=\"1\" data-image-meta=\"{&quot;aperture&quot;:&quot;0&quot;,&quot;credit&quot;:&quot;Picasa&quot;,&quot;camera&quot;:&quot;&quot;,&quot;caption&quot;:&quot;&quot;,&quot;created_timestamp&quot;:&quot;0&quot;,&quot;copyright&quot;:&quot;&quot;,&quot;focal_length&quot;:&quot;0&quot;,&quot;iso&quot;:&quot;0&quot;,&quot;shutter_speed&quot;:&quot;0&quot;,&quot;title&quot;:&quot;&quot;,&quot;orientation&quot;:&quot;0&quot;}\" data-image-title=\"forado\" data-image-description=\"&lt;p&gt;Por este forado los delincuentes ingresaron al interior de Tienda Danivi\u00b4s ubicado en Calle Santo Domingo 220 en San Felipe en dos noches consecutivas, para apoderarse de $1.200.000 en vestuario y accesorios femeninos.&lt;\/p&gt; \" data-medium-file=\"https:\/\/i0.wp.com\/eltrabajo.cl\/portal\/wp-content\/uploads\/2014\/11\/forado.jpg?fit=300%2C227&#038;ssl=1\" data-large-file=\"https:\/\/i0.wp.com\/eltrabajo.cl\/portal\/wp-content\/uploads\/2014\/11\/forado.jpg?fit=529%2C401&#038;ssl=1\" src=\"https:\/\/i0.wp.com\/eltrabajo.cl\/portal\/wp-content\/uploads\/2014\/11\/forado.jpg?w=209&#038;h=159&#038;ssl=1\" srcset=\"https:\/\/i0.wp.com\/eltrabajo.cl\/portal\/wp-content\/uploads\/2014\/11\/forado.jpg?w=529&amp;ssl=1 529w, https:\/\/i0.wp.com\/eltrabajo.cl\/portal\/wp-content\/uploads\/2014\/11\/forado.jpg?resize=197%2C150&amp;ssl=1 197w, https:\/\/i0.wp.com\/eltrabajo.cl\/portal\/wp-content\/uploads\/2014\/11\/forado.jpg?resize=300%2C227&amp;ssl=1 300w, https:\/\/i0.wp.com\/eltrabajo.cl\/portal\/wp-content\/uploads\/2014\/11\/forado.jpg?resize=150%2C113&amp;ssl=1 150w, https:\/\/i0.wp.com\/eltrabajo.cl\/portal\/wp-content\/uploads\/2014\/11\/forado.jpg?resize=400%2C303&amp;ssl=1 400w\" width=\"209\" height=\"159\" loading=\"lazy\" data-original-width=\"209\" data-original-height=\"159\" itemprop=\"http:\/\/schema.org\/image\" title=\"forado\" alt=\"Por este forado los delincuentes ingresaron al interior de Tienda Danivi\u00b4s ubicado en Calle Santo Domingo 220 en San Felipe en dos noches consecutivas, para apoderarse de $1.200.000 en vestuario y accesorios femeninos.\" style=\"width: 209px; height: 159px;\" \/> <\/a> <div class=\"tiled-gallery-caption\" itemprop=\"caption description\"> Por este forado los delincuentes ingresaron al interior de Tienda Danivi\u00b4s ubicado en Calle Santo Domingo 220 en San Felipe en dos noches consecutivas, para apoderarse de $1.200.000 en vestuario y accesorios femeninos. <\/div> <\/div> <div class=\"tiled-gallery-item tiled-gallery-item-small\" itemprop=\"associatedMedia\" itemscope itemtype=\"http:\/\/schema.org\/ImageObject\"> <a href=\"https:\/\/eltrabajo.cl\/portal\/comerciantes-deciden-enfrentar-a-las-autoridades-por-ola-de-robos\/estacionamientos\/\" border=\"0\" itemprop=\"url\"> <meta itemprop=\"width\" content=\"209\"> <meta itemprop=\"height\" content=\"158\"> <img decoding=\"async\" class=\"\" data-attachment-id=\"53194\" data-orig-file=\"https:\/\/eltrabajo.cl\/portal\/wp-content\/uploads\/2014\/11\/estacionamientos.jpg\" data-orig-size=\"529,401\" data-comments-opened=\"1\" data-image-meta=\"{&quot;aperture&quot;:&quot;0&quot;,&quot;credit&quot;:&quot;Picasa&quot;,&quot;camera&quot;:&quot;&quot;,&quot;caption&quot;:&quot;&quot;,&quot;created_timestamp&quot;:&quot;0&quot;,&quot;copyright&quot;:&quot;&quot;,&quot;focal_length&quot;:&quot;0&quot;,&quot;iso&quot;:&quot;0&quot;,&quot;shutter_speed&quot;:&quot;0&quot;,&quot;title&quot;:&quot;&quot;,&quot;orientation&quot;:&quot;0&quot;}\" data-image-title=\"estacionamientos\" data-image-description=\"&lt;p&gt;El Alcalde de San Felipe, Patricio Freire y el Comisario de Carabineros, Mayor V\u00edctor Del Valle visitaron el cuestionado estacionamiento ubicado en calle Santo Domingo donde aparentemente los antisociales ingresan f\u00e1cilmente escalando hacia las techumbres de los locales afectados.&lt;\/p&gt; \" data-medium-file=\"https:\/\/i0.wp.com\/eltrabajo.cl\/portal\/wp-content\/uploads\/2014\/11\/estacionamientos.jpg?fit=300%2C227&#038;ssl=1\" data-large-file=\"https:\/\/i0.wp.com\/eltrabajo.cl\/portal\/wp-content\/uploads\/2014\/11\/estacionamientos.jpg?fit=529%2C401&#038;ssl=1\" src=\"https:\/\/i0.wp.com\/eltrabajo.cl\/portal\/wp-content\/uploads\/2014\/11\/estacionamientos.jpg?w=209&#038;h=158&#038;ssl=1\" srcset=\"https:\/\/i0.wp.com\/eltrabajo.cl\/portal\/wp-content\/uploads\/2014\/11\/estacionamientos.jpg?w=529&amp;ssl=1 529w, https:\/\/i0.wp.com\/eltrabajo.cl\/portal\/wp-content\/uploads\/2014\/11\/estacionamientos.jpg?resize=197%2C150&amp;ssl=1 197w, https:\/\/i0.wp.com\/eltrabajo.cl\/portal\/wp-content\/uploads\/2014\/11\/estacionamientos.jpg?resize=300%2C227&amp;ssl=1 300w, https:\/\/i0.wp.com\/eltrabajo.cl\/portal\/wp-content\/uploads\/2014\/11\/estacionamientos.jpg?resize=150%2C113&amp;ssl=1 150w, https:\/\/i0.wp.com\/eltrabajo.cl\/portal\/wp-content\/uploads\/2014\/11\/estacionamientos.jpg?resize=400%2C303&amp;ssl=1 400w\" width=\"209\" height=\"158\" loading=\"lazy\" data-original-width=\"209\" data-original-height=\"158\" itemprop=\"http:\/\/schema.org\/image\" title=\"estacionamientos\" alt=\"El Alcalde de San Felipe, Patricio Freire y el Comisario de Carabineros, Mayor V\u00edctor Del Valle visitaron el cuestionado estacionamiento ubicado en calle Santo Domingo donde aparentemente los antisociales ingresan f\u00e1cilmente escalando hacia las techumbres de los locales afectados.\" style=\"width: 209px; height: 158px;\" \/> <\/a> <div class=\"tiled-gallery-caption\" itemprop=\"caption description\"> El Alcalde de San Felipe, Patricio Freire y el Comisario de Carabineros, Mayor V\u00edctor Del Valle visitaron el cuestionado estacionamiento ubicado en calle Santo Domingo donde aparentemente los antisociales ingresan f\u00e1cilmente escalando hacia las techumbres de los locales afectados. <\/div> <\/div> <\/div> <!-- close group --> <\/div> <!-- close row --> <\/div>\n","protected":false},"excerpt":{"rendered":"<p>Definitivamente la delincuencia ya no da tregua ni descanso a los comerciantes de calles Salinas y Santo Domingo en San Felipe. Esto queda en evidencia luego que la ma\u00f1ana de ayer lunes&#8230;<\/p>\n","protected":false},"author":482,"featured_media":53193,"comment_status":"open","ping_status":"closed","sticky":false,"template":"","format":"standard","meta":{"advanced_seo_description":"","jetpack_seo_html_title":"","jetpack_seo_noindex":false,"_jetpack_memberships_contains_paid_content":false,"footnotes":""},"categories":[21],"tags":[],"class_list":["post-53192","post","type-post","status-publish","format-standard","has-post-thumbnail","hentry","category-policial"],"jetpack_featured_media_url":"https:\/\/i0.wp.com\/eltrabajo.cl\/portal\/wp-content\/uploads\/2014\/11\/rosa-collao1.jpg?fit=529%2C701&ssl=1","jetpack_sharing_enabled":true,"jetpack_likes_enabled":true,"jetpack-related-posts":[],"_links":{"self":[{"href":"https:\/\/eltrabajo.cl\/portal\/wp-json\/wp\/v2\/posts\/53192","targetHints":{"allow":["GET"]}}],"collection":[{"href":"https:\/\/eltrabajo.cl\/portal\/wp-json\/wp\/v2\/posts"}],"about":[{"href":"https:\/\/eltrabajo.cl\/portal\/wp-json\/wp\/v2\/types\/post"}],"author":[{"embeddable":true,"href":"https:\/\/eltrabajo.cl\/portal\/wp-json\/wp\/v2\/users\/482"}],"replies":[{"embeddable":true,"href":"https:\/\/eltrabajo.cl\/portal\/wp-json\/wp\/v2\/comments?post=53192"}],"version-history":[{"count":0,"href":"https:\/\/eltrabajo.cl\/portal\/wp-json\/wp\/v2\/posts\/53192\/revisions"}],"wp:featuredmedia":[{"embeddable":true,"href":"https:\/\/eltrabajo.cl\/portal\/wp-json\/wp\/v2\/media\/53193"}],"wp:attachment":[{"href":"https:\/\/eltrabajo.cl\/portal\/wp-json\/wp\/v2\/media?parent=53192"}],"wp:term":[{"taxonomy":"category","embeddable":true,"href":"https:\/\/eltrabajo.cl\/portal\/wp-json\/wp\/v2\/categories?post=53192"},{"taxonomy":"post_tag","embeddable":true,"href":"https:\/\/eltrabajo.cl\/portal\/wp-json\/wp\/v2\/tags?post=53192"}],"curies":[{"name":"wp","href":"https:\/\/api.w.org\/{rel}","templated":true}]}}