{"id":53205,"date":"2014-11-12T09:07:57","date_gmt":"2014-11-12T12:07:57","guid":{"rendered":"http:\/\/www.eltrabajo.cl\/portal\/?p=53205"},"modified":"2014-11-12T09:07:57","modified_gmt":"2014-11-12T12:07:57","slug":"vecinos-no-descartan-movilizarse-por-falta-de-presion-de-agua-en-sus-casas","status":"publish","type":"post","link":"https:\/\/eltrabajo.cl\/portal\/vecinos-no-descartan-movilizarse-por-falta-de-presion-de-agua-en-sus-casas\/","title":{"rendered":"Vecinos no descartan movilizarse por falta de presi\u00f3n de agua en sus casas"},"content":{"rendered":"<figure id=\"attachment_53206\" aria-describedby=\"caption-attachment-53206\" style=\"width: 529px\" class=\"wp-caption alignnone\"><a href=\"https:\/\/i0.wp.com\/www.eltrabajo.cl\/portal\/wp-content\/uploads\/2014\/11\/Vecinos1.jpg\"><img data-recalc-dims=\"1\" loading=\"lazy\" decoding=\"async\" class=\"size-full wp-image-53206\" src=\"https:\/\/i0.wp.com\/www.eltrabajo.cl\/portal\/wp-content\/uploads\/2014\/11\/Vecinos1.jpg?resize=529%2C358\" alt=\"Una dram\u00e1tica situaci\u00f3n est\u00e1n viviendo varios vecinos de Poblaci\u00f3n Esperanza de Granallas, quienes desde hace bastante tiempo han tenido problemas de presi\u00f3n de agua en sus viviendas.\" width=\"529\" height=\"358\" srcset=\"https:\/\/i0.wp.com\/eltrabajo.cl\/portal\/wp-content\/uploads\/2014\/11\/Vecinos1.jpg?w=529&amp;ssl=1 529w, https:\/\/i0.wp.com\/eltrabajo.cl\/portal\/wp-content\/uploads\/2014\/11\/Vecinos1.jpg?resize=200%2C135&amp;ssl=1 200w, https:\/\/i0.wp.com\/eltrabajo.cl\/portal\/wp-content\/uploads\/2014\/11\/Vecinos1.jpg?resize=300%2C203&amp;ssl=1 300w, https:\/\/i0.wp.com\/eltrabajo.cl\/portal\/wp-content\/uploads\/2014\/11\/Vecinos1.jpg?resize=150%2C101&amp;ssl=1 150w, https:\/\/i0.wp.com\/eltrabajo.cl\/portal\/wp-content\/uploads\/2014\/11\/Vecinos1.jpg?resize=400%2C270&amp;ssl=1 400w\" sizes=\"auto, (max-width: 529px) 100vw, 529px\" \/><\/a><figcaption id=\"caption-attachment-53206\" class=\"wp-caption-text\">Una dram\u00e1tica situaci\u00f3n est\u00e1n viviendo varios vecinos de Poblaci\u00f3n Esperanza de Granallas, quienes desde hace bastante tiempo han tenido problemas de presi\u00f3n de agua en sus viviendas.<\/figcaption><\/figure>\n<p><strong>PUTAENDO<\/strong>.- Una dram\u00e1tica situaci\u00f3n est\u00e1n viviendo varios vecinos de Poblaci\u00f3n Esperanza de Granallas, quienes desde hace bastante tiempo han tenido problemas de presi\u00f3n de agua en sus viviendas, lo que les ha generado una serie de inconvenientes. Los afectados aseguran que esta situaci\u00f3n la est\u00e1n viviendo hace m\u00e1s de dos meses y que incluso ha perjudicado a vecinos de Calle Los Pinos y Calle Los \u00c1lamos, sobre todo en horas de la ma\u00f1ana cuando se disponen a ocupar la ducha, instante en el que es muy poca la cantidad de agua que sale y lo que adem\u00e1s provoca que incluso varios de ellos tengan que ba\u00f1arse con agua helada o calentar agua en un hervidor.<br \/>\nTeresa Pozo, una de las afectadas, asegur\u00f3 que esta situaci\u00f3n ya los sobrepas\u00f3 y que han realizado varios reclamos en las oficinas de Esval en San Felipe donde no han obtenido respuesta \u201cHemos insistido en varias ocasiones, en cada ocasi\u00f3n que vamos a Esval no obtenemos una respuesta y esta situaci\u00f3n no da para m\u00e1s, tenemos problemas para ducharnos y hasta para lo m\u00e1s cotidiano, hace dos a\u00f1os que aqu\u00ed no se hace una medici\u00f3n y queremos una respuesta pronto\u201d, puntualiz\u00f3.<br \/>\nLos vecinos, cansados de esta situaci\u00f3n, fueron tajantes en se\u00f1alar que si esta situaci\u00f3n contin\u00faa y si no existe una soluci\u00f3n por parte de Esval, realizar\u00e1n movilizaciones y tomas de camino como una manera de presi\u00f3n.<br \/>\nPor su parte Alejandro Romero, Subgerente Zonal de Esval, indic\u00f3 que est\u00e1n preocupados por esta situaci\u00f3n y que durante este fin de semana desplegar\u00e1n el equipo t\u00e9cnico de la empresa para instalar medidores toma presi\u00f3n, con la finalidad de realizar una medici\u00f3n completa del nivel de presi\u00f3n de agua en el sector y de esa manera planificar una soluci\u00f3n integral al problema que est\u00e1n viviendo los vecinos de Poblaci\u00f3n Esperanza de Granallas.<br \/>\nPatricio Gallardo M.<\/p>\n","protected":false},"excerpt":{"rendered":"<p>PUTAENDO.- Una dram\u00e1tica situaci\u00f3n est\u00e1n viviendo varios vecinos de Poblaci\u00f3n Esperanza de Granallas, quienes desde hace bastante tiempo han tenido problemas de presi\u00f3n de agua en sus viviendas, lo que les ha&#8230;<\/p>\n","protected":false},"author":482,"featured_media":53206,"comment_status":"open","ping_status":"closed","sticky":false,"template":"","format":"standard","meta":{"advanced_seo_description":"","jetpack_seo_html_title":"","jetpack_seo_noindex":false,"_jetpack_memberships_contains_paid_content":false,"footnotes":""},"categories":[15],"tags":[],"class_list":["post-53205","post","type-post","status-publish","format-standard","has-post-thumbnail","hentry","category-comunidad"],"jetpack_featured_media_url":"https:\/\/i0.wp.com\/eltrabajo.cl\/portal\/wp-content\/uploads\/2014\/11\/Vecinos1.jpg?fit=529%2C358&ssl=1","jetpack_sharing_enabled":true,"jetpack_likes_enabled":true,"jetpack-related-posts":[],"_links":{"self":[{"href":"https:\/\/eltrabajo.cl\/portal\/wp-json\/wp\/v2\/posts\/53205","targetHints":{"allow":["GET"]}}],"collection":[{"href":"https:\/\/eltrabajo.cl\/portal\/wp-json\/wp\/v2\/posts"}],"about":[{"href":"https:\/\/eltrabajo.cl\/portal\/wp-json\/wp\/v2\/types\/post"}],"author":[{"embeddable":true,"href":"https:\/\/eltrabajo.cl\/portal\/wp-json\/wp\/v2\/users\/482"}],"replies":[{"embeddable":true,"href":"https:\/\/eltrabajo.cl\/portal\/wp-json\/wp\/v2\/comments?post=53205"}],"version-history":[{"count":0,"href":"https:\/\/eltrabajo.cl\/portal\/wp-json\/wp\/v2\/posts\/53205\/revisions"}],"wp:featuredmedia":[{"embeddable":true,"href":"https:\/\/eltrabajo.cl\/portal\/wp-json\/wp\/v2\/media\/53206"}],"wp:attachment":[{"href":"https:\/\/eltrabajo.cl\/portal\/wp-json\/wp\/v2\/media?parent=53205"}],"wp:term":[{"taxonomy":"category","embeddable":true,"href":"https:\/\/eltrabajo.cl\/portal\/wp-json\/wp\/v2\/categories?post=53205"},{"taxonomy":"post_tag","embeddable":true,"href":"https:\/\/eltrabajo.cl\/portal\/wp-json\/wp\/v2\/tags?post=53205"}],"curies":[{"name":"wp","href":"https:\/\/api.w.org\/{rel}","templated":true}]}}