{"id":53208,"date":"2014-11-12T09:12:23","date_gmt":"2014-11-12T12:12:23","guid":{"rendered":"http:\/\/www.eltrabajo.cl\/portal\/?p=53208"},"modified":"2014-11-12T09:12:23","modified_gmt":"2014-11-12T12:12:23","slug":"conoce-hoy-a-las-bellas-candidatas-al-miss-teenager-2015","status":"publish","type":"post","link":"https:\/\/eltrabajo.cl\/portal\/conoce-hoy-a-las-bellas-candidatas-al-miss-teenager-2015\/","title":{"rendered":"Conoce hoy a las bellas candidatas al Miss Teenager 2015"},"content":{"rendered":"<figure id=\"attachment_53209\" aria-describedby=\"caption-attachment-53209\" style=\"width: 529px\" class=\"wp-caption alignnone\"><a href=\"https:\/\/i0.wp.com\/www.eltrabajo.cl\/portal\/wp-content\/uploads\/2014\/11\/Teenager1.jpg\"><img data-recalc-dims=\"1\" loading=\"lazy\" decoding=\"async\" class=\"size-full wp-image-53209\" src=\"https:\/\/i0.wp.com\/www.eltrabajo.cl\/portal\/wp-content\/uploads\/2014\/11\/Teenager1.jpg?resize=529%2C391\" alt=\"ADM\u00cdRELAS.- Ellas son las adolescentes m\u00e1s bellas del valle que se atrevieron a participar en el certamen de belleza y proyecci\u00f3n social m\u00e1s importantes de Aconcagua.\" width=\"529\" height=\"391\" srcset=\"https:\/\/i0.wp.com\/eltrabajo.cl\/portal\/wp-content\/uploads\/2014\/11\/Teenager1.jpg?w=529&amp;ssl=1 529w, https:\/\/i0.wp.com\/eltrabajo.cl\/portal\/wp-content\/uploads\/2014\/11\/Teenager1.jpg?resize=200%2C147&amp;ssl=1 200w, https:\/\/i0.wp.com\/eltrabajo.cl\/portal\/wp-content\/uploads\/2014\/11\/Teenager1.jpg?resize=300%2C221&amp;ssl=1 300w, https:\/\/i0.wp.com\/eltrabajo.cl\/portal\/wp-content\/uploads\/2014\/11\/Teenager1.jpg?resize=150%2C110&amp;ssl=1 150w, https:\/\/i0.wp.com\/eltrabajo.cl\/portal\/wp-content\/uploads\/2014\/11\/Teenager1.jpg?resize=400%2C295&amp;ssl=1 400w\" sizes=\"auto, (max-width: 529px) 100vw, 529px\" \/><\/a><figcaption id=\"caption-attachment-53209\" class=\"wp-caption-text\">ADM\u00cdRELAS.- Ellas son las adolescentes m\u00e1s bellas del valle que se atrevieron a participar en el certamen de belleza y proyecci\u00f3n social m\u00e1s importantes de Aconcagua.<\/figcaption><\/figure>\n<p>Si las bellas candidatas que engalanaron nuestra portada gr\u00e1fica principal de ayer martes te gustaron, hoy entonces te las presentamos en forma Exclusiva para que las conozcas por su nombre y para que las apoyes tambi\u00e9n durante el desarrollo del certamen de belleza en el que participan. Miss Aconcagua de Chile se compone de dos partes, Miss Aconcagua como tal y Miss Teenager, mismo del que hoy te hablaremos. Son bellas se\u00f1oritas que tienen entre catorce y 17 a\u00f1os, actualmente fueron presentadas diez jovencitas pero esa cantidad podr\u00eda ser mayor en los pr\u00f3ximos d\u00edas, son ni\u00f1as-adolescentes de Llay Llay, Catemu, San Esteban, Catemu, San Felipe y de Los Andes entre otras comunas del Valle Aconcagua. Todas ellas solteras y sin hijos. La coronaci\u00f3n de las Miss Teenager y Miss Aconcagua se realizar\u00e1 a finales de enero de 2015 y a\u00fan otras j\u00f3venes pueden participar. Las interesadas pueden enviar sus datos al correo: certamen.missaconcagua@hotmail.com<br \/>\nRoberto Gonz\u00e1lez Short<\/p>\n<div class=\"tiled-gallery type-rectangular tiled-gallery-unresized\" data-original-width=\"640\" data-carousel-extra='null' itemscope itemtype=\"http:\/\/schema.org\/ImageGallery\" > <div class=\"gallery-row\" style=\"width: 640px; height: 203px;\" data-original-width=\"640\" data-original-height=\"203\" > <div class=\"gallery-group images-1\" style=\"width: 154px; height: 203px;\" data-original-width=\"154\" data-original-height=\"203\" > <div class=\"tiled-gallery-item tiled-gallery-item-small\" itemprop=\"associatedMedia\" itemscope itemtype=\"http:\/\/schema.org\/ImageObject\"> <a href=\"https:\/\/eltrabajo.cl\/portal\/conoce-hoy-a-las-bellas-candidatas-al-miss-teenager-2015\/anain-zuniga-17-la\/\" border=\"0\" itemprop=\"url\"> <meta itemprop=\"width\" content=\"150\"> <meta itemprop=\"height\" content=\"199\"> <img decoding=\"async\" class=\"\" data-attachment-id=\"53210\" data-orig-file=\"https:\/\/eltrabajo.cl\/portal\/wp-content\/uploads\/2014\/11\/Anain-Zuniga-17-LA.jpg\" data-orig-size=\"529,702\" data-comments-opened=\"1\" data-image-meta=\"{&quot;aperture&quot;:&quot;0&quot;,&quot;credit&quot;:&quot;&quot;,&quot;camera&quot;:&quot;&quot;,&quot;caption&quot;:&quot;&quot;,&quot;created_timestamp&quot;:&quot;0&quot;,&quot;copyright&quot;:&quot;&quot;,&quot;focal_length&quot;:&quot;0&quot;,&quot;iso&quot;:&quot;0&quot;,&quot;shutter_speed&quot;:&quot;0&quot;,&quot;title&quot;:&quot;&quot;,&quot;orientation&quot;:&quot;0&quot;}\" data-image-title=\"Anain Zuniga 17 LA\" data-image-description=\"&lt;p&gt;Ana\u00edn Z\u00fa\u00f1iga es andina y tiene 17 a\u00f1os.&lt;\/p&gt; \" data-medium-file=\"https:\/\/i0.wp.com\/eltrabajo.cl\/portal\/wp-content\/uploads\/2014\/11\/Anain-Zuniga-17-LA.jpg?fit=226%2C300&#038;ssl=1\" data-large-file=\"https:\/\/i0.wp.com\/eltrabajo.cl\/portal\/wp-content\/uploads\/2014\/11\/Anain-Zuniga-17-LA.jpg?fit=529%2C702&#038;ssl=1\" src=\"https:\/\/i0.wp.com\/eltrabajo.cl\/portal\/wp-content\/uploads\/2014\/11\/Anain-Zuniga-17-LA.jpg?w=150&#038;h=199&#038;ssl=1\" srcset=\"https:\/\/i0.wp.com\/eltrabajo.cl\/portal\/wp-content\/uploads\/2014\/11\/Anain-Zuniga-17-LA.jpg?w=529&amp;ssl=1 529w, https:\/\/i0.wp.com\/eltrabajo.cl\/portal\/wp-content\/uploads\/2014\/11\/Anain-Zuniga-17-LA.jpg?resize=113%2C150&amp;ssl=1 113w, https:\/\/i0.wp.com\/eltrabajo.cl\/portal\/wp-content\/uploads\/2014\/11\/Anain-Zuniga-17-LA.jpg?resize=226%2C300&amp;ssl=1 226w, https:\/\/i0.wp.com\/eltrabajo.cl\/portal\/wp-content\/uploads\/2014\/11\/Anain-Zuniga-17-LA.jpg?resize=400%2C530&amp;ssl=1 400w\" width=\"150\" height=\"199\" loading=\"lazy\" data-original-width=\"150\" data-original-height=\"199\" itemprop=\"http:\/\/schema.org\/image\" title=\"Anain Zuniga 17 LA\" alt=\"Ana\u00edn Z\u00fa\u00f1iga es andina y tiene 17 a\u00f1os.\" style=\"width: 150px; height: 199px;\" \/> <\/a> <div class=\"tiled-gallery-caption\" itemprop=\"caption description\"> Ana\u00edn Z\u00fa\u00f1iga es andina y tiene 17 a\u00f1os. <\/div> <\/div> <\/div> <!-- close group --> <div class=\"gallery-group images-1\" style=\"width: 188px; height: 203px;\" data-original-width=\"188\" data-original-height=\"203\" > <div class=\"tiled-gallery-item tiled-gallery-item-small\" itemprop=\"associatedMedia\" itemscope itemtype=\"http:\/\/schema.org\/ImageObject\"> <a href=\"https:\/\/eltrabajo.cl\/portal\/conoce-hoy-a-las-bellas-candidatas-al-miss-teenager-2015\/dellanira-pacheco-15-catemu-mt\/\" border=\"0\" itemprop=\"url\"> <meta itemprop=\"width\" content=\"184\"> <meta itemprop=\"height\" content=\"199\"> <img decoding=\"async\" class=\"\" data-attachment-id=\"53211\" data-orig-file=\"https:\/\/eltrabajo.cl\/portal\/wp-content\/uploads\/2014\/11\/Dellanira-Pacheco-15-Catemu-MT.jpg\" data-orig-size=\"529,574\" data-comments-opened=\"1\" data-image-meta=\"{&quot;aperture&quot;:&quot;0&quot;,&quot;credit&quot;:&quot;&quot;,&quot;camera&quot;:&quot;&quot;,&quot;caption&quot;:&quot;&quot;,&quot;created_timestamp&quot;:&quot;0&quot;,&quot;copyright&quot;:&quot;&quot;,&quot;focal_length&quot;:&quot;0&quot;,&quot;iso&quot;:&quot;0&quot;,&quot;shutter_speed&quot;:&quot;0&quot;,&quot;title&quot;:&quot;&quot;,&quot;orientation&quot;:&quot;0&quot;}\" data-image-title=\"Dellanira Pacheco 15 Catemu MT\" data-image-description=\"&lt;p&gt;Dellanira Pacheco tiene 16 a\u00f1os y representa a la comuna de Llay Llay.&lt;\/p&gt; \" data-medium-file=\"https:\/\/i0.wp.com\/eltrabajo.cl\/portal\/wp-content\/uploads\/2014\/11\/Dellanira-Pacheco-15-Catemu-MT.jpg?fit=276%2C300&#038;ssl=1\" data-large-file=\"https:\/\/i0.wp.com\/eltrabajo.cl\/portal\/wp-content\/uploads\/2014\/11\/Dellanira-Pacheco-15-Catemu-MT.jpg?fit=529%2C574&#038;ssl=1\" src=\"https:\/\/i0.wp.com\/eltrabajo.cl\/portal\/wp-content\/uploads\/2014\/11\/Dellanira-Pacheco-15-Catemu-MT.jpg?w=184&#038;h=199&#038;ssl=1\" srcset=\"https:\/\/i0.wp.com\/eltrabajo.cl\/portal\/wp-content\/uploads\/2014\/11\/Dellanira-Pacheco-15-Catemu-MT.jpg?w=529&amp;ssl=1 529w, https:\/\/i0.wp.com\/eltrabajo.cl\/portal\/wp-content\/uploads\/2014\/11\/Dellanira-Pacheco-15-Catemu-MT.jpg?resize=138%2C150&amp;ssl=1 138w, https:\/\/i0.wp.com\/eltrabajo.cl\/portal\/wp-content\/uploads\/2014\/11\/Dellanira-Pacheco-15-Catemu-MT.jpg?resize=276%2C300&amp;ssl=1 276w, https:\/\/i0.wp.com\/eltrabajo.cl\/portal\/wp-content\/uploads\/2014\/11\/Dellanira-Pacheco-15-Catemu-MT.jpg?resize=400%2C434&amp;ssl=1 400w\" width=\"184\" height=\"199\" loading=\"lazy\" data-original-width=\"184\" data-original-height=\"199\" itemprop=\"http:\/\/schema.org\/image\" title=\"Dellanira Pacheco 15 Catemu MT\" alt=\"Dellanira Pacheco tiene 16 a\u00f1os y representa a la comuna de Llay Llay.\" style=\"width: 184px; height: 199px;\" \/> <\/a> <div class=\"tiled-gallery-caption\" itemprop=\"caption description\"> Dellanira Pacheco tiene 16 a\u00f1os y representa a la comuna de Llay Llay. <\/div> <\/div> <\/div> <!-- close group --> <div class=\"gallery-group images-1\" style=\"width: 153px; height: 203px;\" data-original-width=\"153\" data-original-height=\"203\" > <div class=\"tiled-gallery-item tiled-gallery-item-small\" itemprop=\"associatedMedia\" itemscope itemtype=\"http:\/\/schema.org\/ImageObject\"> <a href=\"https:\/\/eltrabajo.cl\/portal\/conoce-hoy-a-las-bellas-candidatas-al-miss-teenager-2015\/estefany-neira-16-sf\/\" border=\"0\" itemprop=\"url\"> <meta itemprop=\"width\" content=\"149\"> <meta itemprop=\"height\" content=\"199\"> <img decoding=\"async\" class=\"\" data-attachment-id=\"53212\" data-orig-file=\"https:\/\/eltrabajo.cl\/portal\/wp-content\/uploads\/2014\/11\/Estefany-Neira-16-SF.jpg\" data-orig-size=\"529,710\" data-comments-opened=\"1\" data-image-meta=\"{&quot;aperture&quot;:&quot;0&quot;,&quot;credit&quot;:&quot;&quot;,&quot;camera&quot;:&quot;&quot;,&quot;caption&quot;:&quot;&quot;,&quot;created_timestamp&quot;:&quot;0&quot;,&quot;copyright&quot;:&quot;&quot;,&quot;focal_length&quot;:&quot;0&quot;,&quot;iso&quot;:&quot;0&quot;,&quot;shutter_speed&quot;:&quot;0&quot;,&quot;title&quot;:&quot;&quot;,&quot;orientation&quot;:&quot;0&quot;}\" data-image-title=\"Estefany Neira 16 SF\" data-image-description=\"&lt;p&gt;Estefany Neira tiene 16 a\u00f1os y representa a San Felipe.&lt;\/p&gt; \" data-medium-file=\"https:\/\/i0.wp.com\/eltrabajo.cl\/portal\/wp-content\/uploads\/2014\/11\/Estefany-Neira-16-SF.jpg?fit=223%2C300&#038;ssl=1\" data-large-file=\"https:\/\/i0.wp.com\/eltrabajo.cl\/portal\/wp-content\/uploads\/2014\/11\/Estefany-Neira-16-SF.jpg?fit=529%2C710&#038;ssl=1\" src=\"https:\/\/i0.wp.com\/eltrabajo.cl\/portal\/wp-content\/uploads\/2014\/11\/Estefany-Neira-16-SF.jpg?w=149&#038;h=199&#038;ssl=1\" srcset=\"https:\/\/i0.wp.com\/eltrabajo.cl\/portal\/wp-content\/uploads\/2014\/11\/Estefany-Neira-16-SF.jpg?w=529&amp;ssl=1 529w, https:\/\/i0.wp.com\/eltrabajo.cl\/portal\/wp-content\/uploads\/2014\/11\/Estefany-Neira-16-SF.jpg?resize=223%2C300&amp;ssl=1 223w, https:\/\/i0.wp.com\/eltrabajo.cl\/portal\/wp-content\/uploads\/2014\/11\/Estefany-Neira-16-SF.jpg?resize=400%2C536&amp;ssl=1 400w\" width=\"149\" height=\"199\" loading=\"lazy\" data-original-width=\"149\" data-original-height=\"199\" itemprop=\"http:\/\/schema.org\/image\" title=\"Estefany Neira 16 SF\" alt=\"Estefany Neira tiene 16 a\u00f1os y representa a San Felipe.\" style=\"width: 149px; height: 199px;\" \/> <\/a> <div class=\"tiled-gallery-caption\" itemprop=\"caption description\"> Estefany Neira tiene 16 a\u00f1os y representa a San Felipe. <\/div> <\/div> <\/div> <!-- close group --> <div class=\"gallery-group images-1\" style=\"width: 145px; height: 203px;\" data-original-width=\"145\" data-original-height=\"203\" > <div class=\"tiled-gallery-item tiled-gallery-item-small\" itemprop=\"associatedMedia\" itemscope itemtype=\"http:\/\/schema.org\/ImageObject\"> <a href=\"https:\/\/eltrabajo.cl\/portal\/conoce-hoy-a-las-bellas-candidatas-al-miss-teenager-2015\/katia-aballay_17_san-felipejpg\/\" border=\"0\" itemprop=\"url\"> <meta itemprop=\"width\" content=\"141\"> <meta itemprop=\"height\" content=\"199\"> <img decoding=\"async\" class=\"\" data-attachment-id=\"53213\" data-orig-file=\"https:\/\/eltrabajo.cl\/portal\/wp-content\/uploads\/2014\/11\/Katia-Aballay_17_San-FelipeJPG.jpg\" data-orig-size=\"529,747\" data-comments-opened=\"1\" data-image-meta=\"{&quot;aperture&quot;:&quot;0&quot;,&quot;credit&quot;:&quot;&quot;,&quot;camera&quot;:&quot;&quot;,&quot;caption&quot;:&quot;&quot;,&quot;created_timestamp&quot;:&quot;0&quot;,&quot;copyright&quot;:&quot;&quot;,&quot;focal_length&quot;:&quot;0&quot;,&quot;iso&quot;:&quot;0&quot;,&quot;shutter_speed&quot;:&quot;0&quot;,&quot;title&quot;:&quot;&quot;,&quot;orientation&quot;:&quot;0&quot;}\" data-image-title=\"Katia Aballay_17_San FelipeJPG\" data-image-description=\"&lt;p&gt;Katia Aballay es sanfelipe\u00f1a y tiene 16 a\u00f1os.&lt;\/p&gt; \" data-medium-file=\"https:\/\/i0.wp.com\/eltrabajo.cl\/portal\/wp-content\/uploads\/2014\/11\/Katia-Aballay_17_San-FelipeJPG.jpg?fit=212%2C300&#038;ssl=1\" data-large-file=\"https:\/\/i0.wp.com\/eltrabajo.cl\/portal\/wp-content\/uploads\/2014\/11\/Katia-Aballay_17_San-FelipeJPG.jpg?fit=529%2C747&#038;ssl=1\" src=\"https:\/\/i0.wp.com\/eltrabajo.cl\/portal\/wp-content\/uploads\/2014\/11\/Katia-Aballay_17_San-FelipeJPG.jpg?w=141&#038;h=199&#038;ssl=1\" srcset=\"https:\/\/i0.wp.com\/eltrabajo.cl\/portal\/wp-content\/uploads\/2014\/11\/Katia-Aballay_17_San-FelipeJPG.jpg?w=529&amp;ssl=1 529w, https:\/\/i0.wp.com\/eltrabajo.cl\/portal\/wp-content\/uploads\/2014\/11\/Katia-Aballay_17_San-FelipeJPG.jpg?resize=106%2C150&amp;ssl=1 106w, https:\/\/i0.wp.com\/eltrabajo.cl\/portal\/wp-content\/uploads\/2014\/11\/Katia-Aballay_17_San-FelipeJPG.jpg?resize=212%2C300&amp;ssl=1 212w, https:\/\/i0.wp.com\/eltrabajo.cl\/portal\/wp-content\/uploads\/2014\/11\/Katia-Aballay_17_San-FelipeJPG.jpg?resize=400%2C564&amp;ssl=1 400w\" width=\"141\" height=\"199\" loading=\"lazy\" data-original-width=\"141\" data-original-height=\"199\" itemprop=\"http:\/\/schema.org\/image\" title=\"Katia Aballay_17_San FelipeJPG\" alt=\"Katia Aballay es sanfelipe\u00f1a y tiene 16 a\u00f1os.\" style=\"width: 141px; height: 199px;\" \/> <\/a> <div class=\"tiled-gallery-caption\" itemprop=\"caption description\"> Katia Aballay es sanfelipe\u00f1a y tiene 16 a\u00f1os. <\/div> <\/div> <\/div> <!-- close group --> <\/div> <!-- close row --> <div class=\"gallery-row\" style=\"width: 640px; height: 361px;\" data-original-width=\"640\" data-original-height=\"361\" > <div class=\"gallery-group images-1\" style=\"width: 307px; height: 361px;\" data-original-width=\"307\" data-original-height=\"361\" > <div class=\"tiled-gallery-item tiled-gallery-item-large\" itemprop=\"associatedMedia\" itemscope itemtype=\"http:\/\/schema.org\/ImageObject\"> <a href=\"https:\/\/eltrabajo.cl\/portal\/conoce-hoy-a-las-bellas-candidatas-al-miss-teenager-2015\/katrin-rojas-14-la-mt\/\" border=\"0\" itemprop=\"url\"> <meta itemprop=\"width\" content=\"303\"> <meta itemprop=\"height\" content=\"357\"> <img decoding=\"async\" class=\"\" data-attachment-id=\"53214\" data-orig-file=\"https:\/\/eltrabajo.cl\/portal\/wp-content\/uploads\/2014\/11\/Katrin-Rojas-14-LA-MT.jpg\" data-orig-size=\"529,622\" data-comments-opened=\"1\" data-image-meta=\"{&quot;aperture&quot;:&quot;0&quot;,&quot;credit&quot;:&quot;&quot;,&quot;camera&quot;:&quot;&quot;,&quot;caption&quot;:&quot;&quot;,&quot;created_timestamp&quot;:&quot;0&quot;,&quot;copyright&quot;:&quot;&quot;,&quot;focal_length&quot;:&quot;0&quot;,&quot;iso&quot;:&quot;0&quot;,&quot;shutter_speed&quot;:&quot;0&quot;,&quot;title&quot;:&quot;&quot;,&quot;orientation&quot;:&quot;0&quot;}\" data-image-title=\"Katrin Rojas 14 LA MT\" data-image-description=\"&lt;p&gt;Katr\u00edn Rojas tiene catorce a\u00f1os y es de la comuna de Los Andes.&lt;\/p&gt; \" data-medium-file=\"https:\/\/i0.wp.com\/eltrabajo.cl\/portal\/wp-content\/uploads\/2014\/11\/Katrin-Rojas-14-LA-MT.jpg?fit=255%2C300&#038;ssl=1\" data-large-file=\"https:\/\/i0.wp.com\/eltrabajo.cl\/portal\/wp-content\/uploads\/2014\/11\/Katrin-Rojas-14-LA-MT.jpg?fit=529%2C622&#038;ssl=1\" src=\"https:\/\/i0.wp.com\/eltrabajo.cl\/portal\/wp-content\/uploads\/2014\/11\/Katrin-Rojas-14-LA-MT.jpg?w=303&#038;h=357&#038;ssl=1\" srcset=\"https:\/\/i0.wp.com\/eltrabajo.cl\/portal\/wp-content\/uploads\/2014\/11\/Katrin-Rojas-14-LA-MT.jpg?w=529&amp;ssl=1 529w, https:\/\/i0.wp.com\/eltrabajo.cl\/portal\/wp-content\/uploads\/2014\/11\/Katrin-Rojas-14-LA-MT.jpg?resize=127%2C150&amp;ssl=1 127w, https:\/\/i0.wp.com\/eltrabajo.cl\/portal\/wp-content\/uploads\/2014\/11\/Katrin-Rojas-14-LA-MT.jpg?resize=255%2C300&amp;ssl=1 255w, https:\/\/i0.wp.com\/eltrabajo.cl\/portal\/wp-content\/uploads\/2014\/11\/Katrin-Rojas-14-LA-MT.jpg?resize=400%2C470&amp;ssl=1 400w\" width=\"303\" height=\"357\" loading=\"lazy\" data-original-width=\"303\" data-original-height=\"357\" itemprop=\"http:\/\/schema.org\/image\" title=\"Katrin Rojas 14 LA MT\" alt=\"Katr\u00edn Rojas tiene catorce a\u00f1os y es de la comuna de Los Andes.\" style=\"width: 303px; height: 357px;\" \/> <\/a> <div class=\"tiled-gallery-caption\" itemprop=\"caption description\"> Katr\u00edn Rojas tiene catorce a\u00f1os y es de la comuna de Los Andes. <\/div> <\/div> <\/div> <!-- close group --> <div class=\"gallery-group images-1\" style=\"width: 333px; height: 361px;\" data-original-width=\"333\" data-original-height=\"361\" > <div class=\"tiled-gallery-item tiled-gallery-item-large\" itemprop=\"associatedMedia\" itemscope itemtype=\"http:\/\/schema.org\/ImageObject\"> <a href=\"https:\/\/eltrabajo.cl\/portal\/conoce-hoy-a-las-bellas-candidatas-al-miss-teenager-2015\/monserrat-urtubia_16-se\/\" border=\"0\" itemprop=\"url\"> <meta itemprop=\"width\" content=\"329\"> <meta itemprop=\"height\" content=\"357\"> <img decoding=\"async\" class=\"\" data-attachment-id=\"53215\" data-orig-file=\"https:\/\/eltrabajo.cl\/portal\/wp-content\/uploads\/2014\/11\/Monserrat-Urtubia_16-SE.jpg\" data-orig-size=\"529,574\" data-comments-opened=\"1\" data-image-meta=\"{&quot;aperture&quot;:&quot;0&quot;,&quot;credit&quot;:&quot;&quot;,&quot;camera&quot;:&quot;&quot;,&quot;caption&quot;:&quot;&quot;,&quot;created_timestamp&quot;:&quot;0&quot;,&quot;copyright&quot;:&quot;&quot;,&quot;focal_length&quot;:&quot;0&quot;,&quot;iso&quot;:&quot;0&quot;,&quot;shutter_speed&quot;:&quot;0&quot;,&quot;title&quot;:&quot;&quot;,&quot;orientation&quot;:&quot;0&quot;}\" data-image-title=\"Monserrat Urtubia_16 SE\" data-image-description=\"&lt;p&gt;Monserrat Urtubia tiene 16 a\u00f1os y participa representando a San Esteban.&lt;\/p&gt; \" data-medium-file=\"https:\/\/i0.wp.com\/eltrabajo.cl\/portal\/wp-content\/uploads\/2014\/11\/Monserrat-Urtubia_16-SE.jpg?fit=276%2C300&#038;ssl=1\" data-large-file=\"https:\/\/i0.wp.com\/eltrabajo.cl\/portal\/wp-content\/uploads\/2014\/11\/Monserrat-Urtubia_16-SE.jpg?fit=529%2C574&#038;ssl=1\" src=\"https:\/\/i0.wp.com\/eltrabajo.cl\/portal\/wp-content\/uploads\/2014\/11\/Monserrat-Urtubia_16-SE.jpg?w=329&#038;h=357&#038;ssl=1\" srcset=\"https:\/\/i0.wp.com\/eltrabajo.cl\/portal\/wp-content\/uploads\/2014\/11\/Monserrat-Urtubia_16-SE.jpg?w=529&amp;ssl=1 529w, https:\/\/i0.wp.com\/eltrabajo.cl\/portal\/wp-content\/uploads\/2014\/11\/Monserrat-Urtubia_16-SE.jpg?resize=138%2C150&amp;ssl=1 138w, https:\/\/i0.wp.com\/eltrabajo.cl\/portal\/wp-content\/uploads\/2014\/11\/Monserrat-Urtubia_16-SE.jpg?resize=276%2C300&amp;ssl=1 276w, https:\/\/i0.wp.com\/eltrabajo.cl\/portal\/wp-content\/uploads\/2014\/11\/Monserrat-Urtubia_16-SE.jpg?resize=400%2C434&amp;ssl=1 400w\" width=\"329\" height=\"357\" loading=\"lazy\" data-original-width=\"329\" data-original-height=\"357\" itemprop=\"http:\/\/schema.org\/image\" title=\"Monserrat Urtubia_16 SE\" alt=\"Monserrat Urtubia tiene 16 a\u00f1os y participa representando a San Esteban.\" style=\"width: 329px; height: 357px;\" \/> <\/a> <div class=\"tiled-gallery-caption\" itemprop=\"caption description\"> Monserrat Urtubia tiene 16 a\u00f1os y participa representando a San Esteban. <\/div> <\/div> <\/div> <!-- close group --> <\/div> <!-- close row --> <div class=\"gallery-row\" style=\"width: 640px; height: 194px;\" data-original-width=\"640\" data-original-height=\"194\" > <div class=\"gallery-group images-1\" style=\"width: 149px; height: 194px;\" data-original-width=\"149\" data-original-height=\"194\" > <div class=\"tiled-gallery-item tiled-gallery-item-small\" itemprop=\"associatedMedia\" itemscope itemtype=\"http:\/\/schema.org\/ImageObject\"> <a href=\"https:\/\/eltrabajo.cl\/portal\/conoce-hoy-a-las-bellas-candidatas-al-miss-teenager-2015\/nevenka-gonzalez-15-sfjpg\/\" border=\"0\" itemprop=\"url\"> <meta itemprop=\"width\" content=\"145\"> <meta itemprop=\"height\" content=\"190\"> <img decoding=\"async\" class=\"\" data-attachment-id=\"53216\" data-orig-file=\"https:\/\/eltrabajo.cl\/portal\/wp-content\/uploads\/2014\/11\/Nevenka-Gonzalez-15-SFJPG.jpg\" data-orig-size=\"529,695\" data-comments-opened=\"1\" data-image-meta=\"{&quot;aperture&quot;:&quot;0&quot;,&quot;credit&quot;:&quot;&quot;,&quot;camera&quot;:&quot;&quot;,&quot;caption&quot;:&quot;&quot;,&quot;created_timestamp&quot;:&quot;0&quot;,&quot;copyright&quot;:&quot;&quot;,&quot;focal_length&quot;:&quot;0&quot;,&quot;iso&quot;:&quot;0&quot;,&quot;shutter_speed&quot;:&quot;0&quot;,&quot;title&quot;:&quot;&quot;,&quot;orientation&quot;:&quot;0&quot;}\" data-image-title=\"Nevenka Gonzalez 15 SFJPG\" data-image-description=\"&lt;p&gt;Nevenka Gonzalez es sanfelipe\u00f1a y tiene 15 a\u00f1os.&lt;\/p&gt; \" data-medium-file=\"https:\/\/i0.wp.com\/eltrabajo.cl\/portal\/wp-content\/uploads\/2014\/11\/Nevenka-Gonzalez-15-SFJPG.jpg?fit=228%2C300&#038;ssl=1\" data-large-file=\"https:\/\/i0.wp.com\/eltrabajo.cl\/portal\/wp-content\/uploads\/2014\/11\/Nevenka-Gonzalez-15-SFJPG.jpg?fit=529%2C695&#038;ssl=1\" src=\"https:\/\/i0.wp.com\/eltrabajo.cl\/portal\/wp-content\/uploads\/2014\/11\/Nevenka-Gonzalez-15-SFJPG.jpg?w=145&#038;h=190&#038;ssl=1\" srcset=\"https:\/\/i0.wp.com\/eltrabajo.cl\/portal\/wp-content\/uploads\/2014\/11\/Nevenka-Gonzalez-15-SFJPG.jpg?w=529&amp;ssl=1 529w, https:\/\/i0.wp.com\/eltrabajo.cl\/portal\/wp-content\/uploads\/2014\/11\/Nevenka-Gonzalez-15-SFJPG.jpg?resize=114%2C150&amp;ssl=1 114w, https:\/\/i0.wp.com\/eltrabajo.cl\/portal\/wp-content\/uploads\/2014\/11\/Nevenka-Gonzalez-15-SFJPG.jpg?resize=228%2C300&amp;ssl=1 228w, https:\/\/i0.wp.com\/eltrabajo.cl\/portal\/wp-content\/uploads\/2014\/11\/Nevenka-Gonzalez-15-SFJPG.jpg?resize=400%2C525&amp;ssl=1 400w\" width=\"145\" height=\"190\" loading=\"lazy\" data-original-width=\"145\" data-original-height=\"190\" itemprop=\"http:\/\/schema.org\/image\" title=\"Nevenka Gonzalez 15 SFJPG\" alt=\"Nevenka Gonzalez es sanfelipe\u00f1a y tiene 15 a\u00f1os.\" style=\"width: 145px; height: 190px;\" \/> <\/a> <div class=\"tiled-gallery-caption\" itemprop=\"caption description\"> Nevenka Gonzalez es sanfelipe\u00f1a y tiene 15 a\u00f1os. <\/div> <\/div> <\/div> <!-- close group --> <div class=\"gallery-group images-1\" style=\"width: 153px; height: 194px;\" data-original-width=\"153\" data-original-height=\"194\" > <div class=\"tiled-gallery-item tiled-gallery-item-small\" itemprop=\"associatedMedia\" itemscope itemtype=\"http:\/\/schema.org\/ImageObject\"> <a href=\"https:\/\/eltrabajo.cl\/portal\/conoce-hoy-a-las-bellas-candidatas-al-miss-teenager-2015\/piera-felgueras-16-sfjpg\/\" border=\"0\" itemprop=\"url\"> <meta itemprop=\"width\" content=\"149\"> <meta itemprop=\"height\" content=\"190\"> <img decoding=\"async\" class=\"\" data-attachment-id=\"53217\" data-orig-file=\"https:\/\/eltrabajo.cl\/portal\/wp-content\/uploads\/2014\/11\/Piera-Felgueras-16-SFJPG.jpg\" data-orig-size=\"529,673\" data-comments-opened=\"1\" data-image-meta=\"{&quot;aperture&quot;:&quot;0&quot;,&quot;credit&quot;:&quot;&quot;,&quot;camera&quot;:&quot;&quot;,&quot;caption&quot;:&quot;&quot;,&quot;created_timestamp&quot;:&quot;0&quot;,&quot;copyright&quot;:&quot;&quot;,&quot;focal_length&quot;:&quot;0&quot;,&quot;iso&quot;:&quot;0&quot;,&quot;shutter_speed&quot;:&quot;0&quot;,&quot;title&quot;:&quot;&quot;,&quot;orientation&quot;:&quot;0&quot;}\" data-image-title=\"Piera Felgueras 16 SFJPG\" data-image-description=\"&lt;p&gt;Piera Felgueras tiene 16 a\u00f1os y es sanfelipe\u00f1a.&lt;\/p&gt; \" data-medium-file=\"https:\/\/i0.wp.com\/eltrabajo.cl\/portal\/wp-content\/uploads\/2014\/11\/Piera-Felgueras-16-SFJPG.jpg?fit=235%2C300&#038;ssl=1\" data-large-file=\"https:\/\/i0.wp.com\/eltrabajo.cl\/portal\/wp-content\/uploads\/2014\/11\/Piera-Felgueras-16-SFJPG.jpg?fit=529%2C673&#038;ssl=1\" src=\"https:\/\/i0.wp.com\/eltrabajo.cl\/portal\/wp-content\/uploads\/2014\/11\/Piera-Felgueras-16-SFJPG.jpg?w=149&#038;h=190&#038;ssl=1\" srcset=\"https:\/\/i0.wp.com\/eltrabajo.cl\/portal\/wp-content\/uploads\/2014\/11\/Piera-Felgueras-16-SFJPG.jpg?w=529&amp;ssl=1 529w, https:\/\/i0.wp.com\/eltrabajo.cl\/portal\/wp-content\/uploads\/2014\/11\/Piera-Felgueras-16-SFJPG.jpg?resize=117%2C150&amp;ssl=1 117w, https:\/\/i0.wp.com\/eltrabajo.cl\/portal\/wp-content\/uploads\/2014\/11\/Piera-Felgueras-16-SFJPG.jpg?resize=235%2C300&amp;ssl=1 235w, https:\/\/i0.wp.com\/eltrabajo.cl\/portal\/wp-content\/uploads\/2014\/11\/Piera-Felgueras-16-SFJPG.jpg?resize=400%2C508&amp;ssl=1 400w\" width=\"149\" height=\"190\" loading=\"lazy\" data-original-width=\"149\" data-original-height=\"190\" itemprop=\"http:\/\/schema.org\/image\" title=\"Piera Felgueras 16 SFJPG\" alt=\"Piera Felgueras tiene 16 a\u00f1os y es sanfelipe\u00f1a.\" style=\"width: 149px; height: 190px;\" \/> <\/a> <div class=\"tiled-gallery-caption\" itemprop=\"caption description\"> Piera Felgueras tiene 16 a\u00f1os y es sanfelipe\u00f1a. <\/div> <\/div> <\/div> <!-- close group --> <div class=\"gallery-group images-1\" style=\"width: 160px; height: 194px;\" data-original-width=\"160\" data-original-height=\"194\" > <div class=\"tiled-gallery-item tiled-gallery-item-small\" itemprop=\"associatedMedia\" itemscope itemtype=\"http:\/\/schema.org\/ImageObject\"> <a href=\"https:\/\/eltrabajo.cl\/portal\/conoce-hoy-a-las-bellas-candidatas-al-miss-teenager-2015\/valeria-villalobos-16-la\/\" border=\"0\" itemprop=\"url\"> <meta itemprop=\"width\" content=\"156\"> <meta itemprop=\"height\" content=\"190\"> <img decoding=\"async\" class=\"\" data-attachment-id=\"53218\" data-orig-file=\"https:\/\/eltrabajo.cl\/portal\/wp-content\/uploads\/2014\/11\/VALERIA-VILLALOBOS-16-LA.jpg\" data-orig-size=\"529,643\" data-comments-opened=\"1\" data-image-meta=\"{&quot;aperture&quot;:&quot;0&quot;,&quot;credit&quot;:&quot;&quot;,&quot;camera&quot;:&quot;&quot;,&quot;caption&quot;:&quot;&quot;,&quot;created_timestamp&quot;:&quot;0&quot;,&quot;copyright&quot;:&quot;&quot;,&quot;focal_length&quot;:&quot;0&quot;,&quot;iso&quot;:&quot;0&quot;,&quot;shutter_speed&quot;:&quot;0&quot;,&quot;title&quot;:&quot;&quot;,&quot;orientation&quot;:&quot;0&quot;}\" data-image-title=\"VALERIA VILLALOBOS 16 LA\" data-image-description=\"&lt;p&gt;Valeria Villalobos representa a Los Andes y tiene catorce a\u00f1os&lt;\/p&gt; \" data-medium-file=\"https:\/\/i0.wp.com\/eltrabajo.cl\/portal\/wp-content\/uploads\/2014\/11\/VALERIA-VILLALOBOS-16-LA.jpg?fit=246%2C300&#038;ssl=1\" data-large-file=\"https:\/\/i0.wp.com\/eltrabajo.cl\/portal\/wp-content\/uploads\/2014\/11\/VALERIA-VILLALOBOS-16-LA.jpg?fit=529%2C643&#038;ssl=1\" src=\"https:\/\/i0.wp.com\/eltrabajo.cl\/portal\/wp-content\/uploads\/2014\/11\/VALERIA-VILLALOBOS-16-LA.jpg?w=156&#038;h=190&#038;ssl=1\" srcset=\"https:\/\/i0.wp.com\/eltrabajo.cl\/portal\/wp-content\/uploads\/2014\/11\/VALERIA-VILLALOBOS-16-LA.jpg?w=529&amp;ssl=1 529w, https:\/\/i0.wp.com\/eltrabajo.cl\/portal\/wp-content\/uploads\/2014\/11\/VALERIA-VILLALOBOS-16-LA.jpg?resize=123%2C150&amp;ssl=1 123w, https:\/\/i0.wp.com\/eltrabajo.cl\/portal\/wp-content\/uploads\/2014\/11\/VALERIA-VILLALOBOS-16-LA.jpg?resize=246%2C300&amp;ssl=1 246w, https:\/\/i0.wp.com\/eltrabajo.cl\/portal\/wp-content\/uploads\/2014\/11\/VALERIA-VILLALOBOS-16-LA.jpg?resize=400%2C486&amp;ssl=1 400w\" width=\"156\" height=\"190\" loading=\"lazy\" data-original-width=\"156\" data-original-height=\"190\" itemprop=\"http:\/\/schema.org\/image\" title=\"VALERIA VILLALOBOS 16 LA\" alt=\"Valeria Villalobos representa a Los Andes y tiene catorce a\u00f1os\" style=\"width: 156px; height: 190px;\" \/> <\/a> <div class=\"tiled-gallery-caption\" itemprop=\"caption description\"> Valeria Villalobos representa a Los Andes y tiene catorce a\u00f1os <\/div> <\/div> <\/div> <!-- close group --> <div class=\"gallery-group images-1\" style=\"width: 178px; height: 194px;\" data-original-width=\"178\" data-original-height=\"194\" > <div class=\"tiled-gallery-item tiled-gallery-item-small\" itemprop=\"associatedMedia\" itemscope itemtype=\"http:\/\/schema.org\/ImageObject\"> <a href=\"https:\/\/eltrabajo.cl\/portal\/conoce-hoy-a-las-bellas-candidatas-al-miss-teenager-2015\/yesenia-guerra-16-la-mt\/\" border=\"0\" itemprop=\"url\"> <meta itemprop=\"width\" content=\"174\"> <meta itemprop=\"height\" content=\"190\"> <img decoding=\"async\" class=\"\" data-attachment-id=\"53219\" data-orig-file=\"https:\/\/eltrabajo.cl\/portal\/wp-content\/uploads\/2014\/11\/Yesenia-Guerra-16-LA-MT.jpg\" data-orig-size=\"529,576\" data-comments-opened=\"1\" data-image-meta=\"{&quot;aperture&quot;:&quot;0&quot;,&quot;credit&quot;:&quot;&quot;,&quot;camera&quot;:&quot;&quot;,&quot;caption&quot;:&quot;&quot;,&quot;created_timestamp&quot;:&quot;0&quot;,&quot;copyright&quot;:&quot;&quot;,&quot;focal_length&quot;:&quot;0&quot;,&quot;iso&quot;:&quot;0&quot;,&quot;shutter_speed&quot;:&quot;0&quot;,&quot;title&quot;:&quot;&quot;,&quot;orientation&quot;:&quot;0&quot;}\" data-image-title=\"Yesenia Guerra 16 LA MT\" data-image-description=\"&lt;p&gt;Yesenia Guerra tiene 16 a\u00f1os y representa a Los Andes.&lt;\/p&gt; \" data-medium-file=\"https:\/\/i0.wp.com\/eltrabajo.cl\/portal\/wp-content\/uploads\/2014\/11\/Yesenia-Guerra-16-LA-MT.jpg?fit=275%2C300&#038;ssl=1\" data-large-file=\"https:\/\/i0.wp.com\/eltrabajo.cl\/portal\/wp-content\/uploads\/2014\/11\/Yesenia-Guerra-16-LA-MT.jpg?fit=529%2C576&#038;ssl=1\" src=\"https:\/\/i0.wp.com\/eltrabajo.cl\/portal\/wp-content\/uploads\/2014\/11\/Yesenia-Guerra-16-LA-MT.jpg?w=174&#038;h=190&#038;ssl=1\" srcset=\"https:\/\/i0.wp.com\/eltrabajo.cl\/portal\/wp-content\/uploads\/2014\/11\/Yesenia-Guerra-16-LA-MT.jpg?w=529&amp;ssl=1 529w, https:\/\/i0.wp.com\/eltrabajo.cl\/portal\/wp-content\/uploads\/2014\/11\/Yesenia-Guerra-16-LA-MT.jpg?resize=137%2C150&amp;ssl=1 137w, https:\/\/i0.wp.com\/eltrabajo.cl\/portal\/wp-content\/uploads\/2014\/11\/Yesenia-Guerra-16-LA-MT.jpg?resize=275%2C300&amp;ssl=1 275w, https:\/\/i0.wp.com\/eltrabajo.cl\/portal\/wp-content\/uploads\/2014\/11\/Yesenia-Guerra-16-LA-MT.jpg?resize=400%2C435&amp;ssl=1 400w\" width=\"174\" height=\"190\" loading=\"lazy\" data-original-width=\"174\" data-original-height=\"190\" itemprop=\"http:\/\/schema.org\/image\" title=\"Yesenia Guerra 16 LA MT\" alt=\"Yesenia Guerra tiene 16 a\u00f1os y representa a Los Andes.\" style=\"width: 174px; height: 190px;\" \/> <\/a> <div class=\"tiled-gallery-caption\" itemprop=\"caption description\"> Yesenia Guerra tiene 16 a\u00f1os y representa a Los Andes. <\/div> <\/div> <\/div> <!-- close group --> <\/div> <!-- close row --> <\/div>\n","protected":false},"excerpt":{"rendered":"<p>Si las bellas candidatas que engalanaron nuestra portada gr\u00e1fica principal de ayer martes te gustaron, hoy entonces te las presentamos en forma Exclusiva para que las conozcas por su nombre y para&#8230;<\/p>\n","protected":false},"author":482,"featured_media":53209,"comment_status":"open","ping_status":"closed","sticky":false,"template":"","format":"standard","meta":{"advanced_seo_description":"","jetpack_seo_html_title":"","jetpack_seo_noindex":false,"_jetpack_memberships_contains_paid_content":false,"footnotes":""},"categories":[15],"tags":[],"class_list":["post-53208","post","type-post","status-publish","format-standard","has-post-thumbnail","hentry","category-comunidad"],"jetpack_featured_media_url":"https:\/\/i0.wp.com\/eltrabajo.cl\/portal\/wp-content\/uploads\/2014\/11\/Teenager1.jpg?fit=529%2C391&ssl=1","jetpack_sharing_enabled":true,"jetpack_likes_enabled":true,"jetpack-related-posts":[],"_links":{"self":[{"href":"https:\/\/eltrabajo.cl\/portal\/wp-json\/wp\/v2\/posts\/53208","targetHints":{"allow":["GET"]}}],"collection":[{"href":"https:\/\/eltrabajo.cl\/portal\/wp-json\/wp\/v2\/posts"}],"about":[{"href":"https:\/\/eltrabajo.cl\/portal\/wp-json\/wp\/v2\/types\/post"}],"author":[{"embeddable":true,"href":"https:\/\/eltrabajo.cl\/portal\/wp-json\/wp\/v2\/users\/482"}],"replies":[{"embeddable":true,"href":"https:\/\/eltrabajo.cl\/portal\/wp-json\/wp\/v2\/comments?post=53208"}],"version-history":[{"count":0,"href":"https:\/\/eltrabajo.cl\/portal\/wp-json\/wp\/v2\/posts\/53208\/revisions"}],"wp:featuredmedia":[{"embeddable":true,"href":"https:\/\/eltrabajo.cl\/portal\/wp-json\/wp\/v2\/media\/53209"}],"wp:attachment":[{"href":"https:\/\/eltrabajo.cl\/portal\/wp-json\/wp\/v2\/media?parent=53208"}],"wp:term":[{"taxonomy":"category","embeddable":true,"href":"https:\/\/eltrabajo.cl\/portal\/wp-json\/wp\/v2\/categories?post=53208"},{"taxonomy":"post_tag","embeddable":true,"href":"https:\/\/eltrabajo.cl\/portal\/wp-json\/wp\/v2\/tags?post=53208"}],"curies":[{"name":"wp","href":"https:\/\/api.w.org\/{rel}","templated":true}]}}