{"id":53224,"date":"2014-11-12T09:15:14","date_gmt":"2014-11-12T12:15:14","guid":{"rendered":"http:\/\/www.eltrabajo.cl\/portal\/?p=53224"},"modified":"2014-11-12T09:15:14","modified_gmt":"2014-11-12T12:15:14","slug":"alcalde-reyes-lamento-declaraciones-de-agrupacion-cultural-putaendina","status":"publish","type":"post","link":"https:\/\/eltrabajo.cl\/portal\/alcalde-reyes-lamento-declaraciones-de-agrupacion-cultural-putaendina\/","title":{"rendered":"Alcalde Reyes lament\u00f3 declaraciones de agrupaci\u00f3n cultural putaendina"},"content":{"rendered":"<figure id=\"attachment_53226\" aria-describedby=\"caption-attachment-53226\" style=\"width: 300px\" class=\"wp-caption alignleft\"><a href=\"https:\/\/i0.wp.com\/www.eltrabajo.cl\/portal\/wp-content\/uploads\/2014\/11\/Guillermo-Reyes.jpg\"><img data-recalc-dims=\"1\" loading=\"lazy\" decoding=\"async\" class=\"wp-image-53226 size-medium\" src=\"https:\/\/i0.wp.com\/www.eltrabajo.cl\/portal\/wp-content\/uploads\/2014\/11\/Guillermo-Reyes-300x287.jpg?resize=300%2C287\" alt=\"Guillermo Reyes, Alcalde de Putaendo.\" width=\"300\" height=\"287\" srcset=\"https:\/\/i0.wp.com\/eltrabajo.cl\/portal\/wp-content\/uploads\/2014\/11\/Guillermo-Reyes.jpg?resize=300%2C287&amp;ssl=1 300w, https:\/\/i0.wp.com\/eltrabajo.cl\/portal\/wp-content\/uploads\/2014\/11\/Guillermo-Reyes.jpg?resize=156%2C150&amp;ssl=1 156w, https:\/\/i0.wp.com\/eltrabajo.cl\/portal\/wp-content\/uploads\/2014\/11\/Guillermo-Reyes.jpg?resize=150%2C143&amp;ssl=1 150w, https:\/\/i0.wp.com\/eltrabajo.cl\/portal\/wp-content\/uploads\/2014\/11\/Guillermo-Reyes.jpg?resize=400%2C383&amp;ssl=1 400w, https:\/\/i0.wp.com\/eltrabajo.cl\/portal\/wp-content\/uploads\/2014\/11\/Guillermo-Reyes.jpg?w=529&amp;ssl=1 529w\" sizes=\"auto, (max-width: 300px) 100vw, 300px\" \/><\/a><figcaption id=\"caption-attachment-53226\" class=\"wp-caption-text\">Guillermo Reyes, Alcalde de Putaendo.<\/figcaption><\/figure>\n<p><strong>PUTAENDO<\/strong>.- Aunque no es su costumbre responder a declaraciones infundadas, el Alcalde Guillermo Reyes tuvo que salir al paso de las cr\u00edticas para esclarecer oportuna y verazmente a la ciudadan\u00eda los desafortunados dichos del Frente de Protecci\u00f3n de Putaendo. \u201cLamentamos profundamente dichas declaraciones (&#8230;). Cabe recordar que este alcalde jug\u00f3 un rol protag\u00f3nico para que estos corrales no fueran destruidos\u201d, expres\u00f3 el edil, quien agreg\u00f3 que como administraci\u00f3n son los m\u00e1s interesados en sacar adelante todas las iniciativas solicitadas por la comunidad.<br \/>\n\u201cTenemos la confianza que el pr\u00f3ximo a\u00f1o se podr\u00e1 resolver este asunto y obtendremos el financiamiento necesario para realizar el expediente y postular a los corrales como monumento hist\u00f3rico ante el Consejo de Monumentos Nacionales\u201d, manifest\u00f3 el edil, quien en ese contexto se\u00f1al\u00f3 que resulta injusta y desproporcionada cr\u00edticas que no tienen fundamento alguno, menos aquellas de car\u00e1cter temerario donde se acusa que existe un inter\u00e9s externo para no hacer las cosas.<br \/>\nLa autoridad rechaz\u00f3 categ\u00f3rica y tajantemente dichas acusaciones de querer postergar intencionalmente la resoluci\u00f3n de este tema hasta las elecciones del 2016. \u201cQuien habla seguramente pensar\u00e1 que la vida se resuelve con conspiraciones, yo por lo menos creo que la vida se resuelve con realizaciones\u201d, sentenci\u00f3 el jefe comunal, quien taxativamente se ha destacado por cumplir con hechos concretos las demandas ciudadanas, transformando, comprobadamente, su administraci\u00f3n municipal en la m\u00e1s exitosa en la historia de Putaendo.<\/p>\n","protected":false},"excerpt":{"rendered":"<p>PUTAENDO.- Aunque no es su costumbre responder a declaraciones infundadas, el Alcalde Guillermo Reyes tuvo que salir al paso de las cr\u00edticas para esclarecer oportuna y verazmente a la ciudadan\u00eda los desafortunados&#8230;<\/p>\n","protected":false},"author":482,"featured_media":53226,"comment_status":"open","ping_status":"closed","sticky":false,"template":"","format":"standard","meta":{"advanced_seo_description":"","jetpack_seo_html_title":"","jetpack_seo_noindex":false,"_jetpack_memberships_contains_paid_content":false,"footnotes":""},"categories":[15],"tags":[],"class_list":["post-53224","post","type-post","status-publish","format-standard","has-post-thumbnail","hentry","category-comunidad"],"jetpack_featured_media_url":"https:\/\/i0.wp.com\/eltrabajo.cl\/portal\/wp-content\/uploads\/2014\/11\/Guillermo-Reyes.jpg?fit=529%2C507&ssl=1","jetpack_sharing_enabled":true,"jetpack_likes_enabled":true,"jetpack-related-posts":[],"_links":{"self":[{"href":"https:\/\/eltrabajo.cl\/portal\/wp-json\/wp\/v2\/posts\/53224","targetHints":{"allow":["GET"]}}],"collection":[{"href":"https:\/\/eltrabajo.cl\/portal\/wp-json\/wp\/v2\/posts"}],"about":[{"href":"https:\/\/eltrabajo.cl\/portal\/wp-json\/wp\/v2\/types\/post"}],"author":[{"embeddable":true,"href":"https:\/\/eltrabajo.cl\/portal\/wp-json\/wp\/v2\/users\/482"}],"replies":[{"embeddable":true,"href":"https:\/\/eltrabajo.cl\/portal\/wp-json\/wp\/v2\/comments?post=53224"}],"version-history":[{"count":0,"href":"https:\/\/eltrabajo.cl\/portal\/wp-json\/wp\/v2\/posts\/53224\/revisions"}],"wp:featuredmedia":[{"embeddable":true,"href":"https:\/\/eltrabajo.cl\/portal\/wp-json\/wp\/v2\/media\/53226"}],"wp:attachment":[{"href":"https:\/\/eltrabajo.cl\/portal\/wp-json\/wp\/v2\/media?parent=53224"}],"wp:term":[{"taxonomy":"category","embeddable":true,"href":"https:\/\/eltrabajo.cl\/portal\/wp-json\/wp\/v2\/categories?post=53224"},{"taxonomy":"post_tag","embeddable":true,"href":"https:\/\/eltrabajo.cl\/portal\/wp-json\/wp\/v2\/tags?post=53224"}],"curies":[{"name":"wp","href":"https:\/\/api.w.org\/{rel}","templated":true}]}}