{"id":53228,"date":"2014-11-12T09:16:06","date_gmt":"2014-11-12T12:16:06","guid":{"rendered":"http:\/\/www.eltrabajo.cl\/portal\/?p=53228"},"modified":"2014-11-12T09:16:06","modified_gmt":"2014-11-12T12:16:06","slug":"frente-de-proteccion-del-patrimonio-emplaza-al-municipio","status":"publish","type":"post","link":"https:\/\/eltrabajo.cl\/portal\/frente-de-proteccion-del-patrimonio-emplaza-al-municipio\/","title":{"rendered":"Frente de Protecci\u00f3n del Patrimonio emplaza al municipio"},"content":{"rendered":"<figure id=\"attachment_53225\" aria-describedby=\"caption-attachment-53225\" style=\"width: 529px\" class=\"wp-caption alignnone\"><a href=\"https:\/\/i0.wp.com\/www.eltrabajo.cl\/portal\/wp-content\/uploads\/2014\/11\/Corrales1.jpg\"><img data-recalc-dims=\"1\" loading=\"lazy\" decoding=\"async\" class=\"size-full wp-image-53225\" src=\"https:\/\/i0.wp.com\/www.eltrabajo.cl\/portal\/wp-content\/uploads\/2014\/11\/Corrales1.jpg?resize=529%2C266\" alt=\"El Frente de Protecci\u00f3n del Patrimonio hizo un emplazamiento a la Municipalidad de Putaendo, para que cumpla con los compromisos adquiridos y anunciados sobre Corrales del Chalaco.\" width=\"529\" height=\"266\" srcset=\"https:\/\/i0.wp.com\/eltrabajo.cl\/portal\/wp-content\/uploads\/2014\/11\/Corrales1.jpg?w=529&amp;ssl=1 529w, https:\/\/i0.wp.com\/eltrabajo.cl\/portal\/wp-content\/uploads\/2014\/11\/Corrales1.jpg?resize=200%2C100&amp;ssl=1 200w, https:\/\/i0.wp.com\/eltrabajo.cl\/portal\/wp-content\/uploads\/2014\/11\/Corrales1.jpg?resize=300%2C150&amp;ssl=1 300w, https:\/\/i0.wp.com\/eltrabajo.cl\/portal\/wp-content\/uploads\/2014\/11\/Corrales1.jpg?resize=150%2C75&amp;ssl=1 150w, https:\/\/i0.wp.com\/eltrabajo.cl\/portal\/wp-content\/uploads\/2014\/11\/Corrales1.jpg?resize=400%2C201&amp;ssl=1 400w\" sizes=\"auto, (max-width: 529px) 100vw, 529px\" \/><\/a><figcaption id=\"caption-attachment-53225\" class=\"wp-caption-text\">El Frente de Protecci\u00f3n del Patrimonio hizo un emplazamiento a la Municipalidad de Putaendo, para que cumpla con los compromisos adquiridos y anunciados sobre Corrales del Chalaco.<\/figcaption><\/figure>\n<p><strong>PUTAENDO<\/strong>.- El Frente de Protecci\u00f3n del Patrimonio hizo un emplazamiento a la Municipalidad de Putaendo, para que cumpla con los compromisos adquiridos y anunciados sobre Corrales del Chalaco, asegurando que a m\u00e1s de 17 meses de haber sugerido las iniciativas ya conocidas, es poco el avance que se ha registrado hasta la fecha.<br \/>\nJoaqu\u00edn Gallardo, Presidente del Frente, indic\u00f3 que \u00aben junio del a\u00f1o pasado nos reunimos con el alcalde para sugerir el inicio de las gestiones para que Corrales del Chalaco fueran declarados monumento hist\u00f3rico nacional y se solicitaran las 56 hect\u00e1reas de El Chalaco para el municipio en representaci\u00f3n de la comunidad, en esa instancia se hicieron una serie de compromisos que hasta la fecha no se han cumplido, puntualmente en lo relacionado a las hect\u00e1reas, que es un tema s\u00faper complejo pues la Junta de Vigilancia del R\u00edo Putaendo p\u00fablicamente ha dicho que esos terrenos les pertenecen, sin demostrarlo, lo que comprueba que existe un amplio inter\u00e9s sobre estos terrenos y eso es necesario que se defina\u00bb, puntualiz\u00f3 Gallardo.<br \/>\nEl dirigente se\u00f1al\u00f3 adem\u00e1s que el plazo ha sido m\u00e1s que suficiente para que al menos se viera un avance significativo, \u00aby lo que hemos visto es s\u00f3lo publicidad, afiches, adhesivos, calendarios y carteles, que con bombos y platillos anuncian que Corrales del Chalaco est\u00e1n siendo postulados como Monumento Nacional, cuando en la realidad los corrales no est\u00e1n en postulaci\u00f3n, porque a\u00fan no se inician las gestiones para lograr ese objetivo, creemos que el tiempo para publicidad ya pas\u00f3 hace bastante rato, ahora esperamos ver acciones concretas y no esperar a que la soluci\u00f3n caiga del cielo\u00bb.<br \/>\n\u00abP\u00fablicamente se han hecho anuncios que nunca se concretaron, tiempo atr\u00e1s el alcalde anunci\u00f3 a trav\u00e9s de la prensa que se hab\u00edan adquirido los recursos para la contrataci\u00f3n de los profesionales que har\u00edan el informe al Consejo de Monumentos Nacionales, para la declaratoria de los corrales, sin embargo, eso no se ha concretado\u00bb.<br \/>\nFinalmente, el Presidente del Frente de Protecci\u00f3n del Patrimonio indic\u00f3 que si no prosperan las gestiones, ver\u00e1n otras maneras de sacar el proyecto a flote, por lo que tambi\u00e9n esperan contar con la ayuda del Gobernador Eduardo Le\u00f3n, en una iniciativa que se ha tornado emblem\u00e1tica en materia patrimonial en Putaendo.<br \/>\nPatricio Gallardo M.<\/p>\n","protected":false},"excerpt":{"rendered":"<p>PUTAENDO.- El Frente de Protecci\u00f3n del Patrimonio hizo un emplazamiento a la Municipalidad de Putaendo, para que cumpla con los compromisos adquiridos y anunciados sobre Corrales del Chalaco, asegurando que a m\u00e1s&#8230;<\/p>\n","protected":false},"author":482,"featured_media":53225,"comment_status":"open","ping_status":"closed","sticky":false,"template":"","format":"standard","meta":{"advanced_seo_description":"","jetpack_seo_html_title":"","jetpack_seo_noindex":false,"_jetpack_memberships_contains_paid_content":false,"footnotes":""},"categories":[15],"tags":[],"class_list":["post-53228","post","type-post","status-publish","format-standard","has-post-thumbnail","hentry","category-comunidad"],"jetpack_featured_media_url":"https:\/\/i0.wp.com\/eltrabajo.cl\/portal\/wp-content\/uploads\/2014\/11\/Corrales1.jpg?fit=529%2C266&ssl=1","jetpack_sharing_enabled":true,"jetpack_likes_enabled":true,"jetpack-related-posts":[],"_links":{"self":[{"href":"https:\/\/eltrabajo.cl\/portal\/wp-json\/wp\/v2\/posts\/53228","targetHints":{"allow":["GET"]}}],"collection":[{"href":"https:\/\/eltrabajo.cl\/portal\/wp-json\/wp\/v2\/posts"}],"about":[{"href":"https:\/\/eltrabajo.cl\/portal\/wp-json\/wp\/v2\/types\/post"}],"author":[{"embeddable":true,"href":"https:\/\/eltrabajo.cl\/portal\/wp-json\/wp\/v2\/users\/482"}],"replies":[{"embeddable":true,"href":"https:\/\/eltrabajo.cl\/portal\/wp-json\/wp\/v2\/comments?post=53228"}],"version-history":[{"count":0,"href":"https:\/\/eltrabajo.cl\/portal\/wp-json\/wp\/v2\/posts\/53228\/revisions"}],"wp:featuredmedia":[{"embeddable":true,"href":"https:\/\/eltrabajo.cl\/portal\/wp-json\/wp\/v2\/media\/53225"}],"wp:attachment":[{"href":"https:\/\/eltrabajo.cl\/portal\/wp-json\/wp\/v2\/media?parent=53228"}],"wp:term":[{"taxonomy":"category","embeddable":true,"href":"https:\/\/eltrabajo.cl\/portal\/wp-json\/wp\/v2\/categories?post=53228"},{"taxonomy":"post_tag","embeddable":true,"href":"https:\/\/eltrabajo.cl\/portal\/wp-json\/wp\/v2\/tags?post=53228"}],"curies":[{"name":"wp","href":"https:\/\/api.w.org\/{rel}","templated":true}]}}