{"id":53239,"date":"2014-11-12T09:20:29","date_gmt":"2014-11-12T12:20:29","guid":{"rendered":"http:\/\/www.eltrabajo.cl\/portal\/?p=53239"},"modified":"2014-11-12T09:20:29","modified_gmt":"2014-11-12T12:20:29","slug":"bici-tour-cultural-recorrera-este-sabado-el-patrimonio-bomberil","status":"publish","type":"post","link":"https:\/\/eltrabajo.cl\/portal\/bici-tour-cultural-recorrera-este-sabado-el-patrimonio-bomberil\/","title":{"rendered":"Bici-tour cultural recorrer\u00e1 este s\u00e1bado el patrimonio bomberil"},"content":{"rendered":"<figure id=\"attachment_53240\" aria-describedby=\"caption-attachment-53240\" style=\"width: 528px\" class=\"wp-caption alignnone\"><a href=\"https:\/\/i0.wp.com\/www.eltrabajo.cl\/portal\/wp-content\/uploads\/2014\/11\/Bomberos11.jpg\"><img data-recalc-dims=\"1\" loading=\"lazy\" decoding=\"async\" class=\"size-full wp-image-53240\" src=\"https:\/\/i0.wp.com\/www.eltrabajo.cl\/portal\/wp-content\/uploads\/2014\/11\/Bomberos11.jpg?resize=528%2C400\" alt=\"La invitaci\u00f3n entonces es a conocer las historias de sacrificio y compromiso con la ciudad, as\u00ed como de la vocaci\u00f3n de servicio que caracteriza a los Bomberos de San Felipe.\" width=\"528\" height=\"400\" srcset=\"https:\/\/i0.wp.com\/eltrabajo.cl\/portal\/wp-content\/uploads\/2014\/11\/Bomberos11.jpg?w=528&amp;ssl=1 528w, https:\/\/i0.wp.com\/eltrabajo.cl\/portal\/wp-content\/uploads\/2014\/11\/Bomberos11.jpg?resize=198%2C150&amp;ssl=1 198w, https:\/\/i0.wp.com\/eltrabajo.cl\/portal\/wp-content\/uploads\/2014\/11\/Bomberos11.jpg?resize=300%2C227&amp;ssl=1 300w, https:\/\/i0.wp.com\/eltrabajo.cl\/portal\/wp-content\/uploads\/2014\/11\/Bomberos11.jpg?resize=150%2C113&amp;ssl=1 150w, https:\/\/i0.wp.com\/eltrabajo.cl\/portal\/wp-content\/uploads\/2014\/11\/Bomberos11.jpg?resize=400%2C303&amp;ssl=1 400w\" sizes=\"auto, (max-width: 528px) 100vw, 528px\" \/><\/a><figcaption id=\"caption-attachment-53240\" class=\"wp-caption-text\">La invitaci\u00f3n entonces es a conocer las historias de sacrificio y compromiso con la ciudad, as\u00ed como de la vocaci\u00f3n de servicio que caracteriza a los Bomberos de San Felipe.<\/figcaption><\/figure>\n<p>\u2018Agua y fuego: San Felipe y su patrimonio bomberil\u2019, es el nombre del bici-tour que el Departamento de Cultura de la Municipalidad de San Felipe desarrollar\u00e1 este s\u00e1bado 15 de noviembre a partir de las 10:30 horas, con salida desde Alameda Chacabuco 178. La invitaci\u00f3n la formul\u00f3 el encargado del \u00e1rea de patrimonio del Departamento de Cultura, Manuel Z\u00fa\u00f1iga, quien manifest\u00f3 que la idea es que las familias puedan disfrutar de un paseo en bicicleta, recorriendo la ciudad para visitar los cuarteles de Bomberos de San Felipe.<br \/>\nSeg\u00fan dijo el profesional, el Cuerpo de Bomberos ha sido un organismo clave en la historia comunal, destacando que existen compa\u00f1\u00edas que dan del siglo XIX y otras del inicio del siglo XX.<br \/>\n\u00abVisitaremos la Primera Compa\u00f1\u00eda, ubicada en Calle Merced. Conoceremos sus objetos patrimoniales, fotograf\u00edas, carros de vapor y m\u00e1rtires. Todo ello bajo la amable gu\u00eda de don Rub\u00e9n Montenegro, bombero honorario. Posteriormente, nos dirigiremos hasta el sector del Liceo Corina Urbina, para visitar las dependencias de la Cuarta Compa\u00f1\u00eda Mois\u00e9s del Fierro, nacida en 1926. Podremos apreciar el material moderno y especializado en rescates\u00bb, detall\u00f3 Z\u00fa\u00f1iga.<br \/>\nA\u00f1adi\u00f3 que \u00abfinalizaremos nuestro bici-tour en el sector de Alameda Maip\u00fa, donde anta\u00f1o se ubicaba el Matadero, y hoy es el cuartel de la Segunda Compa\u00f1\u00eda La Internacional. Conoceremos a sus fundadores Malfanti, Almeida, Colombo, entre otros\u00bb. Explic\u00f3 que a trav\u00e9s de estas compa\u00f1\u00edas se puede apreciar el crecimiento de San Felipe, dado que las mismas han nacido para responder a los desaf\u00edos que les impone la ciudad a prop\u00f3sito del desarrollo habitacional.<br \/>\nDesde ya, el encargado del \u00e1rea de patrimonio manifest\u00f3 que \u00abqueremos agradecer a la Superintendencia de Bomberos, a los capitanes de las compa\u00f1\u00edas, y a todos los miembros hombres y mujeres de nuestros queridos bomberos, las facilidades que nos han brindado para permitirnos organizar este Bicitour, el cual esperamos permita reforzar el acercamiento de la comunidad con el cuerpo de bomberos sanfelipe\u00f1o\u00bb.<\/p>\n","protected":false},"excerpt":{"rendered":"<p>\u2018Agua y fuego: San Felipe y su patrimonio bomberil\u2019, es el nombre del bici-tour que el Departamento de Cultura de la Municipalidad de San Felipe desarrollar\u00e1 este s\u00e1bado 15 de noviembre a&#8230;<\/p>\n","protected":false},"author":482,"featured_media":53240,"comment_status":"open","ping_status":"closed","sticky":false,"template":"","format":"standard","meta":{"advanced_seo_description":"","jetpack_seo_html_title":"","jetpack_seo_noindex":false,"_jetpack_memberships_contains_paid_content":false,"footnotes":""},"categories":[15],"tags":[],"class_list":["post-53239","post","type-post","status-publish","format-standard","has-post-thumbnail","hentry","category-comunidad"],"jetpack_featured_media_url":"https:\/\/i0.wp.com\/eltrabajo.cl\/portal\/wp-content\/uploads\/2014\/11\/Bomberos11.jpg?fit=528%2C400&ssl=1","jetpack_sharing_enabled":true,"jetpack_likes_enabled":true,"jetpack-related-posts":[],"_links":{"self":[{"href":"https:\/\/eltrabajo.cl\/portal\/wp-json\/wp\/v2\/posts\/53239","targetHints":{"allow":["GET"]}}],"collection":[{"href":"https:\/\/eltrabajo.cl\/portal\/wp-json\/wp\/v2\/posts"}],"about":[{"href":"https:\/\/eltrabajo.cl\/portal\/wp-json\/wp\/v2\/types\/post"}],"author":[{"embeddable":true,"href":"https:\/\/eltrabajo.cl\/portal\/wp-json\/wp\/v2\/users\/482"}],"replies":[{"embeddable":true,"href":"https:\/\/eltrabajo.cl\/portal\/wp-json\/wp\/v2\/comments?post=53239"}],"version-history":[{"count":0,"href":"https:\/\/eltrabajo.cl\/portal\/wp-json\/wp\/v2\/posts\/53239\/revisions"}],"wp:featuredmedia":[{"embeddable":true,"href":"https:\/\/eltrabajo.cl\/portal\/wp-json\/wp\/v2\/media\/53240"}],"wp:attachment":[{"href":"https:\/\/eltrabajo.cl\/portal\/wp-json\/wp\/v2\/media?parent=53239"}],"wp:term":[{"taxonomy":"category","embeddable":true,"href":"https:\/\/eltrabajo.cl\/portal\/wp-json\/wp\/v2\/categories?post=53239"},{"taxonomy":"post_tag","embeddable":true,"href":"https:\/\/eltrabajo.cl\/portal\/wp-json\/wp\/v2\/tags?post=53239"}],"curies":[{"name":"wp","href":"https:\/\/api.w.org\/{rel}","templated":true}]}}