{"id":53251,"date":"2014-11-12T09:20:11","date_gmt":"2014-11-12T12:20:11","guid":{"rendered":"http:\/\/www.eltrabajo.cl\/portal\/?p=53251"},"modified":"2014-11-12T09:28:54","modified_gmt":"2014-11-12T12:28:54","slug":"mientras-profesores-bloquean-carretera-e-71-estudiantes-se-toman-el-liceo","status":"publish","type":"post","link":"https:\/\/eltrabajo.cl\/portal\/mientras-profesores-bloquean-carretera-e-71-estudiantes-se-toman-el-liceo\/","title":{"rendered":"Mientras profesores bloquean Carretera E-71 estudiantes se toman el liceo"},"content":{"rendered":"<figure id=\"attachment_53252\" aria-describedby=\"caption-attachment-53252\" style=\"width: 529px\" class=\"wp-caption alignnone\"><a href=\"https:\/\/i0.wp.com\/www.eltrabajo.cl\/portal\/wp-content\/uploads\/2014\/11\/Toma2.jpg\"><img data-recalc-dims=\"1\" loading=\"lazy\" decoding=\"async\" class=\"size-full wp-image-53252\" src=\"https:\/\/i0.wp.com\/www.eltrabajo.cl\/portal\/wp-content\/uploads\/2014\/11\/Toma2.jpg?resize=529%2C305\" alt=\"M\u00e1s de 30 estudiantes del Liceo Manuel Mar\u00edn Fritis se tomaron las dependencias cuestionando el paro de los profesores.\" width=\"529\" height=\"305\" srcset=\"https:\/\/i0.wp.com\/eltrabajo.cl\/portal\/wp-content\/uploads\/2014\/11\/Toma2.jpg?w=529&amp;ssl=1 529w, https:\/\/i0.wp.com\/eltrabajo.cl\/portal\/wp-content\/uploads\/2014\/11\/Toma2.jpg?resize=200%2C115&amp;ssl=1 200w, https:\/\/i0.wp.com\/eltrabajo.cl\/portal\/wp-content\/uploads\/2014\/11\/Toma2.jpg?resize=300%2C172&amp;ssl=1 300w, https:\/\/i0.wp.com\/eltrabajo.cl\/portal\/wp-content\/uploads\/2014\/11\/Toma2.jpg?resize=150%2C86&amp;ssl=1 150w, https:\/\/i0.wp.com\/eltrabajo.cl\/portal\/wp-content\/uploads\/2014\/11\/Toma2.jpg?resize=400%2C230&amp;ssl=1 400w\" sizes=\"auto, (max-width: 529px) 100vw, 529px\" \/><\/a><figcaption id=\"caption-attachment-53252\" class=\"wp-caption-text\">M\u00e1s de 30 estudiantes del Liceo Manuel Mar\u00edn Fritis se tomaron las dependencias cuestionando el paro de los profesores.<\/figcaption><\/figure>\n<p><strong>PUTAENDO<\/strong>.- La toma del Liceo Manuel Mar\u00edn Fritis contin\u00faa por parte de los estudiantes del establecimiento, a pesar de haber llegado a un acuerdo, mientras que los profesores de Putaendo que se encuentran en paro, bloquearon la carretera Putaendo-San Felipe en las cercan\u00edas de la Escuela Mar\u00eda Leiva de Las Coimas.<\/p>\n<figure id=\"attachment_53253\" aria-describedby=\"caption-attachment-53253\" style=\"width: 400px\" class=\"wp-caption alignright\"><a href=\"https:\/\/i0.wp.com\/www.eltrabajo.cl\/portal\/wp-content\/uploads\/2014\/11\/Toma1.jpg\"><img data-recalc-dims=\"1\" loading=\"lazy\" decoding=\"async\" class=\"wp-image-53253\" src=\"https:\/\/i0.wp.com\/www.eltrabajo.cl\/portal\/wp-content\/uploads\/2014\/11\/Toma1.jpg?resize=400%2C271\" alt=\"Los profesores de Putaendo que se encuentran en paro, bloquearon la carretera Putaendo-San Felipe en las cercan\u00edas de la Escuela Mar\u00eda Leiva de Las Coimas.\" width=\"400\" height=\"271\" srcset=\"https:\/\/i0.wp.com\/eltrabajo.cl\/portal\/wp-content\/uploads\/2014\/11\/Toma1.jpg?w=529&amp;ssl=1 529w, https:\/\/i0.wp.com\/eltrabajo.cl\/portal\/wp-content\/uploads\/2014\/11\/Toma1.jpg?resize=200%2C135&amp;ssl=1 200w, https:\/\/i0.wp.com\/eltrabajo.cl\/portal\/wp-content\/uploads\/2014\/11\/Toma1.jpg?resize=300%2C203&amp;ssl=1 300w, https:\/\/i0.wp.com\/eltrabajo.cl\/portal\/wp-content\/uploads\/2014\/11\/Toma1.jpg?resize=150%2C101&amp;ssl=1 150w, https:\/\/i0.wp.com\/eltrabajo.cl\/portal\/wp-content\/uploads\/2014\/11\/Toma1.jpg?resize=400%2C270&amp;ssl=1 400w\" sizes=\"auto, (max-width: 400px) 100vw, 400px\" \/><\/a><figcaption id=\"caption-attachment-53253\" class=\"wp-caption-text\">Los profesores de Putaendo que se encuentran en paro, bloquearon la carretera Putaendo-San Felipe en las cercan\u00edas de la Escuela Mar\u00eda Leiva de Las Coimas.<\/figcaption><\/figure>\n<p>M\u00e1s de 30 estudiantes del Liceo Manuel Mar\u00edn Fritis se tomaron las dependencias cuestionando el paro de los profesores, pues seg\u00fan indicaron, les est\u00e1 generando varios inconvenientes, entre los cuales se encuentra la p\u00e9rdida de matr\u00edculas y becas.<br \/>\nEn horas de la ma\u00f1ana de este martes se logr\u00f3 un acuerdo con los estudiantes y que b\u00e1sicamente consiste en que la licenciatura se realizar\u00e1 el 27 de noviembre, contin\u00fae o no la paralizaci\u00f3n de los profesores, y adem\u00e1s los estudiantes recibieron garant\u00edas que la movilizaci\u00f3n de los docentes no les perjudicar\u00e1 en la entrega de notas, licencia de ense\u00f1anza media y la postulaci\u00f3n a becas para continuidad de estudios.<br \/>\nPese a lo anterior, los estudiantes mantienen firme la toma del Liceo Manuel Mar\u00edn Fritis en car\u00e1cter de indefinida y en constante evaluaci\u00f3n. Por su parte los profesores que tambi\u00e9n se encuentran en paro, se reunieron a primera hora de este martes y decidieron continuar con la paralizaci\u00f3n, pues est\u00e1n en desacuerdo con las medidas adoptadas por el magisterio a nivel nacional y el Presidente del Colegio de Profesores de Putaendo, Mario Herrera, asegur\u00f3 que el paro continuar\u00e1 en forma indefinida.<br \/>\nA eso de las 12:30 horas, los profesores que se dirig\u00edan a una asamblea en la Escuela Mar\u00eda Leiva de Las Coimas, bloquearon la Carretera E-71 por espacio de no m\u00e1s de diez minutos y los veh\u00edculos que transitaban en ambos sentidos debieron ser desviados por los caminos interiores del sector. Despu\u00e9s de transcurridos algunos minutos, en completo orden y sin incidentes, los profesores desocuparon la carretera, por lo que el tr\u00e1nsito volvi\u00f3 a la normalidad.<br \/>\nPatricio Gallardo M.<\/p>\n","protected":false},"excerpt":{"rendered":"<p>PUTAENDO.- La toma del Liceo Manuel Mar\u00edn Fritis contin\u00faa por parte de los estudiantes del establecimiento, a pesar de haber llegado a un acuerdo, mientras que los profesores de Putaendo que se&#8230;<\/p>\n","protected":false},"author":482,"featured_media":53252,"comment_status":"open","ping_status":"closed","sticky":false,"template":"","format":"standard","meta":{"advanced_seo_description":"","jetpack_seo_html_title":"","jetpack_seo_noindex":false,"_jetpack_memberships_contains_paid_content":false,"footnotes":""},"categories":[15],"tags":[],"class_list":["post-53251","post","type-post","status-publish","format-standard","has-post-thumbnail","hentry","category-comunidad"],"jetpack_featured_media_url":"https:\/\/i0.wp.com\/eltrabajo.cl\/portal\/wp-content\/uploads\/2014\/11\/Toma2.jpg?fit=529%2C305&ssl=1","jetpack_sharing_enabled":true,"jetpack_likes_enabled":true,"jetpack-related-posts":[],"_links":{"self":[{"href":"https:\/\/eltrabajo.cl\/portal\/wp-json\/wp\/v2\/posts\/53251","targetHints":{"allow":["GET"]}}],"collection":[{"href":"https:\/\/eltrabajo.cl\/portal\/wp-json\/wp\/v2\/posts"}],"about":[{"href":"https:\/\/eltrabajo.cl\/portal\/wp-json\/wp\/v2\/types\/post"}],"author":[{"embeddable":true,"href":"https:\/\/eltrabajo.cl\/portal\/wp-json\/wp\/v2\/users\/482"}],"replies":[{"embeddable":true,"href":"https:\/\/eltrabajo.cl\/portal\/wp-json\/wp\/v2\/comments?post=53251"}],"version-history":[{"count":0,"href":"https:\/\/eltrabajo.cl\/portal\/wp-json\/wp\/v2\/posts\/53251\/revisions"}],"wp:featuredmedia":[{"embeddable":true,"href":"https:\/\/eltrabajo.cl\/portal\/wp-json\/wp\/v2\/media\/53252"}],"wp:attachment":[{"href":"https:\/\/eltrabajo.cl\/portal\/wp-json\/wp\/v2\/media?parent=53251"}],"wp:term":[{"taxonomy":"category","embeddable":true,"href":"https:\/\/eltrabajo.cl\/portal\/wp-json\/wp\/v2\/categories?post=53251"},{"taxonomy":"post_tag","embeddable":true,"href":"https:\/\/eltrabajo.cl\/portal\/wp-json\/wp\/v2\/tags?post=53251"}],"curies":[{"name":"wp","href":"https:\/\/api.w.org\/{rel}","templated":true}]}}