{"id":53258,"date":"2014-11-13T09:19:24","date_gmt":"2014-11-13T12:19:24","guid":{"rendered":"http:\/\/www.eltrabajo.cl\/portal\/?p=53258"},"modified":"2014-11-13T09:19:24","modified_gmt":"2014-11-13T12:19:24","slug":"con-disfraces-y-bailes-escuela-renacer-prepara-su-gran-pena-folclorica","status":"publish","type":"post","link":"https:\/\/eltrabajo.cl\/portal\/con-disfraces-y-bailes-escuela-renacer-prepara-su-gran-pena-folclorica\/","title":{"rendered":"Con disfraces y bailes Escuela Renacer prepara su gran pe\u00f1a folcl\u00f3rica"},"content":{"rendered":"<figure id=\"attachment_53259\" aria-describedby=\"caption-attachment-53259\" style=\"width: 529px\" class=\"wp-caption alignnone\"><a href=\"https:\/\/i0.wp.com\/www.eltrabajo.cl\/portal\/wp-content\/uploads\/2014\/11\/Pena2.jpg\"><img data-recalc-dims=\"1\" loading=\"lazy\" decoding=\"async\" class=\"size-full wp-image-53259\" src=\"https:\/\/i0.wp.com\/www.eltrabajo.cl\/portal\/wp-content\/uploads\/2014\/11\/Pena2.jpg?resize=529%2C310\" alt=\"La Escuela Renacer de Quebrada Herrera se encuentra preparando su gran pe\u00f1a folcl\u00f3rica, y en un anticipo presentaron una entretenida jornada de disfraces y bailes.\" width=\"529\" height=\"310\" srcset=\"https:\/\/i0.wp.com\/eltrabajo.cl\/portal\/wp-content\/uploads\/2014\/11\/Pena2.jpg?w=529&amp;ssl=1 529w, https:\/\/i0.wp.com\/eltrabajo.cl\/portal\/wp-content\/uploads\/2014\/11\/Pena2.jpg?resize=200%2C117&amp;ssl=1 200w, https:\/\/i0.wp.com\/eltrabajo.cl\/portal\/wp-content\/uploads\/2014\/11\/Pena2.jpg?resize=300%2C175&amp;ssl=1 300w, https:\/\/i0.wp.com\/eltrabajo.cl\/portal\/wp-content\/uploads\/2014\/11\/Pena2.jpg?resize=150%2C87&amp;ssl=1 150w, https:\/\/i0.wp.com\/eltrabajo.cl\/portal\/wp-content\/uploads\/2014\/11\/Pena2.jpg?resize=400%2C234&amp;ssl=1 400w\" sizes=\"auto, (max-width: 529px) 100vw, 529px\" \/><\/a><figcaption id=\"caption-attachment-53259\" class=\"wp-caption-text\">La Escuela Renacer de Quebrada Herrera se encuentra preparando su gran pe\u00f1a folcl\u00f3rica, y en un anticipo presentaron una entretenida jornada de disfraces y bailes.<\/figcaption><\/figure>\n<p><strong>PUTAENDO<\/strong>.- La Escuela Renacer de Quebrada Herrera se encuentra preparando su gran pe\u00f1a folcl\u00f3rica, y en un anticipo presentaron una entretenida jornada de disfraces y bailes. A pesar del paro de profesores que hay en la comuna, esta actividad se desarroll\u00f3 de todas formas y cont\u00f3 con el importante apoyo de los apoderados, y de la direcci\u00f3n del establecimiento.<\/p>\n<figure id=\"attachment_53260\" aria-describedby=\"caption-attachment-53260\" style=\"width: 400px\" class=\"wp-caption alignright\"><a href=\"https:\/\/i0.wp.com\/www.eltrabajo.cl\/portal\/wp-content\/uploads\/2014\/11\/Pena1.jpg\"><img data-recalc-dims=\"1\" loading=\"lazy\" decoding=\"async\" class=\"wp-image-53260\" src=\"https:\/\/i0.wp.com\/www.eltrabajo.cl\/portal\/wp-content\/uploads\/2014\/11\/Pena1.jpg?resize=400%2C262\" alt=\"Los m\u00e1s peque\u00f1os, con mucho entusiasmo y junto al apoyo de sus padres, ocuparon toda su creatividad en una peque\u00f1a pero significativa ceremonia.\" width=\"400\" height=\"262\" srcset=\"https:\/\/i0.wp.com\/eltrabajo.cl\/portal\/wp-content\/uploads\/2014\/11\/Pena1.jpg?w=529&amp;ssl=1 529w, https:\/\/i0.wp.com\/eltrabajo.cl\/portal\/wp-content\/uploads\/2014\/11\/Pena1.jpg?resize=200%2C131&amp;ssl=1 200w, https:\/\/i0.wp.com\/eltrabajo.cl\/portal\/wp-content\/uploads\/2014\/11\/Pena1.jpg?resize=300%2C196&amp;ssl=1 300w, https:\/\/i0.wp.com\/eltrabajo.cl\/portal\/wp-content\/uploads\/2014\/11\/Pena1.jpg?resize=150%2C98&amp;ssl=1 150w, https:\/\/i0.wp.com\/eltrabajo.cl\/portal\/wp-content\/uploads\/2014\/11\/Pena1.jpg?resize=400%2C262&amp;ssl=1 400w\" sizes=\"auto, (max-width: 400px) 100vw, 400px\" \/><\/a><figcaption id=\"caption-attachment-53260\" class=\"wp-caption-text\">Los m\u00e1s peque\u00f1os, con mucho entusiasmo y junto al apoyo de sus padres, ocuparon toda su creatividad en una peque\u00f1a pero significativa ceremonia.<\/figcaption><\/figure>\n<p>Las distintas candidaturas a reina de los cursos m\u00e1s peque\u00f1os hasta octavo b\u00e1sico realizaron un entretenido show art\u00edstico, con desfiles y bailes.<br \/>\nMarjorie Olgu\u00edn, Presidenta del Centro de Apoderados del octavo a\u00f1o b\u00e1sico, se refiri\u00f3 a esta actividad y la catalog\u00f3 como algo muy positivo e importante, por lo que realiz\u00f3 una invitaci\u00f3n a toda la comunidad para que les acompa\u00f1e el pr\u00f3ximo viernes 14 desde las 20:00 horas, a la gran pe\u00f1a folcl\u00f3rica que se desarrollar\u00e1 en el mismo colegio, ocasi\u00f3n donde se proceder\u00e1 a la coronaci\u00f3n de la reina.<br \/>\nLos m\u00e1s peque\u00f1os, con mucho entusiasmo y junto al apoyo de sus padres, ocuparon toda su creatividad en una peque\u00f1a pero significativa ceremonia de la Escuela Renacer de Quebrada Herrera, que con disfraces y bailes ya prepara su gran pe\u00f1a folcl\u00f3rica 2014.<br \/>\nPatricio Gallardo M.<\/p>\n","protected":false},"excerpt":{"rendered":"<p>PUTAENDO.- La Escuela Renacer de Quebrada Herrera se encuentra preparando su gran pe\u00f1a folcl\u00f3rica, y en un anticipo presentaron una entretenida jornada de disfraces y bailes. A pesar del paro de profesores&#8230;<\/p>\n","protected":false},"author":482,"featured_media":53259,"comment_status":"open","ping_status":"closed","sticky":false,"template":"","format":"standard","meta":{"advanced_seo_description":"","jetpack_seo_html_title":"","jetpack_seo_noindex":false,"_jetpack_memberships_contains_paid_content":false,"footnotes":""},"categories":[15],"tags":[],"class_list":["post-53258","post","type-post","status-publish","format-standard","has-post-thumbnail","hentry","category-comunidad"],"jetpack_featured_media_url":"https:\/\/i0.wp.com\/eltrabajo.cl\/portal\/wp-content\/uploads\/2014\/11\/Pena2.jpg?fit=529%2C310&ssl=1","jetpack_sharing_enabled":true,"jetpack_likes_enabled":true,"jetpack-related-posts":[],"_links":{"self":[{"href":"https:\/\/eltrabajo.cl\/portal\/wp-json\/wp\/v2\/posts\/53258","targetHints":{"allow":["GET"]}}],"collection":[{"href":"https:\/\/eltrabajo.cl\/portal\/wp-json\/wp\/v2\/posts"}],"about":[{"href":"https:\/\/eltrabajo.cl\/portal\/wp-json\/wp\/v2\/types\/post"}],"author":[{"embeddable":true,"href":"https:\/\/eltrabajo.cl\/portal\/wp-json\/wp\/v2\/users\/482"}],"replies":[{"embeddable":true,"href":"https:\/\/eltrabajo.cl\/portal\/wp-json\/wp\/v2\/comments?post=53258"}],"version-history":[{"count":0,"href":"https:\/\/eltrabajo.cl\/portal\/wp-json\/wp\/v2\/posts\/53258\/revisions"}],"wp:featuredmedia":[{"embeddable":true,"href":"https:\/\/eltrabajo.cl\/portal\/wp-json\/wp\/v2\/media\/53259"}],"wp:attachment":[{"href":"https:\/\/eltrabajo.cl\/portal\/wp-json\/wp\/v2\/media?parent=53258"}],"wp:term":[{"taxonomy":"category","embeddable":true,"href":"https:\/\/eltrabajo.cl\/portal\/wp-json\/wp\/v2\/categories?post=53258"},{"taxonomy":"post_tag","embeddable":true,"href":"https:\/\/eltrabajo.cl\/portal\/wp-json\/wp\/v2\/tags?post=53258"}],"curies":[{"name":"wp","href":"https:\/\/api.w.org\/{rel}","templated":true}]}}