{"id":53262,"date":"2014-11-13T09:22:43","date_gmt":"2014-11-13T12:22:43","guid":{"rendered":"http:\/\/www.eltrabajo.cl\/portal\/?p=53262"},"modified":"2014-11-13T09:22:43","modified_gmt":"2014-11-13T12:22:43","slug":"vecinos-recibieron-primeros-dialogos-participativos-2014","status":"publish","type":"post","link":"https:\/\/eltrabajo.cl\/portal\/vecinos-recibieron-primeros-dialogos-participativos-2014\/","title":{"rendered":"Vecinos recibieron primeros di\u00e1logos participativos 2014"},"content":{"rendered":"<figure id=\"attachment_53263\" aria-describedby=\"caption-attachment-53263\" style=\"width: 529px\" class=\"wp-caption alignnone\"><a href=\"https:\/\/i0.wp.com\/www.eltrabajo.cl\/portal\/wp-content\/uploads\/2014\/11\/Dialogos1.jpg\"><img data-recalc-dims=\"1\" loading=\"lazy\" decoding=\"async\" class=\"size-full wp-image-53263\" src=\"https:\/\/i0.wp.com\/www.eltrabajo.cl\/portal\/wp-content\/uploads\/2014\/11\/Dialogos1.jpg?resize=529%2C358\" alt=\"M\u00e1s de un centenar de representantes sociales de Los Andes y San Felipe participaron de la instancia. \" width=\"529\" height=\"358\" srcset=\"https:\/\/i0.wp.com\/eltrabajo.cl\/portal\/wp-content\/uploads\/2014\/11\/Dialogos1.jpg?w=529&amp;ssl=1 529w, https:\/\/i0.wp.com\/eltrabajo.cl\/portal\/wp-content\/uploads\/2014\/11\/Dialogos1.jpg?resize=200%2C135&amp;ssl=1 200w, https:\/\/i0.wp.com\/eltrabajo.cl\/portal\/wp-content\/uploads\/2014\/11\/Dialogos1.jpg?resize=300%2C203&amp;ssl=1 300w, https:\/\/i0.wp.com\/eltrabajo.cl\/portal\/wp-content\/uploads\/2014\/11\/Dialogos1.jpg?resize=150%2C101&amp;ssl=1 150w, https:\/\/i0.wp.com\/eltrabajo.cl\/portal\/wp-content\/uploads\/2014\/11\/Dialogos1.jpg?resize=400%2C270&amp;ssl=1 400w\" sizes=\"auto, (max-width: 529px) 100vw, 529px\" \/><\/a><figcaption id=\"caption-attachment-53263\" class=\"wp-caption-text\">M\u00e1s de un centenar de representantes sociales de Los Andes y San Felipe participaron de la instancia.<\/figcaption><\/figure>\n<p>En Llay Llay, el evento se efectu\u00f3 en el Liceo Menesiano Sagrado Coraz\u00f3n, establecimiento que recibi\u00f3 a m\u00e1s de 50 personas provenientes desde distintos puntos de la provincia de San Felipe, quienes conformaron cinco grupos de trabajo. Tras la explicaci\u00f3n metodol\u00f3gica de la Encargada de la actividad, Patricia Arriagada, representantes de organizaciones vecinales, sociales y educacionales, trabajaron por grupos que incluy\u00f3 seis preguntas experiencias respecto al acceso al trabajo y a la capacitaci\u00f3n, opiniones sobre discriminaci\u00f3n laboral y propuestas para mejorar las condiciones en el trabajo de las personas.<\/p>\n","protected":false},"excerpt":{"rendered":"<p>En Llay Llay, el evento se efectu\u00f3 en el Liceo Menesiano Sagrado Coraz\u00f3n, establecimiento que recibi\u00f3 a m\u00e1s de 50 personas provenientes desde distintos puntos de la provincia de San Felipe, quienes&#8230;<\/p>\n","protected":false},"author":482,"featured_media":53263,"comment_status":"open","ping_status":"closed","sticky":false,"template":"","format":"standard","meta":{"advanced_seo_description":"","jetpack_seo_html_title":"","jetpack_seo_noindex":false,"_jetpack_memberships_contains_paid_content":false,"footnotes":""},"categories":[15],"tags":[],"class_list":["post-53262","post","type-post","status-publish","format-standard","has-post-thumbnail","hentry","category-comunidad"],"jetpack_featured_media_url":"https:\/\/i0.wp.com\/eltrabajo.cl\/portal\/wp-content\/uploads\/2014\/11\/Dialogos1.jpg?fit=529%2C358&ssl=1","jetpack_sharing_enabled":true,"jetpack_likes_enabled":true,"jetpack-related-posts":[],"_links":{"self":[{"href":"https:\/\/eltrabajo.cl\/portal\/wp-json\/wp\/v2\/posts\/53262","targetHints":{"allow":["GET"]}}],"collection":[{"href":"https:\/\/eltrabajo.cl\/portal\/wp-json\/wp\/v2\/posts"}],"about":[{"href":"https:\/\/eltrabajo.cl\/portal\/wp-json\/wp\/v2\/types\/post"}],"author":[{"embeddable":true,"href":"https:\/\/eltrabajo.cl\/portal\/wp-json\/wp\/v2\/users\/482"}],"replies":[{"embeddable":true,"href":"https:\/\/eltrabajo.cl\/portal\/wp-json\/wp\/v2\/comments?post=53262"}],"version-history":[{"count":0,"href":"https:\/\/eltrabajo.cl\/portal\/wp-json\/wp\/v2\/posts\/53262\/revisions"}],"wp:featuredmedia":[{"embeddable":true,"href":"https:\/\/eltrabajo.cl\/portal\/wp-json\/wp\/v2\/media\/53263"}],"wp:attachment":[{"href":"https:\/\/eltrabajo.cl\/portal\/wp-json\/wp\/v2\/media?parent=53262"}],"wp:term":[{"taxonomy":"category","embeddable":true,"href":"https:\/\/eltrabajo.cl\/portal\/wp-json\/wp\/v2\/categories?post=53262"},{"taxonomy":"post_tag","embeddable":true,"href":"https:\/\/eltrabajo.cl\/portal\/wp-json\/wp\/v2\/tags?post=53262"}],"curies":[{"name":"wp","href":"https:\/\/api.w.org\/{rel}","templated":true}]}}