{"id":53265,"date":"2014-11-13T09:23:42","date_gmt":"2014-11-13T12:23:42","guid":{"rendered":"http:\/\/www.eltrabajo.cl\/portal\/?p=53265"},"modified":"2014-11-13T09:23:42","modified_gmt":"2014-11-13T12:23:42","slug":"inauguran-instalacion-de-estanques-para-agua-potable-en-el-gredal","status":"publish","type":"post","link":"https:\/\/eltrabajo.cl\/portal\/inauguran-instalacion-de-estanques-para-agua-potable-en-el-gredal\/","title":{"rendered":"Inauguran instalaci\u00f3n de estanques para agua potable en El Gredal"},"content":{"rendered":"<figure id=\"attachment_53266\" aria-describedby=\"caption-attachment-53266\" style=\"width: 529px\" class=\"wp-caption alignnone\"><a href=\"https:\/\/i0.wp.com\/www.eltrabajo.cl\/portal\/wp-content\/uploads\/2014\/11\/Nueva1.jpg\"><img data-recalc-dims=\"1\" loading=\"lazy\" decoding=\"async\" class=\"size-full wp-image-53266\" src=\"https:\/\/i0.wp.com\/www.eltrabajo.cl\/portal\/wp-content\/uploads\/2014\/11\/Nueva1.jpg?resize=529%2C351\" alt=\"Cada uno de los estanques tiene una capacidad de 5.000 litros, los cuales, a trav\u00e9s de un sistema interconectado, podr\u00e1n entregar 20.000 litros dos veces por semana a la localidad sanestebina.\" width=\"529\" height=\"351\" srcset=\"https:\/\/i0.wp.com\/eltrabajo.cl\/portal\/wp-content\/uploads\/2014\/11\/Nueva1.jpg?w=529&amp;ssl=1 529w, https:\/\/i0.wp.com\/eltrabajo.cl\/portal\/wp-content\/uploads\/2014\/11\/Nueva1.jpg?resize=200%2C132&amp;ssl=1 200w, https:\/\/i0.wp.com\/eltrabajo.cl\/portal\/wp-content\/uploads\/2014\/11\/Nueva1.jpg?resize=300%2C199&amp;ssl=1 300w, https:\/\/i0.wp.com\/eltrabajo.cl\/portal\/wp-content\/uploads\/2014\/11\/Nueva1.jpg?resize=150%2C99&amp;ssl=1 150w, https:\/\/i0.wp.com\/eltrabajo.cl\/portal\/wp-content\/uploads\/2014\/11\/Nueva1.jpg?resize=400%2C265&amp;ssl=1 400w\" sizes=\"auto, (max-width: 529px) 100vw, 529px\" \/><\/a><figcaption id=\"caption-attachment-53266\" class=\"wp-caption-text\">Cada uno de los estanques tiene una capacidad de 5.000 litros, los cuales, a trav\u00e9s de un sistema interconectado, podr\u00e1n entregar 20.000 litros dos veces por semana a la localidad sanestebina.<\/figcaption><\/figure>\n<p><strong>SAN ESTEBAN<\/strong>.- La Gobernadora Provincial de Los Andes y el Alcalde de la comuna de San Esteban, Ren\u00e9 Mardones, inauguraron un sistema de cuatro estanques que permitir\u00e1n suministrar de agua potable a los hogares del sector El Gredal, de la misma comuna. Cada uno de los estanques tiene una capacidad de 5.000 litros, los cuales, a trav\u00e9s de un sistema interconectado, podr\u00e1n entregar 20.000 litros dos veces por semana a la localidad sanestebina, principalmente, a diez casas, cuya inversi\u00f3n alcanza $1.500.000.<br \/>\nSusana Gonz\u00e1lez, Presidente de la Junta de Vecinos de El Gredal, se\u00f1al\u00f3 su satisfacci\u00f3n por este proyecto inaugurado, puesto que anteriormente, los camiones aljibes dotaban de agua diariamente, mientras que con ahora se podr\u00e1 almacenar el agua y entregar mayor durabilidad, evitando la escasez del suministro en diez casas del sector.<\/p>\n","protected":false},"excerpt":{"rendered":"<p>SAN ESTEBAN.- La Gobernadora Provincial de Los Andes y el Alcalde de la comuna de San Esteban, Ren\u00e9 Mardones, inauguraron un sistema de cuatro estanques que permitir\u00e1n suministrar de agua potable a&#8230;<\/p>\n","protected":false},"author":482,"featured_media":53266,"comment_status":"open","ping_status":"closed","sticky":false,"template":"","format":"standard","meta":{"advanced_seo_description":"","jetpack_seo_html_title":"","jetpack_seo_noindex":false,"_jetpack_memberships_contains_paid_content":false,"footnotes":""},"categories":[15],"tags":[],"class_list":["post-53265","post","type-post","status-publish","format-standard","has-post-thumbnail","hentry","category-comunidad"],"jetpack_featured_media_url":"https:\/\/i0.wp.com\/eltrabajo.cl\/portal\/wp-content\/uploads\/2014\/11\/Nueva1.jpg?fit=529%2C351&ssl=1","jetpack_sharing_enabled":true,"jetpack_likes_enabled":true,"jetpack-related-posts":[],"_links":{"self":[{"href":"https:\/\/eltrabajo.cl\/portal\/wp-json\/wp\/v2\/posts\/53265","targetHints":{"allow":["GET"]}}],"collection":[{"href":"https:\/\/eltrabajo.cl\/portal\/wp-json\/wp\/v2\/posts"}],"about":[{"href":"https:\/\/eltrabajo.cl\/portal\/wp-json\/wp\/v2\/types\/post"}],"author":[{"embeddable":true,"href":"https:\/\/eltrabajo.cl\/portal\/wp-json\/wp\/v2\/users\/482"}],"replies":[{"embeddable":true,"href":"https:\/\/eltrabajo.cl\/portal\/wp-json\/wp\/v2\/comments?post=53265"}],"version-history":[{"count":0,"href":"https:\/\/eltrabajo.cl\/portal\/wp-json\/wp\/v2\/posts\/53265\/revisions"}],"wp:featuredmedia":[{"embeddable":true,"href":"https:\/\/eltrabajo.cl\/portal\/wp-json\/wp\/v2\/media\/53266"}],"wp:attachment":[{"href":"https:\/\/eltrabajo.cl\/portal\/wp-json\/wp\/v2\/media?parent=53265"}],"wp:term":[{"taxonomy":"category","embeddable":true,"href":"https:\/\/eltrabajo.cl\/portal\/wp-json\/wp\/v2\/categories?post=53265"},{"taxonomy":"post_tag","embeddable":true,"href":"https:\/\/eltrabajo.cl\/portal\/wp-json\/wp\/v2\/tags?post=53265"}],"curies":[{"name":"wp","href":"https:\/\/api.w.org\/{rel}","templated":true}]}}