{"id":53282,"date":"2014-11-13T09:33:40","date_gmt":"2014-11-13T12:33:40","guid":{"rendered":"http:\/\/www.eltrabajo.cl\/portal\/?p=53282"},"modified":"2014-11-13T09:33:40","modified_gmt":"2014-11-13T12:33:40","slug":"bus-municipal-abandono-a-estudiante-de-las-minillas-en-el-tartaro","status":"publish","type":"post","link":"https:\/\/eltrabajo.cl\/portal\/bus-municipal-abandono-a-estudiante-de-las-minillas-en-el-tartaro\/","title":{"rendered":"Bus municipal abandon\u00f3 a estudiante de Las Minillas en El T\u00e1rtaro"},"content":{"rendered":"<figure id=\"attachment_53283\" aria-describedby=\"caption-attachment-53283\" style=\"width: 300px\" class=\"wp-caption alignleft\"><a href=\"https:\/\/i0.wp.com\/www.eltrabajo.cl\/portal\/wp-content\/uploads\/2014\/11\/Madre1.jpg\"><img data-recalc-dims=\"1\" loading=\"lazy\" decoding=\"async\" class=\"wp-image-53283 size-medium\" src=\"https:\/\/i0.wp.com\/www.eltrabajo.cl\/portal\/wp-content\/uploads\/2014\/11\/Madre1-300x222.jpg?resize=300%2C222\" alt=\"Karina Leiva con su hijo, estudiante de diez a\u00f1os, estudiante del Colegio Marie Poussepin de Putaendo, exige explicaciones a las autoridades municipales.\" width=\"300\" height=\"222\" srcset=\"https:\/\/i0.wp.com\/eltrabajo.cl\/portal\/wp-content\/uploads\/2014\/11\/Madre1.jpg?resize=300%2C222&amp;ssl=1 300w, https:\/\/i0.wp.com\/eltrabajo.cl\/portal\/wp-content\/uploads\/2014\/11\/Madre1.jpg?resize=200%2C148&amp;ssl=1 200w, https:\/\/i0.wp.com\/eltrabajo.cl\/portal\/wp-content\/uploads\/2014\/11\/Madre1.jpg?resize=150%2C111&amp;ssl=1 150w, https:\/\/i0.wp.com\/eltrabajo.cl\/portal\/wp-content\/uploads\/2014\/11\/Madre1.jpg?resize=400%2C296&amp;ssl=1 400w, https:\/\/i0.wp.com\/eltrabajo.cl\/portal\/wp-content\/uploads\/2014\/11\/Madre1.jpg?w=529&amp;ssl=1 529w\" sizes=\"auto, (max-width: 300px) 100vw, 300px\" \/><\/a><figcaption id=\"caption-attachment-53283\" class=\"wp-caption-text\">Karina Leiva con su hijo, estudiante de diez a\u00f1os, estudiante del Colegio Marie Poussepin de Putaendo, exige explicaciones a las autoridades municipales.<\/figcaption><\/figure>\n<p><strong>PUTAENDO<\/strong>.- El bus que transporta escolares y que pertenece a la Municipalidad de Putaendo, dej\u00f3 abandonado a un escolar de diez a\u00f1os, quien reside al interior del sector Las Minillas, el cual fue dejado solo en el sector de El T\u00e1rtaro, a poco m\u00e1s de diez kil\u00f3metros de su hogar.<br \/>\nKarina Leiva, madre del estudiante de diez a\u00f1os, estudiante del Colegio Marie Poussepin de Putaendo, se\u00f1al\u00f3 a nuestro medio que su hijo puede viajar a estudiar al establecimiento, gracias al convenio que existe entre el Municipio y la Escuela Marie Poussepin, que permite que su hijo y otros estudiantes de ese colegio aborden la micro municipal que trae estudiantes desde El Guayac\u00e1n, Las Minillas y El Tuc\u00faquere hasta el centro de Putaendo y en la tarde son dejados en la carretera, donde en el caso de su hijo, camina aproximadamente dos kil\u00f3metros hacia el interior de los cerros hasta llegar a su hogar.<\/p>\n<p><strong>LO ABANDONARON<\/strong><br \/>\nLa mujer denunci\u00f3 que el martes pasado su hijo tom\u00f3 en la ma\u00f1ana la micro con normalidad, al igual que en la tarde para regresar a su hogar, pero a eso de las 16:30 horas aproximadamente, cuando la micro lleg\u00f3 al cruce de El T\u00e1rtaro, donde est\u00e1 la Escuela Paso Hist\u00f3rico de ese sector, el chofer de la micro le dijo a su hijo que se deb\u00eda bajar, pues hasta ah\u00ed llegaba el recorrido, ya que los colegios municipales estaban en paro de profesores y por esa raz\u00f3n \u00e9l no iba a viajar hacia Las Minillas a dejarlo.<br \/>\nKarina Leiva asegur\u00f3 que su hijo, que es bastante t\u00edmido, se baj\u00f3 y se qued\u00f3 solo en ese sector que es un cruce muy peligroso, trat\u00f3 de caminar por la carretera para dirigirse a su hogar, pero al ver lo peligroso que era se mantuvo por varias horas en el sector, hasta que pasadas las 18:30 horas aproximadamente, camin\u00f3 desde ese lugar hasta el sector La Posada, a unos 5 kil\u00f3metros aproximadamente y lleg\u00f3 a la casa de su abuela y narr\u00f3 lo ocurrido, momento en el cual reci\u00e9n ella se enter\u00f3 de lo que estaba ocurriendo, pues pens\u00f3 que el retraso en la llegada de la micro que ella estaba esperando a orilla de carretera era producto de alg\u00fan inconveniente, generado por el paro de profesores, pero nunca pens\u00f3 que hab\u00edan dejado abandonado a su hijo a su suerte, en un lugar tan peligroso.<br \/>\nIndignada, esta mujer exige una explicaci\u00f3n y que este hecho nunca m\u00e1s vuelva a ocurrir, pues se\u00f1al\u00f3 que su hijo pudo haber sufrido un accidente, alg\u00fan desconocido lo pudo haber subido a un veh\u00edculo y hab\u00e9rselo llevado quiz\u00e1s con que intenciones, y todo por la irresponsabilidad del conductor del bus municipal que no tuvo ni un solo criterio para dejar botado a su hijo en ese lugar.<br \/>\nEl al Director de la Daem de Putaendo, Patricio Moreno, se\u00f1al\u00f3 que en horas de la tarde de este lunes se reuni\u00f3 con los padres del menor afectado y reconoci\u00f3 que hubo una descoordinaci\u00f3n entre el chofer y la Daem, explicaciones que fueron entregadas a ambos junto con las disculpas correspondientes. Junto con ello, Moreno sostuvo que realizar\u00e1n todas las coordinaciones para evitar que situaciones como estas se vuelvan a repetir.<br \/>\nPatricio Gallardo M.<\/p>\n","protected":false},"excerpt":{"rendered":"<p>PUTAENDO.- El bus que transporta escolares y que pertenece a la Municipalidad de Putaendo, dej\u00f3 abandonado a un escolar de diez a\u00f1os, quien reside al interior del sector Las Minillas, el cual&#8230;<\/p>\n","protected":false},"author":482,"featured_media":53283,"comment_status":"open","ping_status":"closed","sticky":false,"template":"","format":"standard","meta":{"advanced_seo_description":"","jetpack_seo_html_title":"","jetpack_seo_noindex":false,"_jetpack_memberships_contains_paid_content":false,"footnotes":""},"categories":[15],"tags":[],"class_list":["post-53282","post","type-post","status-publish","format-standard","has-post-thumbnail","hentry","category-comunidad"],"jetpack_featured_media_url":"https:\/\/i0.wp.com\/eltrabajo.cl\/portal\/wp-content\/uploads\/2014\/11\/Madre1.jpg?fit=529%2C392&ssl=1","jetpack_sharing_enabled":true,"jetpack_likes_enabled":true,"jetpack-related-posts":[],"_links":{"self":[{"href":"https:\/\/eltrabajo.cl\/portal\/wp-json\/wp\/v2\/posts\/53282","targetHints":{"allow":["GET"]}}],"collection":[{"href":"https:\/\/eltrabajo.cl\/portal\/wp-json\/wp\/v2\/posts"}],"about":[{"href":"https:\/\/eltrabajo.cl\/portal\/wp-json\/wp\/v2\/types\/post"}],"author":[{"embeddable":true,"href":"https:\/\/eltrabajo.cl\/portal\/wp-json\/wp\/v2\/users\/482"}],"replies":[{"embeddable":true,"href":"https:\/\/eltrabajo.cl\/portal\/wp-json\/wp\/v2\/comments?post=53282"}],"version-history":[{"count":0,"href":"https:\/\/eltrabajo.cl\/portal\/wp-json\/wp\/v2\/posts\/53282\/revisions"}],"wp:featuredmedia":[{"embeddable":true,"href":"https:\/\/eltrabajo.cl\/portal\/wp-json\/wp\/v2\/media\/53283"}],"wp:attachment":[{"href":"https:\/\/eltrabajo.cl\/portal\/wp-json\/wp\/v2\/media?parent=53282"}],"wp:term":[{"taxonomy":"category","embeddable":true,"href":"https:\/\/eltrabajo.cl\/portal\/wp-json\/wp\/v2\/categories?post=53282"},{"taxonomy":"post_tag","embeddable":true,"href":"https:\/\/eltrabajo.cl\/portal\/wp-json\/wp\/v2\/tags?post=53282"}],"curies":[{"name":"wp","href":"https:\/\/api.w.org\/{rel}","templated":true}]}}