{"id":53285,"date":"2014-11-13T09:35:56","date_gmt":"2014-11-13T12:35:56","guid":{"rendered":"http:\/\/www.eltrabajo.cl\/portal\/?p=53285"},"modified":"2014-11-13T09:35:56","modified_gmt":"2014-11-13T12:35:56","slug":"clausuran-local-de-estacionamiento-de-autos-ubicado-en-santo-domingo","status":"publish","type":"post","link":"https:\/\/eltrabajo.cl\/portal\/clausuran-local-de-estacionamiento-de-autos-ubicado-en-santo-domingo\/","title":{"rendered":"Clausuran local de estacionamiento de autos ubicado en Santo Domingo"},"content":{"rendered":"<figure id=\"attachment_53286\" aria-describedby=\"caption-attachment-53286\" style=\"width: 529px\" class=\"wp-caption alignnone\"><a href=\"https:\/\/i0.wp.com\/www.eltrabajo.cl\/portal\/wp-content\/uploads\/2014\/11\/clausura-estacionamientos.jpg\"><img data-recalc-dims=\"1\" loading=\"lazy\" decoding=\"async\" class=\"size-full wp-image-53286\" src=\"https:\/\/i0.wp.com\/www.eltrabajo.cl\/portal\/wp-content\/uploads\/2014\/11\/clausura-estacionamientos.jpg?resize=529%2C298\" alt=\"La medida fue notificada por funcionarios municipales y el alcalde subrogante, Patricio Gonz\u00e1lez, procediendo al cierre del establecimiento y la colocaci\u00f3n de los sellos pertinentes.\" width=\"529\" height=\"298\" srcset=\"https:\/\/i0.wp.com\/eltrabajo.cl\/portal\/wp-content\/uploads\/2014\/11\/clausura-estacionamientos.jpg?w=529&amp;ssl=1 529w, https:\/\/i0.wp.com\/eltrabajo.cl\/portal\/wp-content\/uploads\/2014\/11\/clausura-estacionamientos.jpg?resize=200%2C112&amp;ssl=1 200w, https:\/\/i0.wp.com\/eltrabajo.cl\/portal\/wp-content\/uploads\/2014\/11\/clausura-estacionamientos.jpg?resize=300%2C168&amp;ssl=1 300w, https:\/\/i0.wp.com\/eltrabajo.cl\/portal\/wp-content\/uploads\/2014\/11\/clausura-estacionamientos.jpg?resize=150%2C84&amp;ssl=1 150w, https:\/\/i0.wp.com\/eltrabajo.cl\/portal\/wp-content\/uploads\/2014\/11\/clausura-estacionamientos.jpg?resize=400%2C225&amp;ssl=1 400w\" sizes=\"auto, (max-width: 529px) 100vw, 529px\" \/><\/a><figcaption id=\"caption-attachment-53286\" class=\"wp-caption-text\">La medida fue notificada por funcionarios municipales y el alcalde subrogante, Patricio Gonz\u00e1lez, procediendo al cierre del establecimiento y la colocaci\u00f3n de los sellos pertinentes.<\/figcaption><\/figure>\n<p>Por no pago de patente municipal clausuran el cuestionado estacionamiento de veh\u00edculos ubicado en Santo Domingo, establecimiento sindicado como punto de acceso empleado por delincuentes para robar en los distintos locales comerciales del centro de San Felipe.<br \/>\nLa medida fue notificada por funcionarios municipales y el alcalde subrogante, Patricio Gonz\u00e1lez, procediendo al cierre del establecimiento y la colocaci\u00f3n de los sellos pertinentes.<br \/>\nEl fin de semana pasado nuevamente comerciantes sanfelipe\u00f1os fueron v\u00edctimas de delincuentes que ingresaron a sus locales a trav\u00e9s de forados en el cielo, responsabilizando de los hechos al propietario de dicho recinto, debido a que carece de medidas de seguridad.<br \/>\nLa medida se adopta poco despu\u00e9s de la reuni\u00f3n sostenida este lunes entre el Alcalde Patricio Freire y los comerciantes afectados, los cuales hicieron saber su malestar por esta situaci\u00f3n.<\/p>\n","protected":false},"excerpt":{"rendered":"<p>Por no pago de patente municipal clausuran el cuestionado estacionamiento de veh\u00edculos ubicado en Santo Domingo, establecimiento sindicado como punto de acceso empleado por delincuentes para robar en los distintos locales comerciales&#8230;<\/p>\n","protected":false},"author":482,"featured_media":53286,"comment_status":"open","ping_status":"closed","sticky":false,"template":"","format":"standard","meta":{"advanced_seo_description":"","jetpack_seo_html_title":"","jetpack_seo_noindex":false,"_jetpack_memberships_contains_paid_content":false,"footnotes":""},"categories":[15],"tags":[],"class_list":["post-53285","post","type-post","status-publish","format-standard","has-post-thumbnail","hentry","category-comunidad"],"jetpack_featured_media_url":"https:\/\/i0.wp.com\/eltrabajo.cl\/portal\/wp-content\/uploads\/2014\/11\/clausura-estacionamientos.jpg?fit=529%2C298&ssl=1","jetpack_sharing_enabled":true,"jetpack_likes_enabled":true,"jetpack-related-posts":[],"_links":{"self":[{"href":"https:\/\/eltrabajo.cl\/portal\/wp-json\/wp\/v2\/posts\/53285","targetHints":{"allow":["GET"]}}],"collection":[{"href":"https:\/\/eltrabajo.cl\/portal\/wp-json\/wp\/v2\/posts"}],"about":[{"href":"https:\/\/eltrabajo.cl\/portal\/wp-json\/wp\/v2\/types\/post"}],"author":[{"embeddable":true,"href":"https:\/\/eltrabajo.cl\/portal\/wp-json\/wp\/v2\/users\/482"}],"replies":[{"embeddable":true,"href":"https:\/\/eltrabajo.cl\/portal\/wp-json\/wp\/v2\/comments?post=53285"}],"version-history":[{"count":0,"href":"https:\/\/eltrabajo.cl\/portal\/wp-json\/wp\/v2\/posts\/53285\/revisions"}],"wp:featuredmedia":[{"embeddable":true,"href":"https:\/\/eltrabajo.cl\/portal\/wp-json\/wp\/v2\/media\/53286"}],"wp:attachment":[{"href":"https:\/\/eltrabajo.cl\/portal\/wp-json\/wp\/v2\/media?parent=53285"}],"wp:term":[{"taxonomy":"category","embeddable":true,"href":"https:\/\/eltrabajo.cl\/portal\/wp-json\/wp\/v2\/categories?post=53285"},{"taxonomy":"post_tag","embeddable":true,"href":"https:\/\/eltrabajo.cl\/portal\/wp-json\/wp\/v2\/tags?post=53285"}],"curies":[{"name":"wp","href":"https:\/\/api.w.org\/{rel}","templated":true}]}}