{"id":53288,"date":"2014-11-13T09:38:15","date_gmt":"2014-11-13T12:38:15","guid":{"rendered":"http:\/\/www.eltrabajo.cl\/portal\/?p=53288"},"modified":"2014-11-13T09:38:15","modified_gmt":"2014-11-13T12:38:15","slug":"fuego-calcino-taller-de-muebleria-y-modesta-vivienda-en-toro-mazote","status":"publish","type":"post","link":"https:\/\/eltrabajo.cl\/portal\/fuego-calcino-taller-de-muebleria-y-modesta-vivienda-en-toro-mazote\/","title":{"rendered":"Fuego calcin\u00f3 taller de muebler\u00eda y modesta vivienda en Toro Mazote"},"content":{"rendered":"<figure id=\"attachment_53289\" aria-describedby=\"caption-attachment-53289\" style=\"width: 528px\" class=\"wp-caption alignnone\"><a href=\"https:\/\/i0.wp.com\/www.eltrabajo.cl\/portal\/wp-content\/uploads\/2014\/11\/Incendio.jpg\"><img data-recalc-dims=\"1\" loading=\"lazy\" decoding=\"async\" class=\"size-full wp-image-53289\" src=\"https:\/\/i0.wp.com\/www.eltrabajo.cl\/portal\/wp-content\/uploads\/2014\/11\/Incendio.jpg?resize=528%2C400\" alt=\"El incendio se origin\u00f3 al interior de un taller de muebler\u00eda ubicado en calle Toro Mazote casi esquina Artem\u00f3n Cifuentes de San Felipe.\" width=\"528\" height=\"400\" srcset=\"https:\/\/i0.wp.com\/eltrabajo.cl\/portal\/wp-content\/uploads\/2014\/11\/Incendio.jpg?w=528&amp;ssl=1 528w, https:\/\/i0.wp.com\/eltrabajo.cl\/portal\/wp-content\/uploads\/2014\/11\/Incendio.jpg?resize=198%2C150&amp;ssl=1 198w, https:\/\/i0.wp.com\/eltrabajo.cl\/portal\/wp-content\/uploads\/2014\/11\/Incendio.jpg?resize=300%2C227&amp;ssl=1 300w, https:\/\/i0.wp.com\/eltrabajo.cl\/portal\/wp-content\/uploads\/2014\/11\/Incendio.jpg?resize=150%2C113&amp;ssl=1 150w, https:\/\/i0.wp.com\/eltrabajo.cl\/portal\/wp-content\/uploads\/2014\/11\/Incendio.jpg?resize=400%2C303&amp;ssl=1 400w\" sizes=\"auto, (max-width: 528px) 100vw, 528px\" \/><\/a><figcaption id=\"caption-attachment-53289\" class=\"wp-caption-text\">El incendio se origin\u00f3 al interior de un taller de muebler\u00eda ubicado en calle Toro Mazote casi esquina Artem\u00f3n Cifuentes de San Felipe.<\/figcaption><\/figure>\n<p>Un incendio de gran magnitud se origin\u00f3 pasado las 17:00 horas de ayer mi\u00e9rcoles, calcinando en su totalidad un taller de muebler\u00eda y una casa habitaci\u00f3n de material ligero en Calle Toro Mazote casi esquina Artem\u00f3n Cifuentes de San Felipe. Seg\u00fan el reporte de la Comandancia de Bomberos, el fuego consumi\u00f3 en un 100% dos ampliaciones de las dependencias afectadas, debiendo intervenir m\u00e1s de cincuenta voluntarios de tres compa\u00f1\u00edas de bomberos para sofocar las llamas que afectaron las dependencias.<\/p>\n<figure id=\"attachment_53290\" aria-describedby=\"caption-attachment-53290\" style=\"width: 400px\" class=\"wp-caption alignright\"><a href=\"https:\/\/i0.wp.com\/www.eltrabajo.cl\/portal\/wp-content\/uploads\/2014\/11\/Incendio1.jpg\"><img data-recalc-dims=\"1\" loading=\"lazy\" decoding=\"async\" class=\"wp-image-53290\" src=\"https:\/\/i0.wp.com\/www.eltrabajo.cl\/portal\/wp-content\/uploads\/2014\/11\/Incendio1.jpg?resize=400%2C327\" alt=\"M\u00e1s de 50 voluntarios de bomberos de San Felipe concurrieron hasta el siniestro para sofocar las llamas.\" width=\"400\" height=\"327\" srcset=\"https:\/\/i0.wp.com\/eltrabajo.cl\/portal\/wp-content\/uploads\/2014\/11\/Incendio1.jpg?w=529&amp;ssl=1 529w, https:\/\/i0.wp.com\/eltrabajo.cl\/portal\/wp-content\/uploads\/2014\/11\/Incendio1.jpg?resize=183%2C150&amp;ssl=1 183w, https:\/\/i0.wp.com\/eltrabajo.cl\/portal\/wp-content\/uploads\/2014\/11\/Incendio1.jpg?resize=300%2C244&amp;ssl=1 300w, https:\/\/i0.wp.com\/eltrabajo.cl\/portal\/wp-content\/uploads\/2014\/11\/Incendio1.jpg?resize=150%2C122&amp;ssl=1 150w, https:\/\/i0.wp.com\/eltrabajo.cl\/portal\/wp-content\/uploads\/2014\/11\/Incendio1.jpg?resize=400%2C326&amp;ssl=1 400w\" sizes=\"auto, (max-width: 400px) 100vw, 400px\" \/><\/a><figcaption id=\"caption-attachment-53290\" class=\"wp-caption-text\">M\u00e1s de 50 voluntarios de bomberos de San Felipe concurrieron hasta el siniestro para sofocar las llamas.<\/figcaption><\/figure>\n<p>Durante el siniestro se vivieron momentos de consternaci\u00f3n por los vecinos que salieron de sus viviendas por el intenso humo que se origin\u00f3, temiendo que el fuego se propagara hasta sus domicilios. Adem\u00e1s en el procedimiento un voluntario result\u00f3 intoxicado por la intensa humareda debiendo ser asistido por los mismos residentes que le convidaron un vaso de agua para que se sobrepusiera.<br \/>\nTestigos indicaron que dentro de la vivienda afectada, resid\u00edan dos adultos mayores y un adulto joven que se dedicaba a las labores de carpinter\u00eda. Pasadas las 18:00 horas el fuego pudo ser controlado sin que se registraran heridos ni otras viviendas afectadas.<br \/>\n\u201cHab\u00eda bastante madera en este taller, la casa era de material ligero, en minutos el fuego hizo presa de todo consumida en un cien por ciento. Las causas del siniestro est\u00e1n siendo investigadas por el departamento t\u00e9cnico para establecer el origen\u201d, indic\u00f3 a Diario El Trabajo, el Comandante de Bomberos Juan Carlos Herrera Lillo.<br \/>\nPablo Salinas Sald\u00edas<\/p>\n","protected":false},"excerpt":{"rendered":"<p>Un incendio de gran magnitud se origin\u00f3 pasado las 17:00 horas de ayer mi\u00e9rcoles, calcinando en su totalidad un taller de muebler\u00eda y una casa habitaci\u00f3n de material ligero en Calle Toro&#8230;<\/p>\n","protected":false},"author":482,"featured_media":53289,"comment_status":"open","ping_status":"closed","sticky":false,"template":"","format":"standard","meta":{"advanced_seo_description":"","jetpack_seo_html_title":"","jetpack_seo_noindex":false,"_jetpack_memberships_contains_paid_content":false,"footnotes":""},"categories":[21],"tags":[],"class_list":["post-53288","post","type-post","status-publish","format-standard","has-post-thumbnail","hentry","category-policial"],"jetpack_featured_media_url":"https:\/\/i0.wp.com\/eltrabajo.cl\/portal\/wp-content\/uploads\/2014\/11\/Incendio.jpg?fit=528%2C400&ssl=1","jetpack_sharing_enabled":true,"jetpack_likes_enabled":true,"jetpack-related-posts":[],"_links":{"self":[{"href":"https:\/\/eltrabajo.cl\/portal\/wp-json\/wp\/v2\/posts\/53288","targetHints":{"allow":["GET"]}}],"collection":[{"href":"https:\/\/eltrabajo.cl\/portal\/wp-json\/wp\/v2\/posts"}],"about":[{"href":"https:\/\/eltrabajo.cl\/portal\/wp-json\/wp\/v2\/types\/post"}],"author":[{"embeddable":true,"href":"https:\/\/eltrabajo.cl\/portal\/wp-json\/wp\/v2\/users\/482"}],"replies":[{"embeddable":true,"href":"https:\/\/eltrabajo.cl\/portal\/wp-json\/wp\/v2\/comments?post=53288"}],"version-history":[{"count":0,"href":"https:\/\/eltrabajo.cl\/portal\/wp-json\/wp\/v2\/posts\/53288\/revisions"}],"wp:featuredmedia":[{"embeddable":true,"href":"https:\/\/eltrabajo.cl\/portal\/wp-json\/wp\/v2\/media\/53289"}],"wp:attachment":[{"href":"https:\/\/eltrabajo.cl\/portal\/wp-json\/wp\/v2\/media?parent=53288"}],"wp:term":[{"taxonomy":"category","embeddable":true,"href":"https:\/\/eltrabajo.cl\/portal\/wp-json\/wp\/v2\/categories?post=53288"},{"taxonomy":"post_tag","embeddable":true,"href":"https:\/\/eltrabajo.cl\/portal\/wp-json\/wp\/v2\/tags?post=53288"}],"curies":[{"name":"wp","href":"https:\/\/api.w.org\/{rel}","templated":true}]}}