{"id":53292,"date":"2014-11-13T09:41:53","date_gmt":"2014-11-13T12:41:53","guid":{"rendered":"http:\/\/www.eltrabajo.cl\/portal\/?p=53292"},"modified":"2014-11-13T09:41:53","modified_gmt":"2014-11-13T12:41:53","slug":"a-10-anos-de-prision-condenado-asesino-de-manuel-basso","status":"publish","type":"post","link":"https:\/\/eltrabajo.cl\/portal\/a-10-anos-de-prision-condenado-asesino-de-manuel-basso\/","title":{"rendered":"A 10 a\u00f1os de prisi\u00f3n condenado asesino de Manuel Basso"},"content":{"rendered":"<figure id=\"attachment_53293\" aria-describedby=\"caption-attachment-53293\" style=\"width: 300px\" class=\"wp-caption alignleft\"><a href=\"https:\/\/i0.wp.com\/www.eltrabajo.cl\/portal\/wp-content\/uploads\/2014\/11\/Condenados.jpg\"><img data-recalc-dims=\"1\" loading=\"lazy\" decoding=\"async\" class=\"wp-image-53293 size-medium\" src=\"https:\/\/i0.wp.com\/www.eltrabajo.cl\/portal\/wp-content\/uploads\/2014\/11\/Condenados-300x216.jpg?resize=300%2C216\" alt=\"Los condenados Manuel Gallardo Araya (padre) y Manuel Gallardo P\u00e1ez (hijo).\" width=\"300\" height=\"216\" srcset=\"https:\/\/i0.wp.com\/eltrabajo.cl\/portal\/wp-content\/uploads\/2014\/11\/Condenados.jpg?resize=300%2C216&amp;ssl=1 300w, https:\/\/i0.wp.com\/eltrabajo.cl\/portal\/wp-content\/uploads\/2014\/11\/Condenados.jpg?resize=200%2C144&amp;ssl=1 200w, https:\/\/i0.wp.com\/eltrabajo.cl\/portal\/wp-content\/uploads\/2014\/11\/Condenados.jpg?resize=150%2C108&amp;ssl=1 150w, https:\/\/i0.wp.com\/eltrabajo.cl\/portal\/wp-content\/uploads\/2014\/11\/Condenados.jpg?resize=400%2C288&amp;ssl=1 400w, https:\/\/i0.wp.com\/eltrabajo.cl\/portal\/wp-content\/uploads\/2014\/11\/Condenados.jpg?w=529&amp;ssl=1 529w\" sizes=\"auto, (max-width: 300px) 100vw, 300px\" \/><\/a><figcaption id=\"caption-attachment-53293\" class=\"wp-caption-text\">Los condenados Manuel Gallardo Araya (padre) y Manuel Gallardo P\u00e1ez (hijo).<\/figcaption><\/figure>\n<p>Condenados como coautores del Homicidio Simple en perjuicio de Manuel Baso Fuenzalida, resolvi\u00f3 la sentencia dictada por el Tribunal Oral en Lo Penal de San Felipe en contra de Manuel Gallardo Araya, quien deber\u00e1 cumplir una pena efectiva de diez a\u00f1os por su crimen, mientras que su hijo Manuel Gallardo P\u00e1ez fue condenado a la pena de cinco a\u00f1os con el beneficio de Libertad vigilada intensiva, seg\u00fan el criterio de la terna de jueces.<br \/>\nLa lectura de sentencia se realiz\u00f3 a las 16:00 horas de ayer mi\u00e9rcoles en el centro de justicia sanfelipe\u00f1o, donde la Magistrado Constanza Olsen Tapia dio por acreditados el Homicidio Simple de Manuel Basso de manos de Manuel Gallardo (padre), quien propin\u00f3 una certera pu\u00f1alada en el t\u00f3rax de la v\u00edctima, mientras que Manuel Gallardo (hijo) particip\u00f3 en el crimen reduciendo al occiso para que su progenitor realizara su cometido.<br \/>\nEn ese sentido los jueces resolvieron condenar a Gallardo Araya a la pena privativa de libertad por un plazo de diez a\u00f1os sin ning\u00fan tipo de beneficios, descontando como abono los d\u00edas que permaneci\u00f3 en Prisi\u00f3n Preventiva desde que fuera formalizado.<\/p>\n<p><strong>LAS CAUTELARES<\/strong><br \/>\nEn tanto para Gallardo P\u00e1ez (hijo), los sentenciadores le concedieron el beneficio de Libertad vigilada intensiva, tras ser condenado por cinco a\u00f1os debiendo quedar sujeto al Centro de Reinserci\u00f3n Social de Gendarmer\u00eda de Chile, bajo las cautelares debatidas en audiencia de Arresto Domiciliario nocturno a partir de las 22:00 horas hasta las 06:00 del d\u00eda siguiente; Firma mensual en Carabineros; Prohibici\u00f3n de acercarse a los familiares del occiso y Arraigo Nacional.<\/p>\n<p><strong>LOS HECHOS<\/strong><br \/>\nComo se recordar\u00e1, este homicidio ocurri\u00f3 pasadas las 21:00 horas del 26 de enero de este a\u00f1o en Villa Departamental de San Felipe, cuando Manuel Gallardo y su hijo concurrieron hasta el departamento de Manuel Basso, de 27 a\u00f1os de edad, para ajustar cuentas, luego que momentos antes una de las hijas de Gallardo sostuviera un fuerte altercado con Basso, por una tenencia de perros.<br \/>\nEste conflicto gener\u00f3 que entre estos vecinos ajustaran sus diferencias en la v\u00eda p\u00fablica, lugar en que Manuel Basso fue reducido por Gallardo P\u00e1ez (hijo), tom\u00e1ndolo de sus brazos, mismos que le imped\u00edan defenderse, instantes en que Manuel Gallardo (padre) sac\u00f3 entre sus vestimentas un cuchillo y propinarle sobre seguro una certera estocada directo en el pecho, misma que atraves\u00f3 su coraz\u00f3n y el pulm\u00f3n, caus\u00e1ndole la muerte.<br \/>\n\u201cNosotros hab\u00edamos solicitado la pena de 15 a\u00f1os para ambos imputados, no obstante al haber recalificaci\u00f3n a Homicidio Simple, las penas se ajustan dentro de los marcos legales que nuestro C\u00f3digo Penal establece. Sin perjuicio de ello, una vez que tengamos acceso al fallo veremos si se re\u00fanen los elementos t\u00e9cnicos para poder analizar un eventual tipo de recurso\u201d, indic\u00f3 a Diario El Trabajo el Fiscal Jefe Osvaldo Basso.<\/p>\n<p><strong>HABLA LA MADRE<\/strong><br \/>\nEn entrevista con la madre del Manuel Basso, Sandra Fuenzalida R\u00edos relat\u00f3 a Diario El Trabajo su conformidad en parte tras esta condena impuesta por el tribunal, lamentando de igual forma la p\u00e9rdida de su hijo Manuel, quien era el menor de cuatro hermanos del grupo familiar.<br \/>\n\u201cEn parte estoy conforme porque el hijo tambi\u00e9n deber\u00eda haber pagado con c\u00e1rcel, los dos asesinaron a mi hijo. La pelea fue porque mi hijo ten\u00eda unos perritos chicos y ella (hija y hermana de los condenados) ten\u00eda un perro grande y se pusieron a pelear. Mi hijo era todo para m\u00ed, era un hijo muy bueno, daba todo para sus padres, sobrinos. Esa familia es un gente muy conflictiva, ese d\u00eda nos cortaron la luz y mi hijo Manuel sali\u00f3 y ah\u00ed lo agarraron entre todos y lo apu\u00f1alaron\u201d, relata entre l\u00e1grimas Sandra Fuenzalida.<br \/>\nEsta madre lament\u00f3 la irreparable p\u00e9rdida de Manuel, un joven que se dedicaba en sus \u00faltimos d\u00edas como temporero en un fundo de la comuna de Llay Llay, adem\u00e1s de haber sido trabajador en Supermercado Tottus y Buses JM. \u201c\u00c9l ten\u00eda mucho proyectos quer\u00eda trabajar en la mina de Antofagasta, porque quer\u00eda tener una casa para poder salir de esa poblaci\u00f3n, me hab\u00eda dicho \u2018Mamita voy a juntar plata para comprar una casa e irnos de aqu\u00ed\u2019. Pero no puedo resignarme haber perdido a mi hijo, no se met\u00eda con nadie, no ten\u00eda amigos, s\u00f3lo ten\u00eda a su polola\u201d, se\u00f1al\u00f3 Sandra.<br \/>\nFamiliares y cercanos a Manuel Basso destacaron la labor del Ministerio P\u00fablico para el esclarecimiento de este brutal crimen, acto homicida que enlut\u00f3 a padres y hermanos y un sin n\u00famero de amigos.<br \/>\n\u201cEl fiscal se port\u00f3 muy bien, siempre nos habl\u00f3 con los contras y favor de nosotros, muy buen fiscal, no tengo nada que decir, estamos muy agradecidos, igual los jueces hicieron algo de justicia, porque hay otras personas que no tienen justicia como est\u00e1 hoy en d\u00eda, pero igual estoy conforme\u201d, concluy\u00f3.<br \/>\nPablo Salinas Sald\u00edas<\/p>\n<div class=\"tiled-gallery type-rectangular tiled-gallery-unresized\" data-original-width=\"640\" data-carousel-extra='null' itemscope itemtype=\"http:\/\/schema.org\/ImageGallery\" > <div class=\"gallery-row\" style=\"width: 640px; height: 140px;\" data-original-width=\"640\" data-original-height=\"140\" > <div class=\"gallery-group images-1\" style=\"width: 133px; height: 140px;\" data-original-width=\"133\" data-original-height=\"140\" > <div class=\"tiled-gallery-item tiled-gallery-item-small\" itemprop=\"associatedMedia\" itemscope itemtype=\"http:\/\/schema.org\/ImageObject\"> <a href=\"https:\/\/eltrabajo.cl\/portal\/a-10-anos-de-prision-condenado-asesino-de-manuel-basso\/manuel-basso-muerto\/\" border=\"0\" itemprop=\"url\"> <meta itemprop=\"width\" content=\"129\"> <meta itemprop=\"height\" content=\"136\"> <img decoding=\"async\" class=\"\" data-attachment-id=\"53296\" data-orig-file=\"https:\/\/eltrabajo.cl\/portal\/wp-content\/uploads\/2014\/11\/Manuel-Basso-muerto.jpg\" data-orig-size=\"529,562\" data-comments-opened=\"1\" data-image-meta=\"{&quot;aperture&quot;:&quot;0&quot;,&quot;credit&quot;:&quot;&quot;,&quot;camera&quot;:&quot;&quot;,&quot;caption&quot;:&quot;&quot;,&quot;created_timestamp&quot;:&quot;0&quot;,&quot;copyright&quot;:&quot;&quot;,&quot;focal_length&quot;:&quot;0&quot;,&quot;iso&quot;:&quot;0&quot;,&quot;shutter_speed&quot;:&quot;0&quot;,&quot;title&quot;:&quot;&quot;,&quot;orientation&quot;:&quot;0&quot;}\" data-image-title=\"Manuel Basso muerto\" data-image-description=\"&lt;p&gt;Manuel Basso Fuenzalida, de 27 a\u00f1os, muri\u00f3 v\u00edctima de una estocada en el t\u00f3rax.&lt;\/p&gt; \" data-medium-file=\"https:\/\/i0.wp.com\/eltrabajo.cl\/portal\/wp-content\/uploads\/2014\/11\/Manuel-Basso-muerto.jpg?fit=282%2C300&#038;ssl=1\" data-large-file=\"https:\/\/i0.wp.com\/eltrabajo.cl\/portal\/wp-content\/uploads\/2014\/11\/Manuel-Basso-muerto.jpg?fit=529%2C562&#038;ssl=1\" src=\"https:\/\/i0.wp.com\/eltrabajo.cl\/portal\/wp-content\/uploads\/2014\/11\/Manuel-Basso-muerto.jpg?w=129&#038;h=136&#038;ssl=1\" srcset=\"https:\/\/i0.wp.com\/eltrabajo.cl\/portal\/wp-content\/uploads\/2014\/11\/Manuel-Basso-muerto.jpg?w=529&amp;ssl=1 529w, https:\/\/i0.wp.com\/eltrabajo.cl\/portal\/wp-content\/uploads\/2014\/11\/Manuel-Basso-muerto.jpg?resize=141%2C150&amp;ssl=1 141w, https:\/\/i0.wp.com\/eltrabajo.cl\/portal\/wp-content\/uploads\/2014\/11\/Manuel-Basso-muerto.jpg?resize=282%2C300&amp;ssl=1 282w, https:\/\/i0.wp.com\/eltrabajo.cl\/portal\/wp-content\/uploads\/2014\/11\/Manuel-Basso-muerto.jpg?resize=400%2C424&amp;ssl=1 400w\" width=\"129\" height=\"136\" loading=\"lazy\" data-original-width=\"129\" data-original-height=\"136\" itemprop=\"http:\/\/schema.org\/image\" title=\"Manuel Basso muerto\" alt=\"Manuel Basso Fuenzalida, de 27 a\u00f1os, muri\u00f3 v\u00edctima de una estocada en el t\u00f3rax.\" style=\"width: 129px; height: 136px;\" \/> <\/a> <div class=\"tiled-gallery-caption\" itemprop=\"caption description\"> Manuel Basso Fuenzalida, de 27 a\u00f1os, muri\u00f3 v\u00edctima de una estocada en el t\u00f3rax. <\/div> <\/div> <\/div> <!-- close group --> <div class=\"gallery-group images-1\" style=\"width: 107px; height: 140px;\" data-original-width=\"107\" data-original-height=\"140\" > <div class=\"tiled-gallery-item tiled-gallery-item-small\" itemprop=\"associatedMedia\" itemscope itemtype=\"http:\/\/schema.org\/ImageObject\"> <a href=\"https:\/\/eltrabajo.cl\/portal\/a-10-anos-de-prision-condenado-asesino-de-manuel-basso\/sandra-fuenzalida\/\" border=\"0\" itemprop=\"url\"> <meta itemprop=\"width\" content=\"103\"> <meta itemprop=\"height\" content=\"136\"> <img decoding=\"async\" class=\"\" data-attachment-id=\"53297\" data-orig-file=\"https:\/\/eltrabajo.cl\/portal\/wp-content\/uploads\/2014\/11\/Sandra-Fuenzalida.jpg\" data-orig-size=\"529,701\" data-comments-opened=\"1\" data-image-meta=\"{&quot;aperture&quot;:&quot;0&quot;,&quot;credit&quot;:&quot;&quot;,&quot;camera&quot;:&quot;&quot;,&quot;caption&quot;:&quot;&quot;,&quot;created_timestamp&quot;:&quot;0&quot;,&quot;copyright&quot;:&quot;&quot;,&quot;focal_length&quot;:&quot;0&quot;,&quot;iso&quot;:&quot;0&quot;,&quot;shutter_speed&quot;:&quot;0&quot;,&quot;title&quot;:&quot;&quot;,&quot;orientation&quot;:&quot;0&quot;}\" data-image-title=\"Sandra Fuenzalida\" data-image-description=\"&lt;p&gt;La madre de la v\u00edctima, Sandra Fuenzalida.&lt;\/p&gt; \" data-medium-file=\"https:\/\/i0.wp.com\/eltrabajo.cl\/portal\/wp-content\/uploads\/2014\/11\/Sandra-Fuenzalida.jpg?fit=226%2C300&#038;ssl=1\" data-large-file=\"https:\/\/i0.wp.com\/eltrabajo.cl\/portal\/wp-content\/uploads\/2014\/11\/Sandra-Fuenzalida.jpg?fit=529%2C701&#038;ssl=1\" src=\"https:\/\/i0.wp.com\/eltrabajo.cl\/portal\/wp-content\/uploads\/2014\/11\/Sandra-Fuenzalida.jpg?w=103&#038;h=136&#038;ssl=1\" srcset=\"https:\/\/i0.wp.com\/eltrabajo.cl\/portal\/wp-content\/uploads\/2014\/11\/Sandra-Fuenzalida.jpg?w=529&amp;ssl=1 529w, https:\/\/i0.wp.com\/eltrabajo.cl\/portal\/wp-content\/uploads\/2014\/11\/Sandra-Fuenzalida.jpg?resize=113%2C150&amp;ssl=1 113w, https:\/\/i0.wp.com\/eltrabajo.cl\/portal\/wp-content\/uploads\/2014\/11\/Sandra-Fuenzalida.jpg?resize=226%2C300&amp;ssl=1 226w, https:\/\/i0.wp.com\/eltrabajo.cl\/portal\/wp-content\/uploads\/2014\/11\/Sandra-Fuenzalida.jpg?resize=400%2C530&amp;ssl=1 400w\" width=\"103\" height=\"136\" loading=\"lazy\" data-original-width=\"103\" data-original-height=\"136\" itemprop=\"http:\/\/schema.org\/image\" title=\"Sandra Fuenzalida\" alt=\"La madre de la v\u00edctima, Sandra Fuenzalida.\" style=\"width: 103px; height: 136px;\" \/> <\/a> <div class=\"tiled-gallery-caption\" itemprop=\"caption description\"> La madre de la v\u00edctima, Sandra Fuenzalida. <\/div> <\/div> <\/div> <!-- close group --> <div class=\"gallery-group images-1\" style=\"width: 186px; height: 140px;\" data-original-width=\"186\" data-original-height=\"140\" > <div class=\"tiled-gallery-item tiled-gallery-item-small\" itemprop=\"associatedMedia\" itemscope itemtype=\"http:\/\/schema.org\/ImageObject\"> <a href=\"https:\/\/eltrabajo.cl\/portal\/a-10-anos-de-prision-condenado-asesino-de-manuel-basso\/familia-de-victima\/\" border=\"0\" itemprop=\"url\"> <meta itemprop=\"width\" content=\"182\"> <meta itemprop=\"height\" content=\"136\"> <img decoding=\"async\" class=\"\" data-attachment-id=\"53294\" data-orig-file=\"https:\/\/eltrabajo.cl\/portal\/wp-content\/uploads\/2014\/11\/Familia-de-v\u00edctima.jpg\" data-orig-size=\"528,395\" data-comments-opened=\"1\" data-image-meta=\"{&quot;aperture&quot;:&quot;0&quot;,&quot;credit&quot;:&quot;&quot;,&quot;camera&quot;:&quot;&quot;,&quot;caption&quot;:&quot;&quot;,&quot;created_timestamp&quot;:&quot;0&quot;,&quot;copyright&quot;:&quot;&quot;,&quot;focal_length&quot;:&quot;0&quot;,&quot;iso&quot;:&quot;0&quot;,&quot;shutter_speed&quot;:&quot;0&quot;,&quot;title&quot;:&quot;&quot;,&quot;orientation&quot;:&quot;0&quot;}\" data-image-title=\"Familia de v\u00edctima\" data-image-description=\"&lt;p&gt;Los padres de Manuel Basso Fuenzalida junto a sus cercanos asistieron al Tribunal Oral en Lo Penal de San Felipe para escuchar la decisi\u00f3n de los jueces.&lt;\/p&gt; \" data-medium-file=\"https:\/\/i0.wp.com\/eltrabajo.cl\/portal\/wp-content\/uploads\/2014\/11\/Familia-de-v%C3%ADctima.jpg?fit=300%2C224&#038;ssl=1\" data-large-file=\"https:\/\/i0.wp.com\/eltrabajo.cl\/portal\/wp-content\/uploads\/2014\/11\/Familia-de-v%C3%ADctima.jpg?fit=528%2C395&#038;ssl=1\" src=\"https:\/\/i0.wp.com\/eltrabajo.cl\/portal\/wp-content\/uploads\/2014\/11\/Familia-de-v%C3%ADctima.jpg?w=182&#038;h=136&#038;ssl=1\" width=\"182\" height=\"136\" loading=\"lazy\" data-original-width=\"182\" data-original-height=\"136\" itemprop=\"http:\/\/schema.org\/image\" title=\"Familia de v\u00edctima\" alt=\"Los padres de Manuel Basso Fuenzalida junto a sus cercanos asistieron al Tribunal Oral en Lo Penal de San Felipe para escuchar la decisi\u00f3n de los jueces.\" style=\"width: 182px; height: 136px;\" \/> <\/a> <div class=\"tiled-gallery-caption\" itemprop=\"caption description\"> Los padres de Manuel Basso Fuenzalida junto a sus cercanos asistieron al Tribunal Oral en Lo Penal de San Felipe para escuchar la decisi\u00f3n de los jueces. <\/div> <\/div> <\/div> <!-- close group --> <div class=\"gallery-group images-1\" style=\"width: 214px; height: 140px;\" data-original-width=\"214\" data-original-height=\"140\" > <div class=\"tiled-gallery-item tiled-gallery-item-small\" itemprop=\"associatedMedia\" itemscope itemtype=\"http:\/\/schema.org\/ImageObject\"> <a href=\"https:\/\/eltrabajo.cl\/portal\/a-10-anos-de-prision-condenado-asesino-de-manuel-basso\/fiscal-y-familiares\/\" border=\"0\" itemprop=\"url\"> <meta itemprop=\"width\" content=\"210\"> <meta itemprop=\"height\" content=\"136\"> <img decoding=\"async\" class=\"\" data-attachment-id=\"53295\" data-orig-file=\"https:\/\/eltrabajo.cl\/portal\/wp-content\/uploads\/2014\/11\/Fiscal-y-familiares.jpg\" data-orig-size=\"529,343\" data-comments-opened=\"1\" data-image-meta=\"{&quot;aperture&quot;:&quot;0&quot;,&quot;credit&quot;:&quot;&quot;,&quot;camera&quot;:&quot;&quot;,&quot;caption&quot;:&quot;&quot;,&quot;created_timestamp&quot;:&quot;0&quot;,&quot;copyright&quot;:&quot;&quot;,&quot;focal_length&quot;:&quot;0&quot;,&quot;iso&quot;:&quot;0&quot;,&quot;shutter_speed&quot;:&quot;0&quot;,&quot;title&quot;:&quot;&quot;,&quot;orientation&quot;:&quot;0&quot;}\" data-image-title=\"Fiscal y familiares\" data-image-description=\"&lt;p&gt;Tras la lectura de sentencia, el Fiscal Osvaldo Basso se reuni\u00f3 con los familiares de Manuel Basso para explicar la condena.&lt;\/p&gt; \" data-medium-file=\"https:\/\/i0.wp.com\/eltrabajo.cl\/portal\/wp-content\/uploads\/2014\/11\/Fiscal-y-familiares.jpg?fit=300%2C194&#038;ssl=1\" data-large-file=\"https:\/\/i0.wp.com\/eltrabajo.cl\/portal\/wp-content\/uploads\/2014\/11\/Fiscal-y-familiares.jpg?fit=529%2C343&#038;ssl=1\" src=\"https:\/\/i0.wp.com\/eltrabajo.cl\/portal\/wp-content\/uploads\/2014\/11\/Fiscal-y-familiares.jpg?w=210&#038;h=136&#038;ssl=1\" srcset=\"https:\/\/i0.wp.com\/eltrabajo.cl\/portal\/wp-content\/uploads\/2014\/11\/Fiscal-y-familiares.jpg?w=529&amp;ssl=1 529w, https:\/\/i0.wp.com\/eltrabajo.cl\/portal\/wp-content\/uploads\/2014\/11\/Fiscal-y-familiares.jpg?resize=200%2C129&amp;ssl=1 200w, https:\/\/i0.wp.com\/eltrabajo.cl\/portal\/wp-content\/uploads\/2014\/11\/Fiscal-y-familiares.jpg?resize=300%2C194&amp;ssl=1 300w, https:\/\/i0.wp.com\/eltrabajo.cl\/portal\/wp-content\/uploads\/2014\/11\/Fiscal-y-familiares.jpg?resize=150%2C97&amp;ssl=1 150w, https:\/\/i0.wp.com\/eltrabajo.cl\/portal\/wp-content\/uploads\/2014\/11\/Fiscal-y-familiares.jpg?resize=400%2C259&amp;ssl=1 400w\" width=\"210\" height=\"136\" loading=\"lazy\" data-original-width=\"210\" data-original-height=\"136\" itemprop=\"http:\/\/schema.org\/image\" title=\"Fiscal y familiares\" alt=\"Tras la lectura de sentencia, el Fiscal Osvaldo Basso se reuni\u00f3 con los familiares de Manuel Basso para explicar la condena.\" style=\"width: 210px; height: 136px;\" \/> <\/a> <div class=\"tiled-gallery-caption\" itemprop=\"caption description\"> Tras la lectura de sentencia, el Fiscal Osvaldo Basso se reuni\u00f3 con los familiares de Manuel Basso para explicar la condena. <\/div> <\/div> <\/div> <!-- close group --> <\/div> <!-- close row --> <\/div>\n","protected":false},"excerpt":{"rendered":"<p>Condenados como coautores del Homicidio Simple en perjuicio de Manuel Baso Fuenzalida, resolvi\u00f3 la sentencia dictada por el Tribunal Oral en Lo Penal de San Felipe en contra de Manuel Gallardo Araya,&#8230;<\/p>\n","protected":false},"author":482,"featured_media":53293,"comment_status":"open","ping_status":"closed","sticky":false,"template":"","format":"standard","meta":{"advanced_seo_description":"","jetpack_seo_html_title":"","jetpack_seo_noindex":false,"_jetpack_memberships_contains_paid_content":false,"footnotes":""},"categories":[21],"tags":[],"class_list":["post-53292","post","type-post","status-publish","format-standard","has-post-thumbnail","hentry","category-policial"],"jetpack_featured_media_url":"https:\/\/i0.wp.com\/eltrabajo.cl\/portal\/wp-content\/uploads\/2014\/11\/Condenados.jpg?fit=529%2C381&ssl=1","jetpack_sharing_enabled":true,"jetpack_likes_enabled":true,"jetpack-related-posts":[],"_links":{"self":[{"href":"https:\/\/eltrabajo.cl\/portal\/wp-json\/wp\/v2\/posts\/53292","targetHints":{"allow":["GET"]}}],"collection":[{"href":"https:\/\/eltrabajo.cl\/portal\/wp-json\/wp\/v2\/posts"}],"about":[{"href":"https:\/\/eltrabajo.cl\/portal\/wp-json\/wp\/v2\/types\/post"}],"author":[{"embeddable":true,"href":"https:\/\/eltrabajo.cl\/portal\/wp-json\/wp\/v2\/users\/482"}],"replies":[{"embeddable":true,"href":"https:\/\/eltrabajo.cl\/portal\/wp-json\/wp\/v2\/comments?post=53292"}],"version-history":[{"count":0,"href":"https:\/\/eltrabajo.cl\/portal\/wp-json\/wp\/v2\/posts\/53292\/revisions"}],"wp:featuredmedia":[{"embeddable":true,"href":"https:\/\/eltrabajo.cl\/portal\/wp-json\/wp\/v2\/media\/53293"}],"wp:attachment":[{"href":"https:\/\/eltrabajo.cl\/portal\/wp-json\/wp\/v2\/media?parent=53292"}],"wp:term":[{"taxonomy":"category","embeddable":true,"href":"https:\/\/eltrabajo.cl\/portal\/wp-json\/wp\/v2\/categories?post=53292"},{"taxonomy":"post_tag","embeddable":true,"href":"https:\/\/eltrabajo.cl\/portal\/wp-json\/wp\/v2\/tags?post=53292"}],"curies":[{"name":"wp","href":"https:\/\/api.w.org\/{rel}","templated":true}]}}