{"id":53305,"date":"2014-11-14T09:31:59","date_gmt":"2014-11-14T12:31:59","guid":{"rendered":"http:\/\/www.eltrabajo.cl\/portal\/?p=53305"},"modified":"2014-11-14T09:31:59","modified_gmt":"2014-11-14T12:31:59","slug":"estudiantes-deponen-toma-del-liceo-manuel-marin-fritis","status":"publish","type":"post","link":"https:\/\/eltrabajo.cl\/portal\/estudiantes-deponen-toma-del-liceo-manuel-marin-fritis\/","title":{"rendered":"Estudiantes deponen toma del Liceo Manuel Mar\u00edn Fritis"},"content":{"rendered":"<figure id=\"attachment_53306\" aria-describedby=\"caption-attachment-53306\" style=\"width: 529px\" class=\"wp-caption alignnone\"><a href=\"https:\/\/i0.wp.com\/www.eltrabajo.cl\/portal\/wp-content\/uploads\/2014\/11\/Liceo1.jpg\"><img data-recalc-dims=\"1\" loading=\"lazy\" decoding=\"async\" class=\"size-full wp-image-53306\" src=\"https:\/\/i0.wp.com\/www.eltrabajo.cl\/portal\/wp-content\/uploads\/2014\/11\/Liceo1.jpg?resize=529%2C318\" alt=\"As\u00ed luce actualmente la entrada principal del Liceo Manuel Mar\u00edn Fritis.\" width=\"529\" height=\"318\" srcset=\"https:\/\/i0.wp.com\/eltrabajo.cl\/portal\/wp-content\/uploads\/2014\/11\/Liceo1.jpg?w=529&amp;ssl=1 529w, https:\/\/i0.wp.com\/eltrabajo.cl\/portal\/wp-content\/uploads\/2014\/11\/Liceo1.jpg?resize=200%2C120&amp;ssl=1 200w, https:\/\/i0.wp.com\/eltrabajo.cl\/portal\/wp-content\/uploads\/2014\/11\/Liceo1.jpg?resize=300%2C180&amp;ssl=1 300w, https:\/\/i0.wp.com\/eltrabajo.cl\/portal\/wp-content\/uploads\/2014\/11\/Liceo1.jpg?resize=150%2C90&amp;ssl=1 150w, https:\/\/i0.wp.com\/eltrabajo.cl\/portal\/wp-content\/uploads\/2014\/11\/Liceo1.jpg?resize=400%2C240&amp;ssl=1 400w\" sizes=\"auto, (max-width: 529px) 100vw, 529px\" \/><\/a><figcaption id=\"caption-attachment-53306\" class=\"wp-caption-text\">As\u00ed luce actualmente la entrada principal del Liceo Manuel Mar\u00edn Fritis.<\/figcaption><\/figure>\n<p><strong>PUTAENDO<\/strong>.- Luego de una reuni\u00f3n sostenida la ma\u00f1ana de este jueves con el Director del Daem, Patricio Moreno, el Director del Liceo Manuel Mar\u00edn Fritis, Orlando Rodr\u00edguez y la Directora (S) Cecilia Tapia, los estudiantes del Liceo Manuel Mar\u00edn Fritis depusieron la toma del establecimiento y entregaron el recinto en \u00f3ptimas condiciones.<br \/>\nAs\u00ed lo indic\u00f3 Cecilia Tapia Castro, quien sostuvo que a eso de las 08:30 horas se reunieron con estudiantes y apoderados del liceo, quienes les esperaban para realizar la entrega del establecimiento, por lo que destac\u00f3 el hecho que los alumnos realizaron una toma pac\u00edfica y no se registraron des\u00f3rdenes o desmanes, lo que a su juicio habla muy bien del nivel de organizaci\u00f3n que tuvieron los estudiantes para realizar esta toma.<br \/>\nEn lo relacionado a la reuni\u00f3n sostenida, la docente indic\u00f3 que se lleg\u00f3 a un buen entendimiento y se solucionaron las demandas planteadas principalmente por los estudiantes de 4\u00ba medio, quienes desde ma\u00f1ana deber\u00e1n concurrir al liceo a rendir sus ex\u00e1menes. Tapia Castro se\u00f1al\u00f3 adem\u00e1s que la licenciatura de los 4\u00ba medios del Liceo Manuel Mar\u00edn Fritis se realizar\u00e1 el pr\u00f3ximo 27 de noviembre y dio garant\u00edas que el paro de profesores no ser\u00e1 un impedimento para que los estudiantes puedan terminar su a\u00f1o escolar.<br \/>\nJunto con ello, la Directora (S) del Liceo Manuel Mar\u00edn Fritis, dej\u00f3 en claro que los estudiantes no est\u00e1n en contra del paro de profesores y que el \u00fanico motivo por el cual se realiz\u00f3 la toma del recinto fue por la inquietud de los alumnos por la finalizaci\u00f3n de su a\u00f1o escolar. Cecilia Tapia indic\u00f3 tambi\u00e9n que a\u00fan no se tiene claridad sobre la fecha en la cual el resto del Liceo Manuel Mar\u00edn Fritis retomar\u00e1 sus clases con normalidad, mientras que el paro de los profesores a\u00fan mantiene car\u00e1cter de indefinido.<br \/>\nPatricio Gallardo M.<\/p>\n","protected":false},"excerpt":{"rendered":"<p>PUTAENDO.- Luego de una reuni\u00f3n sostenida la ma\u00f1ana de este jueves con el Director del Daem, Patricio Moreno, el Director del Liceo Manuel Mar\u00edn Fritis, Orlando Rodr\u00edguez y la Directora (S) Cecilia&#8230;<\/p>\n","protected":false},"author":482,"featured_media":53306,"comment_status":"open","ping_status":"closed","sticky":false,"template":"","format":"standard","meta":{"advanced_seo_description":"","jetpack_seo_html_title":"","jetpack_seo_noindex":false,"_jetpack_memberships_contains_paid_content":false,"footnotes":""},"categories":[15],"tags":[],"class_list":["post-53305","post","type-post","status-publish","format-standard","has-post-thumbnail","hentry","category-comunidad"],"jetpack_featured_media_url":"https:\/\/i0.wp.com\/eltrabajo.cl\/portal\/wp-content\/uploads\/2014\/11\/Liceo1.jpg?fit=529%2C318&ssl=1","jetpack_sharing_enabled":true,"jetpack_likes_enabled":true,"jetpack-related-posts":[],"_links":{"self":[{"href":"https:\/\/eltrabajo.cl\/portal\/wp-json\/wp\/v2\/posts\/53305","targetHints":{"allow":["GET"]}}],"collection":[{"href":"https:\/\/eltrabajo.cl\/portal\/wp-json\/wp\/v2\/posts"}],"about":[{"href":"https:\/\/eltrabajo.cl\/portal\/wp-json\/wp\/v2\/types\/post"}],"author":[{"embeddable":true,"href":"https:\/\/eltrabajo.cl\/portal\/wp-json\/wp\/v2\/users\/482"}],"replies":[{"embeddable":true,"href":"https:\/\/eltrabajo.cl\/portal\/wp-json\/wp\/v2\/comments?post=53305"}],"version-history":[{"count":0,"href":"https:\/\/eltrabajo.cl\/portal\/wp-json\/wp\/v2\/posts\/53305\/revisions"}],"wp:featuredmedia":[{"embeddable":true,"href":"https:\/\/eltrabajo.cl\/portal\/wp-json\/wp\/v2\/media\/53306"}],"wp:attachment":[{"href":"https:\/\/eltrabajo.cl\/portal\/wp-json\/wp\/v2\/media?parent=53305"}],"wp:term":[{"taxonomy":"category","embeddable":true,"href":"https:\/\/eltrabajo.cl\/portal\/wp-json\/wp\/v2\/categories?post=53305"},{"taxonomy":"post_tag","embeddable":true,"href":"https:\/\/eltrabajo.cl\/portal\/wp-json\/wp\/v2\/tags?post=53305"}],"curies":[{"name":"wp","href":"https:\/\/api.w.org\/{rel}","templated":true}]}}