{"id":53308,"date":"2014-11-14T09:33:15","date_gmt":"2014-11-14T12:33:15","guid":{"rendered":"http:\/\/www.eltrabajo.cl\/portal\/?p=53308"},"modified":"2014-11-14T09:33:15","modified_gmt":"2014-11-14T12:33:15","slug":"mas-de-300-alumnos-participaron-en-taller-de-tecnicas-de-relajacion","status":"publish","type":"post","link":"https:\/\/eltrabajo.cl\/portal\/mas-de-300-alumnos-participaron-en-taller-de-tecnicas-de-relajacion\/","title":{"rendered":"M\u00e1s de 300 alumnos participaron en taller de t\u00e9cnicas de relajaci\u00f3n"},"content":{"rendered":"<figure id=\"attachment_53309\" aria-describedby=\"caption-attachment-53309\" style=\"width: 528px\" class=\"wp-caption alignnone\"><a href=\"https:\/\/i0.wp.com\/www.eltrabajo.cl\/portal\/wp-content\/uploads\/2014\/11\/Taller1.jpg\"><img data-recalc-dims=\"1\" loading=\"lazy\" decoding=\"async\" class=\"size-full wp-image-53309\" src=\"https:\/\/i0.wp.com\/www.eltrabajo.cl\/portal\/wp-content\/uploads\/2014\/11\/Taller1.jpg?resize=528%2C302\" alt=\"Un total de diez establecimientos educacionales del Valle de Aconcagua, participaron en el taller de t\u00e9cnicas de relajaci\u00f3n para alumnos de cuarto a\u00f1o de Ense\u00f1anza Media.\" width=\"528\" height=\"302\" srcset=\"https:\/\/i0.wp.com\/eltrabajo.cl\/portal\/wp-content\/uploads\/2014\/11\/Taller1.jpg?w=528&amp;ssl=1 528w, https:\/\/i0.wp.com\/eltrabajo.cl\/portal\/wp-content\/uploads\/2014\/11\/Taller1.jpg?resize=200%2C114&amp;ssl=1 200w, https:\/\/i0.wp.com\/eltrabajo.cl\/portal\/wp-content\/uploads\/2014\/11\/Taller1.jpg?resize=300%2C171&amp;ssl=1 300w, https:\/\/i0.wp.com\/eltrabajo.cl\/portal\/wp-content\/uploads\/2014\/11\/Taller1.jpg?resize=150%2C85&amp;ssl=1 150w, https:\/\/i0.wp.com\/eltrabajo.cl\/portal\/wp-content\/uploads\/2014\/11\/Taller1.jpg?resize=400%2C228&amp;ssl=1 400w\" sizes=\"auto, (max-width: 528px) 100vw, 528px\" \/><\/a><figcaption id=\"caption-attachment-53309\" class=\"wp-caption-text\">Un total de diez establecimientos educacionales del Valle de Aconcagua, participaron en el taller de t\u00e9cnicas de relajaci\u00f3n para alumnos de cuarto a\u00f1o de Ense\u00f1anza Media.<\/figcaption><\/figure>\n<p>Un total de diez establecimientos educacionales del Valle de Aconcagua, participaron en el taller de t\u00e9cnicas de relajaci\u00f3n para alumnos de cuarto a\u00f1o de Ense\u00f1anza Media, actividad que desarroll\u00f3 la carrera de Enfermer\u00eda del Campus San Felipe de la Universidad de Valpara\u00edso.<br \/>\nEste taller, que se extendi\u00f3 durante los meses de octubre y noviembre, fue realizado por estudiantes de cuarto a\u00f1o de la carrera, siendo supervisados por la docente de la c\u00e1tedra de salud mental, Leslie Luza, contando con el apoyo de la unidad de Extensi\u00f3n y Comunicaciones del Campus San Felipe.<br \/>\nDe esta forma, este a\u00f1o participaron de la actividad los colegios Alem\u00e1n, Jos\u00e9 Agust\u00edn G\u00f3mez, Cervantino de Putaendo, Pir\u00e1mide y Santa Juana de Arco; adem\u00e1s de los liceos Polit\u00e9cnico de Llay Llay, Corina Urbina de San Felipe, Mixto y Comercial de Los Andes.<br \/>\nEsto signific\u00f3 que m\u00e1s de 300 alumnos de Ense\u00f1anza Media de la zona recibieran herramientas b\u00e1sicas para enfrentar el estr\u00e9s que, muchas veces, genera rendir la Prueba de Selecci\u00f3n Universitaria (PSU). La docente Leslie Luza explic\u00f3 que se entregaron t\u00e9cnicas de relajaci\u00f3n b\u00e1sicas para enfrentar la rendici\u00f3n de dicha prueba, \u201ccon lo que facilitamos la armon\u00eda y el bienestar que mantiene una persona cuando est\u00e1 tranquila, mejorando su desempe\u00f1o y rendimiento al momento de contestar las preguntas\u201d.<\/p>\n","protected":false},"excerpt":{"rendered":"<p>Un total de diez establecimientos educacionales del Valle de Aconcagua, participaron en el taller de t\u00e9cnicas de relajaci\u00f3n para alumnos de cuarto a\u00f1o de Ense\u00f1anza Media, actividad que desarroll\u00f3 la carrera de&#8230;<\/p>\n","protected":false},"author":482,"featured_media":53309,"comment_status":"open","ping_status":"closed","sticky":false,"template":"","format":"standard","meta":{"advanced_seo_description":"","jetpack_seo_html_title":"","jetpack_seo_noindex":false,"_jetpack_memberships_contains_paid_content":false,"footnotes":""},"categories":[15],"tags":[],"class_list":["post-53308","post","type-post","status-publish","format-standard","has-post-thumbnail","hentry","category-comunidad"],"jetpack_featured_media_url":"https:\/\/i0.wp.com\/eltrabajo.cl\/portal\/wp-content\/uploads\/2014\/11\/Taller1.jpg?fit=528%2C302&ssl=1","jetpack_sharing_enabled":true,"jetpack_likes_enabled":true,"jetpack-related-posts":[],"_links":{"self":[{"href":"https:\/\/eltrabajo.cl\/portal\/wp-json\/wp\/v2\/posts\/53308","targetHints":{"allow":["GET"]}}],"collection":[{"href":"https:\/\/eltrabajo.cl\/portal\/wp-json\/wp\/v2\/posts"}],"about":[{"href":"https:\/\/eltrabajo.cl\/portal\/wp-json\/wp\/v2\/types\/post"}],"author":[{"embeddable":true,"href":"https:\/\/eltrabajo.cl\/portal\/wp-json\/wp\/v2\/users\/482"}],"replies":[{"embeddable":true,"href":"https:\/\/eltrabajo.cl\/portal\/wp-json\/wp\/v2\/comments?post=53308"}],"version-history":[{"count":0,"href":"https:\/\/eltrabajo.cl\/portal\/wp-json\/wp\/v2\/posts\/53308\/revisions"}],"wp:featuredmedia":[{"embeddable":true,"href":"https:\/\/eltrabajo.cl\/portal\/wp-json\/wp\/v2\/media\/53309"}],"wp:attachment":[{"href":"https:\/\/eltrabajo.cl\/portal\/wp-json\/wp\/v2\/media?parent=53308"}],"wp:term":[{"taxonomy":"category","embeddable":true,"href":"https:\/\/eltrabajo.cl\/portal\/wp-json\/wp\/v2\/categories?post=53308"},{"taxonomy":"post_tag","embeddable":true,"href":"https:\/\/eltrabajo.cl\/portal\/wp-json\/wp\/v2\/tags?post=53308"}],"curies":[{"name":"wp","href":"https:\/\/api.w.org\/{rel}","templated":true}]}}